{"id":660732,"date":"2026-09-02T03:09:19","date_gmt":"2026-09-02T03:09:19","guid":{"rendered":"https:\/\/www.europesays.com\/it\/660732\/"},"modified":"2026-09-02T03:09:19","modified_gmt":"2026-09-02T03:09:19","slug":"e-sempre-mezzogiorno-la-volta-buona-e-vita-in-diretta-quando-tornano-e-tutte-le-novita","status":"publish","type":"post","link":"https:\/\/www.europesays.com\/it\/660732\/","title":{"rendered":"\u2018\u00c8 sempre mezzogiorno\u2019, \u2018La volta buona\u2019 e \u2018Vita in diretta\u2019: quando tornano e tutte le novit\u00e0"},"content":{"rendered":"<p>Roma, 1 settembre 2026 \u2013 Le luci degli studi tornano ad accendersi e Raiuno\u00a0riprende il suo racconto quotidiano. Dopo la pausa estiva, la rete riaccende uno dopo l&#8217;altro alcuni degli appuntamenti che accompagnano il pubblico durante la giornata. A partire <strong>da luned\u00ec 7 settembre tornano infatti \u00c8 sempre mezzogiorno!, La volta buona e la Vita in Diretta.<\/strong> <strong>Antonella Clerici, Caterina Balivo e Alberto Matano<\/strong> riprendono cos\u00ec il loro posto nel palinsesto con tre programmi molto diversi, ma accomunati da una formula ormai riconoscibile. Non ci saranno rivoluzioni radicali, ma il nuovo ciclo ripartir\u00e0 nel segno degli ingredienti che negli ultimi anni hanno costruito il successo delle tre trasmissioni.<\/p>\n<p> <img alt=\"Antonella Clerici, Alberto Matano e Caterina Balivo\" loading=\"lazy\" width=\"1600\" height=\"564\" decoding=\"async\" data-nimg=\"1\" style=\"color:transparent;max-width:100%;height:auto\"   src=\"https:\/\/www.europesays.com\/it\/wp-content\/uploads\/2026\/09\/antonella-clerici-alberto-matano-e-caterina-balivo.webp\"\/><\/p>\n<p>Antonella Clerici, Alberto Matano e Caterina Balivo<\/p>\n<p>La pausa pranzo torna nel segno di Antonella Clerici <\/p>\n<p>Il primo appuntamento della giornata sar\u00e0 quello con <strong>Antonella Clerici<\/strong>. <strong>\u00c8 sempre mezzogiorno! <\/strong>torner\u00e0 luned\u00ec 7 settembre alle 11.55, proprio nella fascia che precede il pranzo. La cucina rimarr\u00e0 naturalmente il cuore del programma, ma attorno alle ricette continuer\u00e0 a svilupparsi un racconto molto pi\u00f9 ampio. Non soltanto piatti da preparare e ingredienti da scoprire, quindi, ma anche tradizioni, curiosit\u00e0, giochi e conversazioni. Uno degli elementi caratteristici della trasmissione rester\u00e0 il legame con il territorio. Le ricette diventano infatti un modo per raccontare l&#8217;Italia attraverso i suoi prodotti, le specialit\u00e0 regionali e le abitudini che cambiano da una zona all&#8217;altra del Paese. In studio, inoltre, troveranno spazio anche ospiti e protagonisti del mondo della cucina, insieme a momenti pi\u00f9 leggeri e ai giochi che coinvolgono direttamente chi segue la trasmissione da casa. Ed \u00e8 proprio il pubblico uno degli ingredienti destinati a rimanere centrali. Il rapporto con i telespettatori continuer\u00e0 a essere diretto e partecipato, contribuendo a mantenere quel clima da grande cucina di casa che rappresenta una delle caratteristiche pi\u00f9 riconoscibili di \u00c8 sempre mezzogiorno!. L&#8217;obiettivo non sar\u00e0 quindi soltanto insegnare una ricetta, ma trasformare l&#8217;appuntamento di mezzogiorno in un momento di compagnia.<\/p>\n<p>Alle 14 si riaccende il salotto di Caterina Balivo <\/p>\n<p>Dopo la pausa dedicata al pranzo, Rai 1 cambier\u00e0 registro con la nuova edizione de<strong> La volta buona<\/strong> che, per il quarto anno, porter\u00e0 <strong>Caterina Balivo <\/strong>nelle case degli italiani. Anche in questo caso la nuova edizione ripartir\u00e0 dalla formula che ha caratterizzato le puntate precedenti, costruita attorno alle interviste e al racconto delle persone. Il salotto della Balivo, nel corso delle puntate, ospiter\u00e0 i volti noti non solo del piccolo schermo ma anche dell\u2019arte e della cultura. Ma non saranno soltanto i personaggi famosi a trovare spazio nel programma. Una parte importante della trasmissione continuer\u00e0 infatti a essere dedicata alle storie personali, alle esperienze di vita quotidiana e ai rapporti familiari e sentimentali. Il programma prover\u00e0 cos\u00ec a passare con naturalezza dal racconto di un personaggio noto a quello di una persona comune. Una conversazione potr\u00e0 partire da un nuovo film, da un album o da uno spettacolo teatrale e spostarsi poi verso aspetti pi\u00f9 privati della vita dell&#8217;ospite. Allo stesso modo, un racconto apparentemente quotidiano potr\u00e0 diventare il punto di partenza per parlare di temi pi\u00f9 ampi. Tra gli ingredienti confermati ci sar\u00e0 anche<strong> il viaggio nella memoria dello spettacolo italiano<\/strong>. Il passato non sar\u00e0 per\u00f2 soltanto un esercizio nostalgico. Sar\u00e0 spesso un&#8217;occasione per riaprire vecchie storie, confrontarle con il presente e scoprire aspetti meno conosciuti dei protagonisti.<\/p>\n<p>Alle 17 torna La Vita in Diretta <\/p>\n<p>Alle 17 si aprir\u00e0 la finestra sull&#8217;attualit\u00e0 con<strong> Alberto Matano e La Vita in Diretta. <\/strong>Archiviata la versione estiva, la trasmissione riprender\u00e0 luned\u00ec 7 settembre il suo consueto racconto della cronaca e dell&#8217;attualit\u00e0. Qui il ritmo sar\u00e0 inevitabilmente diverso rispetto ai programmi che lo precedono. L&#8217;attualit\u00e0 rester\u00e0 il filo conduttore, attraverso un racconto che intreccia cronaca, avvenimenti e storie dal territorio. L&#8217;obiettivo sar\u00e0 seguire gli eventi in tempo reale, ma anche offrire al pubblico un quadro pi\u00f9 ampio attraverso approfondimenti e analisi in studio. La cronaca continuer\u00e0 a essere accompagnata da storie personali, vicende che hanno suscitato interesse nell&#8217;opinione pubblica e argomenti legati al costume e alla societ\u00e0. Il programma manterr\u00e0 quindi il suo equilibrio tra informazione e racconto, cercando di andare oltre la semplice notizia.<\/p>\n<p>Il finale resta affidato agli ospiti <\/p>\n<p>Anche nella nuova stagione non dovrebbe mancare uno degli appuntamenti ormai tradizionali della trasmissione: il momento finale con <strong>gli ospiti riuniti al tavolo.<\/strong> Dopo una puntata spesso dominata dalla cronaca, questo spazio consente di cambiare passo e lasciare maggiore spazio alle conversazioni, ai commenti e agli interventi dei protagonisti in studio. \u00c8 anche il momento in cui la Vita in Diretta pu\u00f2 avvicinarsi maggiormente al linguaggio dell&#8217;intrattenimento, chiudendo la giornata televisiva con un&#8217;atmosfera pi\u00f9 rilassata.<\/p>\n<p>Tre ritorni nello stesso giorno <\/p>\n<p>Il 7 settembre sar\u00e0 quindi una giornata particolarmente intensa per Rai 1. La giornata di Rai 1 si aprir\u00e0 <strong>alle 11.55 con <a rel=\"follow nofollow noopener\" href=\"https:\/\/www.quotidiano.net\/magazine\/spettacoli\/antonella-clerici-morto-dimitri-tollini-quanta-vita-insieme-a-te-q1x9kvqy\" target=\"_blank\">Antonella Clerici,<\/a> proseguir\u00e0 alle 14 con Caterina Balivo e arriver\u00e0 alle 17 all&#8217;appuntamento con Alberto Matano.<\/strong> Tre appuntamenti che non cambiano radicalmente pelle, ma che ripartono puntando sui rispettivi punti di forza.<\/p>\n","protected":false},"excerpt":{"rendered":"Roma, 1 settembre 2026 \u2013 Le luci degli studi tornano ad accendersi e Raiuno\u00a0riprende il suo racconto quotidiano.&hellip;\n","protected":false},"author":3,"featured_media":660733,"comment_status":"","ping_status":"","sticky":false,"template":"","format":"standard","meta":{"footnotes":"","_share_on_mastodon":"0"},"categories":[1444],"tags":[6090,5631,203,204,1537,90,89,4808,65065,7462,50249,253,70294],"class_list":["post-660732","post","type-post","status-publish","format-standard","has-post-thumbnail","category-tv","tag-buona","tag-diretta","tag-entertainment","tag-intrattenimento","tag-it","tag-italia","tag-italy","tag-la","tag-mezzogiorno","tag-novita","tag-tornano","tag-tv","tag-vita"],"share_on_mastodon":{"url":"https:\/\/pubeurope.com\/@it\/117199252822965156","error":""},"_links":{"self":[{"href":"https:\/\/www.europesays.com\/it\/wp-json\/wp\/v2\/posts\/660732","targetHints":{"allow":["GET"]}}],"collection":[{"href":"https:\/\/www.europesays.com\/it\/wp-json\/wp\/v2\/posts"}],"about":[{"href":"https:\/\/www.europesays.com\/it\/wp-json\/wp\/v2\/types\/post"}],"author":[{"embeddable":true,"href":"https:\/\/www.europesays.com\/it\/wp-json\/wp\/v2\/users\/3"}],"replies":[{"embeddable":true,"href":"https:\/\/www.europesays.com\/it\/wp-json\/wp\/v2\/comments?post=660732"}],"version-history":[{"count":0,"href":"https:\/\/www.europesays.com\/it\/wp-json\/wp\/v2\/posts\/660732\/revisions"}],"wp:featuredmedia":[{"embeddable":true,"href":"https:\/\/www.europesays.com\/it\/wp-json\/wp\/v2\/media\/660733"}],"wp:attachment":[{"href":"https:\/\/www.europesays.com\/it\/wp-json\/wp\/v2\/media?parent=660732"}],"wp:term":[{"taxonomy":"category","embeddable":true,"href":"https:\/\/www.europesays.com\/it\/wp-json\/wp\/v2\/categories?post=660732"},{"taxonomy":"post_tag","embeddable":true,"href":"https:\/\/www.europesays.com\/it\/wp-json\/wp\/v2\/tags?post=660732"}],"curies":[{"name":"wp","href":"https:\/\/api.w.org\/{rel}","templated":true}]}}