{"id":660746,"date":"2026-09-02T03:16:18","date_gmt":"2026-09-02T03:16:18","guid":{"rendered":"https:\/\/www.europesays.com\/it\/660746\/"},"modified":"2026-09-02T03:16:18","modified_gmt":"2026-09-02T03:16:18","slug":"leuropa-che-pochi-conoscono-3-mete-da-scoprire-con-la-promo-wizz-air","status":"publish","type":"post","link":"https:\/\/www.europesays.com\/it\/660746\/","title":{"rendered":"L&#8217;Europa che pochi conoscono: 3 mete da scoprire con la promo Wizz Air"},"content":{"rendered":"<p><strong>Wizz Air<\/strong> apre settembre con una nuova offerta lampo: sconti <strong>fino al 20%<\/strong> sui voli acquistabili solo <strong>il 1\u00b0 e il 2 settembre<\/strong>, validi per viaggiare <strong>tra il 14 settembre 2026 e il 17 marzo 2027<\/strong> (con l\u2019unica eccezione delle festivit\u00e0 natalizie, dal 18 dicembre al 4 gennaio).<\/p>\n<p>L\u2019occasione perfetta per chi vuole gi\u00e0 mettere in agenda una <strong>fuga d\u2019autunno<\/strong> o un <strong>weekend invernale<\/strong>, mentre la compagnia continua ad ampliare la propria rete: da met\u00e0 dicembre, Wizz Air aggiunger\u00e0 <strong>Torino-Suceava<\/strong> alla sua offerta, un ulteriore investimento sullo scalo piemontese legato all\u2019apertura della nuova base da settembre.<\/p>\n<p>Tra le tante rotte scontate, ecco tre mete fuori dalle solite rotte da prendere in considerazione per il vostro prossimo viaggio.<\/p>\n<p>\t\t<strong class=\"gated_banner_title\">Vuoi continuare a leggere?<\/strong><\/p>\n<p class=\"gated_banner_subtitle\">Iscriviti e avrai accesso completo a tutti i nostri contenuti.<\/p>\n<p>\n\t\t\tIscriviti\n        <\/p>\n<p>\n\t\t\t\tHai gi\u00e0 un profilo su SiViaggia?<br \/>\n\t\t\t\t\t\t\t\tAccedi<\/p>\n<p>\t\tDa Bari a Skopje<\/p>\n<p>Da ottobre partono i voli da Bari alla capitale della <a href=\"https:\/\/siviaggia.it\/destinazioni\/europa\/macedonia-del-nord\/\" rel=\"nofollow noopener\" target=\"_blank\">Macedonia del Nord<\/a> con biglietti a partire <strong>da 27,58 euro<\/strong>. <a href=\"https:\/\/siviaggia.it\/destinazioni\/europa\/macedonia-del-nord\/skopje\/\" rel=\"nofollow noopener\" target=\"_blank\">Skopje<\/a> \u00e8 sicuramente una citt\u00e0 che sorprende chi non la conosce. Il centro storico ottomano, con il Ponte di Pietra e uno dei bazar pi\u00f9 grandi dei Balcani, convive con piazze monumentali dai palazzi neoclassici, statue imponenti e ponti scenografici costruiti negli ultimi anni in occasione di un progetto pensato per valorizzare esteticamente la citt\u00e0.<\/p>\n<p>Da vedere anche la <strong>Fortezza di Kale<\/strong>, che domina la citt\u00e0 dall&#8217;alto, e il <strong>Museo di Madre Teresa<\/strong>, nata proprio qui. Per chi ama la natura, il <a href=\"https:\/\/siviaggia.it\/vacanze-natura\/canyon-matka-macedonia\/232689\/\" rel=\"nofollow noopener\" target=\"_blank\">Canyon di Matka<\/a> \u00e8 a mezz&#8217;ora d&#8217;auto: pareti rocciose, un lago verde smeraldo e sentieri per tutti i livelli. Costo della vita basso, poca folla e voli diretti da poco pi\u00f9 di un&#8217;ora rendono Skopje una meta perfetta per un weekend fuori dai soliti circuiti.<\/p>\n<p>Da Bologna a Timisora<\/p>\n<p>Da Bologna, invece, \u00e8 possibile raggiungere <strong>Timisoara<\/strong> con tariffe a partire <strong>da 52 euro<\/strong>, per scoprire una delle citt\u00e0 pi\u00f9 eleganti e meno conosciute della <a href=\"https:\/\/siviaggia.it\/destinazioni\/europa\/romania\/\" rel=\"nofollow noopener\" target=\"_blank\">Romania<\/a>.<\/p>\n<p>Capitale europea della cultura nel 2023, Timisoara ha un centro storico che ricorda Vienna e Praga: piazze barocche, palazzi color pastello e chiese di diverse confessioni che convivono a pochi passi l&#8217;una dall&#8217;altra. <strong>Piata Unirii<\/strong>, cuore della citt\u00e0, \u00e8 circondata da edifici asburgici e caff\u00e8 storici dove fermarsi per una pausa. Da non perdere anche il <strong>Parco Rozelor<\/strong> con le sue rose e i canali che attraversano il centro.<\/p>\n<p>Timisoara \u00e8 anche un ottimo punto di partenza per esplorare il <strong>Banato<\/strong>, la regione circostante, tra castelli e borghi ancora poco turistici.<\/p>\n<p>Da Milano a Santander<\/p>\n<p>Tra le ultime novit\u00e0 lanciate da Wizz Air c&#8217;\u00e8 anche la tratta che collega Milano a Santander con <strong>voli a partire da 36 euro<\/strong>. Questa \u00e8 senza dubbio una delle destinazioni pi\u00f9 interessanti aggiunte di recente al network della compagnia. Capoluogo della Cantabria, sulla costa <a href=\"https:\/\/siviaggia.it\/idee-di-viaggio\/tour-spagna-del-nord-dove-andare-cosa-vedere\/237060\/\" rel=\"nofollow noopener\" target=\"_blank\">nord della Spagna,<\/a> Santander \u00e8 una citt\u00e0 elegante affacciata su una baia spettacolare, con lunghe spiagge urbane come <strong>El Sardinero<\/strong> e un centro raccolto perfetto da girare a piedi.<\/p>\n<p>Da vedere il <strong>Palacio de la Magdalena<\/strong>, ex residenza reale che si affaccia sul mare, e il <strong>Centro Bot\u00edn<\/strong>, museo d&#8217;arte contemporanea firmato Renzo Piano. La Cantabria \u00e8 anche la porta d&#8217;accesso ai <strong>Picos de Europa<\/strong>, tra le catene montuose pi\u00f9 suggestive della Spagna settentrionale, e a borghi costieri come <strong>Santillana del Mar<\/strong> e <strong>Comillas<\/strong>. Una meta ancora poco battuta dal turismo, perfetta da scoprire subito.<\/p>\n","protected":false},"excerpt":{"rendered":"Wizz Air apre settembre con una nuova offerta lampo: sconti fino al 20% sui voli acquistabili solo il&hellip;\n","protected":false},"author":3,"featured_media":660747,"comment_status":"","ping_status":"","sticky":false,"template":"","format":"standard","meta":{"footnotes":"","_share_on_mastodon":"0"},"categories":[172],"tags":[178,177,183,328999,1537,90,89,146599,15,5859,106],"class_list":["post-660746","post","type-post","status-publish","format-standard","has-post-thumbnail","category-affari","tag-affari","tag-business","tag-compagnie-aeree","tag-cosa-fare-a-settembre","tag-it","tag-italia","tag-italy","tag-le-migliori-offerte-di-viaggio","tag-notizie","tag-viaggi-relax","tag-weekend"],"share_on_mastodon":{"url":"https:\/\/pubeurope.com\/@it\/117199279656185399","error":""},"_links":{"self":[{"href":"https:\/\/www.europesays.com\/it\/wp-json\/wp\/v2\/posts\/660746","targetHints":{"allow":["GET"]}}],"collection":[{"href":"https:\/\/www.europesays.com\/it\/wp-json\/wp\/v2\/posts"}],"about":[{"href":"https:\/\/www.europesays.com\/it\/wp-json\/wp\/v2\/types\/post"}],"author":[{"embeddable":true,"href":"https:\/\/www.europesays.com\/it\/wp-json\/wp\/v2\/users\/3"}],"replies":[{"embeddable":true,"href":"https:\/\/www.europesays.com\/it\/wp-json\/wp\/v2\/comments?post=660746"}],"version-history":[{"count":0,"href":"https:\/\/www.europesays.com\/it\/wp-json\/wp\/v2\/posts\/660746\/revisions"}],"wp:featuredmedia":[{"embeddable":true,"href":"https:\/\/www.europesays.com\/it\/wp-json\/wp\/v2\/media\/660747"}],"wp:attachment":[{"href":"https:\/\/www.europesays.com\/it\/wp-json\/wp\/v2\/media?parent=660746"}],"wp:term":[{"taxonomy":"category","embeddable":true,"href":"https:\/\/www.europesays.com\/it\/wp-json\/wp\/v2\/categories?post=660746"},{"taxonomy":"post_tag","embeddable":true,"href":"https:\/\/www.europesays.com\/it\/wp-json\/wp\/v2\/tags?post=660746"}],"curies":[{"name":"wp","href":"https:\/\/api.w.org\/{rel}","templated":true}]}}