{"id":660750,"date":"2026-09-02T03:18:13","date_gmt":"2026-09-02T03:18:13","guid":{"rendered":"https:\/\/www.europesays.com\/it\/660750\/"},"modified":"2026-09-02T03:18:13","modified_gmt":"2026-09-02T03:18:13","slug":"tragedia-durante-la-gita-al-fiume-35enne-muore-annegato-davanti-alla-fidanzata","status":"publish","type":"post","link":"https:\/\/www.europesays.com\/it\/660750\/","title":{"rendered":"Tragedia durante la gita al fiume: 35enne muore annegato davanti alla fidanzata"},"content":{"rendered":"<p>Quella che doveva essere una giornata di relax al fiume insieme alla fidanzata si \u00e8 trasformata in una tragedia. Un 35enne riminese ha perso la vita, annegando, nel primo pomeriggio di marted\u00ec alla cascata della Brusia, nel territorio comunale di Portico e San Benedetto. Non \u00e8 ancora chiaro se il dramma sia riconducibile ad un malore o ad un incidente. L&#8217;allarme \u00e8 scattato intorno alle 14,45.<\/p>\n<p>Sul posto i Vigili del fuoco hanno operato con una squadra del distaccamento di Rocca San Casciano, una del Nucleo soccorso acquatico e fluviale di Forl\u00ec ed i sommozzatori, trasportati sul posto con un elicottero del 115 decollato da Bologna. A loro il triste compito di recuperare il corpo senza vita.\u00a0<\/p>\n<p>A rendere complicato l\u2019individuazione del 35enne le condizioni dell\u2019acqua, particolarmente torbida a causa delle ultime precipitazioni. I sommozzatori hanno impiegato circa mezzora per ritrovare il corpo in un punto profondo alcuni metri. Il personale del 118 \u00e8 invece intervenuto con un&#8217;ambulanza, l&#8217;auto col medico a bordo e l&#8217;elisoccorso. Ma purtroppo non c&#8217;\u00e8 stato nulla da fare per il 35enne. Per chiarire le cause del dramma sono intervenuti i carabinieri.<\/p>\n","protected":false},"excerpt":{"rendered":"Quella che doveva essere una giornata di relax al fiume insieme alla fidanzata si \u00e8 trasformata in una&hellip;\n","protected":false},"author":3,"featured_media":660751,"comment_status":"","ping_status":"","sticky":false,"template":"","format":"standard","meta":{"footnotes":"","_share_on_mastodon":"0"},"categories":[79],"tags":[14,93,94,27167,1537,90,89,7,15,11,84,91,12,85,92],"class_list":["post-660750","post","type-post","status-publish","format-standard","has-post-thumbnail","category-italia","tag-cronaca","tag-cronaca-italiana","tag-cronacaitaliana","tag-incidenti-in-montagna","tag-it","tag-italia","tag-italy","tag-news","tag-notizie","tag-ultime-notizie","tag-ultime-notizie-e-news-di-oggi","tag-ultime-notizie-italia","tag-ultimenotizie","tag-ultimenotizieenewsdioggi","tag-ultimenotizieitalia"],"share_on_mastodon":{"url":"https:\/\/pubeurope.com\/@it\/117199287647814850","error":""},"_links":{"self":[{"href":"https:\/\/www.europesays.com\/it\/wp-json\/wp\/v2\/posts\/660750","targetHints":{"allow":["GET"]}}],"collection":[{"href":"https:\/\/www.europesays.com\/it\/wp-json\/wp\/v2\/posts"}],"about":[{"href":"https:\/\/www.europesays.com\/it\/wp-json\/wp\/v2\/types\/post"}],"author":[{"embeddable":true,"href":"https:\/\/www.europesays.com\/it\/wp-json\/wp\/v2\/users\/3"}],"replies":[{"embeddable":true,"href":"https:\/\/www.europesays.com\/it\/wp-json\/wp\/v2\/comments?post=660750"}],"version-history":[{"count":0,"href":"https:\/\/www.europesays.com\/it\/wp-json\/wp\/v2\/posts\/660750\/revisions"}],"wp:featuredmedia":[{"embeddable":true,"href":"https:\/\/www.europesays.com\/it\/wp-json\/wp\/v2\/media\/660751"}],"wp:attachment":[{"href":"https:\/\/www.europesays.com\/it\/wp-json\/wp\/v2\/media?parent=660750"}],"wp:term":[{"taxonomy":"category","embeddable":true,"href":"https:\/\/www.europesays.com\/it\/wp-json\/wp\/v2\/categories?post=660750"},{"taxonomy":"post_tag","embeddable":true,"href":"https:\/\/www.europesays.com\/it\/wp-json\/wp\/v2\/tags?post=660750"}],"curies":[{"name":"wp","href":"https:\/\/api.w.org\/{rel}","templated":true}]}}