{"id":660770,"date":"2026-09-02T03:41:23","date_gmt":"2026-09-02T03:41:23","guid":{"rendered":"https:\/\/www.europesays.com\/it\/660770\/"},"modified":"2026-09-02T03:41:23","modified_gmt":"2026-09-02T03:41:23","slug":"mostra-del-cinema-da-clooney-a-moretti-da-pattinson-a-penelope-cruz-chi-sono-i-dieci-protagonisti-di-venezia","status":"publish","type":"post","link":"https:\/\/www.europesays.com\/it\/660770\/","title":{"rendered":"Mostra del Cinema: da Clooney a Moretti, da Pattinson a Penelope Cruz, chi sono i dieci protagonisti di Venezia"},"content":{"rendered":"<p>    di<br \/>\n    Chiara Maffioletti<\/p>\n<p class=\"summary-art is-line-h-12\">Mancano le grandi produzioni hollywoodiane ma non le star. Tra gli italiani anche Trinca e Marinelli. Attesa per gli Oasis, di nuovo insieme non su un palco<\/p>\n<p class=\"chapter-paragraph\">Dovendo scegliere i dieci protagonisti di questa edizione della Mostra del Cinema di Venezia, non si pu\u00f2 che partire da <b>George Clooney, Leone d&#8217;Oro alla carriera che al Lido<\/b> ricever\u00e0 il prestigioso premio e lascer\u00e0, come ogni volta, un pezzo di cuore. Il divo di Hollywood pi\u00f9 italiano che c&#8217;\u00e8 sar\u00e0 protagonista assoluto dell&#8217;avvio della kermesse, presente a tre eventi tra cui una masterclass e un forum. Non una presenza annoiata, quindi, ma piuttosto una settimana da re in visita a quello che lui stesso ha definito il suo\u00a0\u00abFestival preferito in assoluto\u00bb.<\/p>\n<p class=\"chapter-paragraph\">Non ci sono i\u00a0\u00abfilmoni americani\u00bb acchiappa flash, ma i divi comunque non mancano. Compreso un deb illustre come <b>Robert Pattinson. L&#8217;attore per la prima volta attraccher\u00e0 al Lido per presentare\u00a0\u00abPrimetime\u00bb<\/b> di cui \u00e8 sia protagonista che produttore. Reduce dal successo dell&#8217;Odissea, in cui interpretava il non simpaticissimo Antinoo, qui sar\u00e0 nei quasi altrettanto inquietanti panni di un conduttore televisivo specializzato nel giornalismo d&#8217;assalto.    &#13;<br \/>\n&#13;<br \/>\n&#13;<br \/>\n&#13;<br \/>\n&#13;<br \/>\n&#13;<br \/>\n&#13;<br \/>\n&#13;<br \/>\n&#13;<br \/>\n&#13;<br \/>\n&#13;<br \/>\n&#13;<br \/>\n&#13;<br \/>\n&#13;<br \/>\n&#13;<br \/>\n&#13;<br \/>\n&#13;<br \/>\n&#13;<br \/>\n&#13;<br \/>\n&#13;<br \/>\n&#13;<br \/>\n&#13;<br \/>\n&#13;<br \/>\n&#13;<br \/>\n&#13;<br \/>\n&#13;<br \/>\n&#13;<br \/>\n&#13;<br \/>\n&#13;<br \/>\n&#13;<br \/>\n&#13;<br \/>\n&#13;<br \/>\n&#13;<br \/>\n&#13;<br \/>\n&#13;<br \/>\n&#13;<br \/>\n&#13;<br \/>\n&#13;<br \/>\n&#13;<br \/>\n&#13;<br \/>\n&#13;<br \/>\n&#13;<br \/>\n&#13;<br \/>\n&#13;<br \/>\n&#13;<br \/>\n&#13;<br \/>\n&#13;<br \/>\n&#13;<br \/>\n&#13;<br \/>\n&#13;<br \/>\n&#13;<br \/>\n&#13;<br \/>\n&#13;\n<\/p>\n<p class=\"chapter-paragraph\"><b>Jasmine Trinca si fa in due e firma questa Mostra con un ritorno alle origini e uno sguardo al futuro.<\/b> L&#8217;attrice infatti ha ritrovato Nanni Moretti, il regista che l&#8217;ha lanciata, con \u00abSucceder\u00e0 questa notte\u00bb ma anche scelto di affidarsi a uno dei\u00a0\u00abnuovi\u00bb cineasti pi\u00f9 apprezzati come Paolo Strippoli, che l&#8217;ha voluta nel suo\u00a0\u00abL&#8217;estranea\u00bb.\u00a0<\/p>\n<p class=\"chapter-paragraph\">Altro pilastro di questa Mostra \u00e8 senza dubbio<b> Nanni Moretti che a Venezia dopo 37 anni.<\/b> L&#8217;ultima volta fu, appunto, nel 1989 con\u00a0\u00abPalombella rossa\u00bb, esclusa dalla competizione. Un boccone indigesto per il regista che prima di tornare al Lido ha preso una bella rincorsa. Il suo\u00a0\u00abSucceder\u00e0 questa notte\u00bb \u00e8 stato descritto da Barbera come un film radicalmente diverso dagli ultimi del grande regista che per il suo ritorno, evidentemente, ha deciso di puntare sull&#8217;effetto sorpresa.\u00a0<\/p>\n<p class=\"chapter-paragraph\">E&#8217; la diva della porta accanto, quella con cui immagini di poterci anche prendere un caff\u00e8. Unica nella sua semplicit\u00e0, divina nella sua spontaneit\u00e0, <b>Penelope Cruz \u00e8 tra le star pi\u00f9 attese ovunque vada<\/b>, compresa questa Venezia. Protagonista con il marito Javier Bardem di un film su una coppia\u00a0 scritto su misura per loro,\u00a0\u00abBunker\u00bb di Florian Zeller, sar\u00e0 interessante sia per l&#8217;interpretazione sia per come racconter\u00e0 il film.<\/p>\n<p class=\"chapter-paragraph\">Per\u00a0<b>Javier Bardem vedi sopra, con l&#8217;aggiunta di una nota a margine<\/b>: l&#8217;attore, specie negli ultimi anni, si \u00e8 lanciato in sperticate dichiarazioni d&#8217;amore presto diventate virali anche sui social, inoltrate a raffica da mogli meno venerate a schiere di mariti inadempienti. Diventa quindi curioso vederlo in un film che indaga proprio la coppia, in un metaverso tagliato per il grande schermo.<\/p>\n<p class=\"chapter-paragraph\"><b>Sono come due unicorni i fratelli Gallagher.<\/b> Vederli insieme a un evento, in un luogo pubblico in cui non ci sono almeno due o tre strumenti a separarli, \u00e8 una totale rarit\u00e0. Dopo 15 anni, liti, rancori e una reunion con pochi dietro le quinte, Liam e Noel saranno assieme a Venezia per presentare\u00a0\u00abLive &#8217;25 Tour\u00bb, progetto che comprende le prime interviste ai due Oasis dai tempi della rottura. La caccia al biglietto per le proiezioni \u00e8 stata quasi peggio di quella per assistere ai loro show.<\/p>\n<p class=\"chapter-paragraph\">Tra i protagonisti della Mostra c&#8217;\u00e8 anche<b> Luca Marinelli, star di\u00a0\u00abThe Echo Chamber\u00bb,<\/b> ultima sceneggiatura di Bertolucci. L&#8217;attore ha gi\u00e0 vinto una coppa Volpi nel 2019 per \u00abMartin Eden\u00bb, sette anni dopo i tempi sono maturi per il bis.<\/p>\n<p class=\"chapter-paragraph\">Tiene alta <b>la quota Hollywood anche l&#8217;attrice premio Oscar Susan Sarandon<\/b>, protagonista con Marinelli di\u00a0\u00abThe Echo Chamber\u00bb. Compir\u00e0 a ottobre 80 anni, ma l&#8217;aspetto e la passione sono quelli di parecchi decenni fa. Venezia \u00e8 una sorta di rivalsa dopo essersi sentita messa da parte da Hollywood per le sue posizioni politiche su Gaza.\u00a0<\/p>\n<p class=\"chapter-paragraph\">E&#8217; tra gli attori pi\u00f9 amati della sua generazione<b> Louis Garrel, che torna al Lido per il film di Moretti.<\/b> Legatissimo al cinema italiano, per anni \u00e8 stato considerato l&#8217;archetipo del fascinoso intellettuale parigino. Salvo poi rivelarsi anche simpatico e, dato non da poco, molto gentile.\u00a0<\/p>\n<p class=\"is-last-update\" datetime=\"2026-09-01T13:59:03+02:00\">1 settembre 2026 ( modifica il 1 settembre 2026 | 13:59)<\/p>\n<p class=\"is-copyright\">\n            \u00a9 RIPRODUZIONE RISERVATA\n        <\/p>\n","protected":false},"excerpt":{"rendered":"di Chiara Maffioletti Mancano le grandi produzioni hollywoodiane ma non le star. Tra gli italiani anche Trinca e&hellip;\n","protected":false},"author":3,"featured_media":660771,"comment_status":"","ping_status":"","sticky":false,"template":"","format":"standard","meta":{"footnotes":"","_share_on_mastodon":"0"},"categories":[174],"tags":[6586,2382,7738,48909,79036,640,641,2235,15381,5316,364382,20691,364383,203,454,12524,204,1537,90,1599,89,53367,79261,12857,57,18620,15246,632,53507,15247,120665,4476,1735,193333,33016,119510,776,57541,655,4308,635,3675,630,4210,120666,3971,628,364384,222],"class_list":["post-660770","post","type-post","status-publish","format-standard","has-post-thumbnail","category-intrattenimento","tag-assoluto","tag-attore","tag-attrice","tag-bardem","tag-chamber","tag-cinema","tag-clooney","tag-coppia","tag-cruz","tag-dieci","tag-dieci-protagonisti","tag-echo","tag-echo-chamber","tag-entertainment","tag-film","tag-hollywood","tag-intrattenimento","tag-it","tag-italia","tag-italiano","tag-italy","tag-javier","tag-javier-bardem","tag-lido","tag-mancano","tag-marinelli","tag-moretti","tag-mostra","tag-mostra-cinema","tag-nanni","tag-nanni-moretti","tag-notte","tag-oasis","tag-pattinson","tag-penelope","tag-penelope-cruz","tag-premio","tag-presentare","tag-protagonista","tag-protagonisti","tag-regista","tag-ritorno","tag-star","tag-succedera","tag-succedera-notte","tag-tempi","tag-the","tag-the-echo","tag-venezia"],"share_on_mastodon":{"url":"","error":"Validation failed: Text character limit of 500 exceeded"},"_links":{"self":[{"href":"https:\/\/www.europesays.com\/it\/wp-json\/wp\/v2\/posts\/660770","targetHints":{"allow":["GET"]}}],"collection":[{"href":"https:\/\/www.europesays.com\/it\/wp-json\/wp\/v2\/posts"}],"about":[{"href":"https:\/\/www.europesays.com\/it\/wp-json\/wp\/v2\/types\/post"}],"author":[{"embeddable":true,"href":"https:\/\/www.europesays.com\/it\/wp-json\/wp\/v2\/users\/3"}],"replies":[{"embeddable":true,"href":"https:\/\/www.europesays.com\/it\/wp-json\/wp\/v2\/comments?post=660770"}],"version-history":[{"count":0,"href":"https:\/\/www.europesays.com\/it\/wp-json\/wp\/v2\/posts\/660770\/revisions"}],"wp:featuredmedia":[{"embeddable":true,"href":"https:\/\/www.europesays.com\/it\/wp-json\/wp\/v2\/media\/660771"}],"wp:attachment":[{"href":"https:\/\/www.europesays.com\/it\/wp-json\/wp\/v2\/media?parent=660770"}],"wp:term":[{"taxonomy":"category","embeddable":true,"href":"https:\/\/www.europesays.com\/it\/wp-json\/wp\/v2\/categories?post=660770"},{"taxonomy":"post_tag","embeddable":true,"href":"https:\/\/www.europesays.com\/it\/wp-json\/wp\/v2\/tags?post=660770"}],"curies":[{"name":"wp","href":"https:\/\/api.w.org\/{rel}","templated":true}]}}