{"id":660804,"date":"2026-09-02T04:12:18","date_gmt":"2026-09-02T04:12:18","guid":{"rendered":"https:\/\/www.europesays.com\/it\/660804\/"},"modified":"2026-09-02T04:12:18","modified_gmt":"2026-09-02T04:12:18","slug":"identificati-i-responsabili-dei-vandalismi-a-pesaro-due-erano-anche-sullauto-rubata-biancani-chi-sbaglia-paga-2","status":"publish","type":"post","link":"https:\/\/www.europesays.com\/it\/660804\/","title":{"rendered":"Identificati i responsabili dei vandalismi a Pesaro, due erano anche sull\u2019auto rubata. Biancani: &#8220;Chi sbaglia paga&#8221;"},"content":{"rendered":"<p>\u00abSono stati identificati i responsabili della serie di vandalismi che hanno interessato Pesaro nell\u2019ultimo fine settimana, tra il 28 e il 31 agosto\u00bb. Lo annuncia il sindaco di Pesaro Andrea Biancani che spiega: \u00abUn\u2019attivit\u00e0 d\u2019indagine rapida e coordinata, resa possibile dalla stretta collaborazione tra Questura, Forze dell\u2019Ordine e Polizia Locale, con il supporto determinante del sistema di videosorveglianza del Comune di Pesaro\u00bb.<\/p>\n<p>Gli autori degli atti vandalici commessi nella <strong>notte tra venerd\u00ec 28 e sabato 29 agosto<\/strong>, tra viale della Repubblica e viale della Vittoria, sono <strong>tre giovani pesaresi<\/strong>, <strong>due maggiorenni e un minorenne<\/strong>. Ricordiamo che il gruppo aveva danneggiato a calci diversi pannelli pubblicitari per poi spostarsi nel centro storico, dove erano stati presi di mira alcuni scooter in sosta. \u00abLe immagini delle telecamere pubbliche e private hanno consentito agli investigatori di ricostruire gli spostamenti e individuare i responsabili\u00bb.<\/p>\n<p>La notte successiva, <strong>tra sabato 29 e domenica 30 agosto<\/strong>, <strong>tre giovani sono stati intercettati dalle Forze dell\u2019ordine dopo il furto di un\u2019autovettura<\/strong>. Ne \u00e8 nato un inseguimento terminato con lo schianto contro un muro e l\u2019intervento della Polizia di Stato, che ha proceduto agli arresti. Gli accertamenti successivi hanno permesso di verificare che due dei giovani fermati \u2013 un maggiorenne e un minorenne, entrambi residenti a Pesaro \u2013 erano gli stessi coinvolti nei vandalismi della notte precedente.<\/p>\n<p>L\u2019attivit\u00e0 di controllo \u00e8 proseguita anche nella serata di <strong>luned\u00ec 31 agosto<\/strong>, quando <strong>la Polizia Locale, durante l\u2019attivit\u00e0 di pattugliamento in centro, ha fermato due giovani per episodi di danneggiamento e imbrattamento della sede stradale legati al rovesciamento di alcuni bidoni dei rifiuti nel centro storico<\/strong>. <strong>Si tratta di un diciottenne, gi\u00e0 coinvolto negli atti vandalici della notte tra venerd\u00ec e sabato, e di un minorenne estraneo agli altri episodi<\/strong>.<\/p>\n<p>\u00abQuello che \u00e8 accaduto in questi giorni dimostra quanto sia importante non abbassare la guardia e quanto siano fondamentali il controllo del territorio, la videosorveglianza e soprattutto la collaborazione tra tutte le istituzioni, Forze dell\u2019ordine e Polizia Locale \u2013 sottolinea il sindaco di Pesaro Andrea Biancani \u2013. Voglio ringraziare la Polizia di Stato, la Questura, la Polizia Locale e tutti gli operatori che hanno lavorato con tempestivit\u00e0 e professionalit\u00e0 per arrivare all\u2019identificazione dei responsabili la Prefettura per aver promuovere continuamente attivit\u00e0 di collaborazione e coordinamento tra tutte le Forze dell\u2019Ordine e Polizia Locale\u00bb.<\/p>\n<p>\u00abA Pesaro lo abbiamo detto e lo continuiamo a dire: tolleranza zero nei confronti di chi danneggia la citt\u00e0 e i beni della comunit\u00e0. Chi sbaglia deve assumersi le proprie responsabilit\u00e0 e chi provoca un danno deve pagarlo. \u00c8 un principio di rispetto verso tutta la comunit\u00e0 pesarese\u00bb, aggiunge Biancani.<\/p>\n<p>Il sindaco sottolinea inoltre il valore del lavoro congiunto svolto in questi giorni: \u00abLa rapidit\u00e0 con cui sono stati ricostruiti gli episodi e individuati i responsabili \u00e8 il risultato concreto della sinergia tra Polizia di Stato e Polizia Locale, insieme al prezioso supporto delle altre Forze dell\u2019ordine e degli strumenti di videosorveglianza privatine pubblici. \u00c8 questa la strada che dobbiamo continuare a percorrere: prevenzione, controllo e certezza che chi commette atti di vandalismo venga individuato e chiamato a rispondere delle proprie azioni\u00bb. I responsabili dei danneggiamenti saranno chiamati a rispondere dei fatti contestati. Sar\u00e0 l\u2019autorit\u00e0 competente a stabilire l\u2019eventuale risarcimento, dei danni provocati ai beni pubblici e privati.<\/p>\n<p>\u00abDifendere Pesaro significa anche difendere i suoi spazi, le sue strade, i suoi arredi e i beni dei cittadini \u2013 conclude il sindaco Biancani \u2013. La citt\u00e0 \u00e8 di tutti e tutti abbiamo il dovere di rispettarla. L\u2019Amministrazione, grazie al prezioso coordinamento della Prefettura, continuer\u00e0 a lavorare insieme a tutte le Forze dell\u2019ordine perch\u00e9 questo messaggio sia chiaro: a Pesaro chi sbaglia paga\u00bb.<\/p>\n<p>&#13;<br \/>\n    \u00c8 attivo il servizio di <strong>notizie<\/strong><strong> in tempo reale<\/strong> su Vivere Pesaro.\u00a0&#13;<br \/>\n    <br \/>&#13;<br \/>\n    Per\u00a0WhatsApp\u00a0vai <a href=\"https:\/\/whatsapp.com\/channel\/0029VaE9I7zHbFVAsvutVI2Z\" rel=\"nofollow noopener\" target=\"_blank\"><strong>qui<\/strong><\/a> e clicca su &#8220;iscriviti&#8221;. Ricordati di attivare la campanellina.\u00a0\u00a0&#13;<br \/>\n    <br \/>&#13;<br \/>\n    Per Telegram iscriviti <a href=\"https:\/\/t.me\/viverepesaro\" rel=\"nofollow\"><strong>qui<\/strong><\/a>\u00a0e clicca su\u00a0&#8220;unisciti&#8221;\u00a0&#13;<br \/>\n    <br \/>&#13;<br \/>\n    Per Messanger <a href=\"https:\/\/www.messenger.com\/channel\/viverepesaro\" rel=\"nofollow noopener\" target=\"_blank\">clicca <strong>qui<\/strong><\/a>&#13;\n<\/p>\n<p>&#13;<br \/>\n    <br \/>&#13;<br \/>\n    Per segnalazioni invia il tuo messaggio su WhatsApp al 349 8021095 oppure via mail a <a href=\"https:\/\/www.viverepesaro.it\/2026\/09\/01\/identificati-i-responsabili-dei-vandalismi-a-pesaro-due-erano-anche-sullauto-rubata-biancani-chi-sbaglia-paga\/151751\/mailto:pesaro@vivere.it\" rel=\"nofollow noopener\" target=\"_blank\">pesaro@vivere.it<\/a>&#13;\n<\/p>\n<p>&#13;<br \/>\n    <a href=\"https:\/\/vivere.voxmail.it\/user\/register\" rel=\"nofollow noopener\" target=\"_blank\">Iscriviti alla nostra newsletter<\/a>&#13;<\/p>\n","protected":false},"excerpt":{"rendered":"\u00abSono stati identificati i responsabili della serie di vandalismi che hanno interessato Pesaro nell\u2019ultimo fine settimana, tra il&hellip;\n","protected":false},"author":3,"featured_media":660722,"comment_status":"","ping_status":"","sticky":false,"template":"","format":"standard","meta":{"footnotes":"","_share_on_mastodon":"0"},"categories":[79],"tags":[14,93,94,1537,90,89,7,15,11,84,91,12,85,92],"class_list":["post-660804","post","type-post","status-publish","format-standard","has-post-thumbnail","category-italia","tag-cronaca","tag-cronaca-italiana","tag-cronacaitaliana","tag-it","tag-italia","tag-italy","tag-news","tag-notizie","tag-ultime-notizie","tag-ultime-notizie-e-news-di-oggi","tag-ultime-notizie-italia","tag-ultimenotizie","tag-ultimenotizieenewsdioggi","tag-ultimenotizieitalia"],"share_on_mastodon":{"url":"https:\/\/pubeurope.com\/@it\/117199499610651931","error":""},"_links":{"self":[{"href":"https:\/\/www.europesays.com\/it\/wp-json\/wp\/v2\/posts\/660804","targetHints":{"allow":["GET"]}}],"collection":[{"href":"https:\/\/www.europesays.com\/it\/wp-json\/wp\/v2\/posts"}],"about":[{"href":"https:\/\/www.europesays.com\/it\/wp-json\/wp\/v2\/types\/post"}],"author":[{"embeddable":true,"href":"https:\/\/www.europesays.com\/it\/wp-json\/wp\/v2\/users\/3"}],"replies":[{"embeddable":true,"href":"https:\/\/www.europesays.com\/it\/wp-json\/wp\/v2\/comments?post=660804"}],"version-history":[{"count":0,"href":"https:\/\/www.europesays.com\/it\/wp-json\/wp\/v2\/posts\/660804\/revisions"}],"wp:featuredmedia":[{"embeddable":true,"href":"https:\/\/www.europesays.com\/it\/wp-json\/wp\/v2\/media\/660722"}],"wp:attachment":[{"href":"https:\/\/www.europesays.com\/it\/wp-json\/wp\/v2\/media?parent=660804"}],"wp:term":[{"taxonomy":"category","embeddable":true,"href":"https:\/\/www.europesays.com\/it\/wp-json\/wp\/v2\/categories?post=660804"},{"taxonomy":"post_tag","embeddable":true,"href":"https:\/\/www.europesays.com\/it\/wp-json\/wp\/v2\/tags?post=660804"}],"curies":[{"name":"wp","href":"https:\/\/api.w.org\/{rel}","templated":true}]}}