{"id":660819,"date":"2026-09-02T04:31:10","date_gmt":"2026-09-02T04:31:10","guid":{"rendered":"https:\/\/www.europesays.com\/it\/660819\/"},"modified":"2026-09-02T04:31:10","modified_gmt":"2026-09-02T04:31:10","slug":"i-pooh-riccione-un-album-di-foto-portiamo-sul-palco-la-nostra-storia","status":"publish","type":"post","link":"https:\/\/www.europesays.com\/it\/660819\/","title":{"rendered":"I Pooh: Riccione, un album di foto : &#8220;Portiamo sul palco la nostra storia&#8221;"},"content":{"rendered":"<p>Bloccati il 21 luglio da <strong>vento<\/strong> e fulmini, i <strong>Pooh<\/strong> non hanno rinunciato al concerto di Riccione, citt\u00e0 dove hanno mosso i primi passi e che li ha visti festeggiare anche il quarantennale. Oggi alle 21, per <strong>Riccione Music City<\/strong>, le loro note torneranno in piazzale Roma per i loro brillanti <strong>sessant\u2019anni di carriera<\/strong>, festeggiati con il tour \u2018Pooh 60 &#8211; La nostra storia &#8211; Estate\u2019.<\/p>\n<p>Rieccovi sul palco dopo la tempesta! &#8220;Dopo una serata cos\u00ec, siamo davvero felici di tornare. Il palco pu\u00f2 essere rimontato, le luci possono essere riaccese, ma quello che conta \u00e8 ritrovare il pubblico. A Riccione porteremo la nostra storia, quindi le canzoni che hanno accompagnato generazioni di persone. Cercheremo anche di dare a ogni brano una vita nuova. Sar\u00e0 una serata da cantare insieme. Dopo quello che \u00e8 successo il 21 luglio, forse avr\u00e0 pi\u00f9 valore esserci ritrovati qui&#8221;.<\/p>\n<p>Cosa rappresenta per voi Riccione, che vi ha accolto fin dagli albori della carriera? &#8220;Riccione per noi \u00e8 un album di fotografie. Ogni volta che torniamo, \u00e8 come se qualcuno ne sfogliasse una pagina. Negli anni Settanta c\u2019erano dancing e balere, per un gruppo giovane erano una straordinaria palestra. Si suonava tanto, si dormiva poco e si imparava a stare davanti alla gente. Poi sono arrivati gli anni Novanta, le manifestazioni televisive, altri modi di vivere la musica. Ma la cosa che non \u00e8 mai cambiata \u00e8 stata la risposta del pubblico riccionese. E poi c\u2019\u00e8 quel momento del 2006, quando abbiamo lasciato le impronte delle nostre mani per festeggiare i quarant\u2019anni&#8221;.<\/p>\n<p>Cosa significa per voi cantare in questa piazza? &#8220;Riccione \u00e8 parte della nostra storia. \u00c8 stata la citt\u00e0 delle prime esperienze, delle estati, della giovinezza. \u00c8 stata anche una citt\u00e0 che negli anni ha saputo cambiare senza perdere la propria identit\u00e0. Cantare qui significa quindi tornare in un luogo che ci ha visto crescere. La nostra visione di Riccione \u00e8 quella di una citt\u00e0 che ha sempre avuto un rapporto speciale con la musica, con l\u2019estate e con la voglia di stare insieme&#8221;.<\/p>\n<p>I Pooh, una leggenda infinita: cos\u2019altro vorreste realizzare? &#8220;La parola \u2018leggenda\u2019 ci mette un po\u2019 in imbarazzo, perch\u00e9 ci sentiamo ancora quattro persone che salgono sul palco e cercano di fare bene il proprio mestiere. Pi\u00f9 che realizzare qualcosa di straordinario, desideriamo continuare a vivere momenti straordinari. Un concerto riuscito, una piazza che canta, una persona che viene a dirti che una tua canzone ha accompagnato un momento importante della sua vita. Se proprio dobbiamo esprimere un desiderio, \u00e8 di continuare a sorprenderci. Perch\u00e9 finch\u00e9 riusciamo a farlo, significa che artisticamente siamo ancora vivi&#8221;.<\/p>\n<p>Addii, separazioni, nuovi arrivi: sul vostro magico treno ora \u00e8 salito Phil Mer\u2026 &#8220;Ogni persona salita sul treno dei Pooh ha lasciato qualcosa. E\u2019 una delle caratteristiche pi\u00f9 importanti della nostra storia: siamo cambiati molte volte, ma ogni cambiamento ha contribuito a costruire quello che siamo diventati. L\u2019arrivo di una nuova persona non \u00e8 mai una semplice sostituzione, ma aggiunge un\u2019esperienza, un altro modo di suonare, una diversa sensibilit\u00e0. Phil era la persona giusta, di famiglia, le prime bacchette per la batteria gliele ha regalate Stefano quando aveva solo 5 anni&#8221;.<\/p>\n<p>L\u2019amicizia che lega i Pooh, dice Francesco, \u00e8 pi\u00f9 di un matrimonio, vero? &#8220;Tra noi c\u2019\u00e8 qualcosa che va oltre la semplice amicizia. Abbiamo condiviso una parte enorme della nostra vita: abbiamo lavorato e viaggiato insieme, litigato, fatto pace, festeggiato successi e affrontato momenti molto difficili. Non \u00e8 stato sempre facile, ma forse il segreto \u00e8 proprio questo: abbiamo imparato a conoscerci, a rispettarci e anche a sopportarci&#8221;.<\/p>\n","protected":false},"excerpt":{"rendered":"Bloccati il 21 luglio da vento e fulmini, i Pooh non hanno rinunciato al concerto di Riccione, citt\u00e0&hellip;\n","protected":false},"author":3,"featured_media":660820,"comment_status":"","ping_status":"","sticky":false,"template":"","format":"standard","meta":{"footnotes":"","_share_on_mastodon":"0"},"categories":[1443],"tags":[8133,203,228,204,1537,90,89,1538,1539,2298,86998,51466,2751,1567],"class_list":["post-660819","post","type-post","status-publish","format-standard","has-post-thumbnail","category-musica","tag-album","tag-entertainment","tag-foto","tag-intrattenimento","tag-it","tag-italia","tag-italy","tag-music","tag-musica","tag-palco","tag-pooh","tag-portiamo","tag-riccione","tag-storia"],"share_on_mastodon":{"url":"https:\/\/pubeurope.com\/@it\/117199574311043404","error":""},"_links":{"self":[{"href":"https:\/\/www.europesays.com\/it\/wp-json\/wp\/v2\/posts\/660819","targetHints":{"allow":["GET"]}}],"collection":[{"href":"https:\/\/www.europesays.com\/it\/wp-json\/wp\/v2\/posts"}],"about":[{"href":"https:\/\/www.europesays.com\/it\/wp-json\/wp\/v2\/types\/post"}],"author":[{"embeddable":true,"href":"https:\/\/www.europesays.com\/it\/wp-json\/wp\/v2\/users\/3"}],"replies":[{"embeddable":true,"href":"https:\/\/www.europesays.com\/it\/wp-json\/wp\/v2\/comments?post=660819"}],"version-history":[{"count":0,"href":"https:\/\/www.europesays.com\/it\/wp-json\/wp\/v2\/posts\/660819\/revisions"}],"wp:featuredmedia":[{"embeddable":true,"href":"https:\/\/www.europesays.com\/it\/wp-json\/wp\/v2\/media\/660820"}],"wp:attachment":[{"href":"https:\/\/www.europesays.com\/it\/wp-json\/wp\/v2\/media?parent=660819"}],"wp:term":[{"taxonomy":"category","embeddable":true,"href":"https:\/\/www.europesays.com\/it\/wp-json\/wp\/v2\/categories?post=660819"},{"taxonomy":"post_tag","embeddable":true,"href":"https:\/\/www.europesays.com\/it\/wp-json\/wp\/v2\/tags?post=660819"}],"curies":[{"name":"wp","href":"https:\/\/api.w.org\/{rel}","templated":true}]}}