{"id":660823,"date":"2026-09-02T04:34:19","date_gmt":"2026-09-02T04:34:19","guid":{"rendered":"https:\/\/www.europesays.com\/it\/660823\/"},"modified":"2026-09-02T04:34:19","modified_gmt":"2026-09-02T04:34:19","slug":"longevita-quando-le-malattie-diventano-troppe-il-ruolo-del-geriatra-nuovo-regista-della-salute","status":"publish","type":"post","link":"https:\/\/www.europesays.com\/it\/660823\/","title":{"rendered":"Longevit\u00e0, quando le malattie diventano troppe: il ruolo del geriatra, \u201cnuovo\u201d regista della salute"},"content":{"rendered":"<p>Sta per ripartire l&#8217;ambaradan della vita normale, verosimilmente con meno caldo ma con le consuete difficolt\u00e0 o dilemmi o zone irrisolte del vivere quotidiano. Una la affronto oggi, sempre seguendo il filo rosso della longevit\u00e0 e della sua controparte vecchiezza. Ora la vecchiezza \u00e8 in genere meglio se in buona salute e allora: chi ci aiuta ad esser longevi sani ed il meno vecchi possibile? Banale, il nostro medico. Meno banale capire chi \u00e8 il nostro medico e &#8220;trovarlo&#8221;.<\/p>\n<p>Allora necessito di pistolotto-premessa che parte addirittura dallo studente di medicina. Poi capirete. Oggi il corso di laurea in medicina dura sei anni dopo i quali ti specializzi studiando e lavorando per altri <strong>5 anni.<\/strong> In buona sostanza da studente studi un mucchio di cose, vi assicuro \u00e8 incredibile la quantit\u00e0 di nozioni che \u00e8 capace di immagazzinare il nostro cervello, sui minimi dettagli di cosa \u00e8 il nostro corpo. E poi negli ultimi anni arrivi al &#8220;core business&#8221;, le malattie. Allora ti tuffi in un librone, il testo di Patologia Medica di cui l&#8217;Harrison Principles of Internal Medicine (editor tra gli altri il mitico dr. Fauci oggi questionato dall&#8217;amministrazione <a href=\"https:\/\/www.ilmessaggero.it\/t\/trump\" rel=\"nofollow noopener\" target=\"_blank\">Trump<\/a>) \u00e8 il simbolo della completezza e della lunghezza: <strong>4.000 (!) pagine<\/strong> che descrivono meravigliosamente ma puntualmente tutte le malattie che il Padreterno, l&#8217;orbe terracqueo, il caso, la genetica, l&#8217;ambiente, gli stili di vita ti ammollano. E noi studenti 50 anni fa (mi sono laureato esattamente <strong>50 anni fa<\/strong>) ce le sciroppavamo in mesi e notti di studio. Esattamente come gli studenti di oggi e cio\u00e8 malattia per malattia veniva, e viene, letta e memorizzata. Cardiopatia per cardiopatia, malattia metabolica per malattia metabolica, cancro per cancro, malattia infettiva per malattia infettiva, malattia genetica per malattia genetica, passando per le mille sindromi.<\/p>\n<p>Un nuovo malato <\/p>\n<p>Ma qui l&#8217;inciampo: dai tempi della mia laurea, dove gi\u00e0 si intravedeva la novit\u00e0, oggi \u00e8 esploso una altro malato rispetto a quello cos\u00ec bene descritto -malattia per malattia- dal testo di Patologia Medica citato: <strong>il nostro amico longevo\/vecchio<\/strong>. \u00c8 finito il tempo della singola malattia ben descritta dal testo e ben imparata dal medico. <strong>Oggi, che tu sia longevo o vecchio, hai mediamente tre malattie insieme, molti cinque o sei, e consumi 7-8-10 farmaci. Si chiama comorbidit\u00e0, polipatologia con politerapia conseguente<\/strong>. Annesso, questo del mucchio di farmaci che si ingeriscono, non di poco conto ma che affronteremo un&#8217; altra volta. Cio\u00e8: <strong>non siamo (sono, poi ti spiego chi lo \u00e8) preparati perch\u00e9 nessuno, testo o professore, ha insegnato cosa capita quando hai le tre\/cinque\/sette malattie insieme<\/strong>. Hanno tutti studiato il diabete, l&#8217;ipertensione ed il cancro della mammella se donna o il cancro della prostata se uomo. Ma il malato &#8220;normale&#8221; ha tutte e tre le patologie insieme e prende facilmente cinque o sei farmaci che interagiscono tra di loro. E, ad esempio, se il signore maschio con problemi di prostata \u00e8 anche cognitivamente messo male pu\u00f2 succedere che gli venga prescritto uno dei farmaci che hanno qualche effetto sul deterioramento cognitivo. Tutto bene con il modesto particolare che quei farmaci, potenzialmente indicati per la testa, agiscono negativamente sulla prostata. Che si imbizzarrisce.<\/p>\n<p>Il tutto si radicalizza poi e definitivamente con la specializzazione dove il nostro studente diventa ad esempio ortopedico: da allora si concentrer\u00e0 sulle ossa e le riparazioni delle stesse, e riparer\u00e0 splendidamente quel femore rotto ma non si potr\u00e0 certo occupare con la stessa competenza dell&#8217;ipertensione e del deficit cognitivo e dell&#8217;incontinenza che accompagnano sovente il femore rotto. Il fatto \u00e8 che siamo diventati sempre pi\u00f9 bravi nel singolo problema\/malattia. Rimanendo sull&#8217;ortopedia oramai, e addirittura, chi fa il ginocchio opera prevalentemente quello, chi fa il femore lo stesso. Perch\u00e9 l\u00ec \u00e8 andata la medicina occidentale per ragioni di cultura &#8211; lo specializzarsi \u00e8 il modo pi\u00f9 facile per seguire le novit\u00e0 &#8211; e per ragioni economiche: il bravo specialista magari si annoia a far sempre ginocchio o spalla. Ma il suo conto corrente non s&#8217;annoia affatto.<\/p>\n<p>E cosa accade sempre pi\u00f9? <strong>Che il nostro paziente con le tre malattie di cui sopra va dal diabetologo per il diabete, dal cardiologo per l&#8217;ipertensione e dall&#8217;oncologo per il suo cancro. E che l&#8217;ortopedico che ha riparato quel femore necessita di consulenti per le patologie associate che il paziente porta con se insieme al femore rotto<\/strong>. Prima legge allora da seguire: ci vuole comunque un regista unico, un medico capo e che ha preso in carico il paziente con polipatologia, altrimenti la confusione clinico\/farmacologica diventa sovrana. Il femore raccontato \u00e8 un fatto tipicamente ospedaliero e quindi risponde attraverso l&#8217;organizzazione che l&#8217;ospedale si da per la gestione di casi complessi come quello. Ma andiamo al paziente normale che ha il triplice problema di cui stiamo parlando non pi\u00f9 gestibile solo dal medico di medicina generale\/di base. Quando questi non \u00e8 il regista che indica la strada specialistica da percorrere, e fa sintesi delle visite specialistiche effettuate, sono guai. Oppure: diventa possibile sbagliare la porta di entrata. Pensate al solito mal di testa che tutti abbiamo o abbiamo avuto. E capita che diventi preoccupante e che si cerchi qualcuno che ci risolva il problema: si pensa immediatamente al neurologo ma il mal di testa pu\u00f2 aver cause reumatologiche o psichiatriche o ortopediche o<\/p>\n<p>Un nuovo specialista <\/p>\n<p>Pi\u00f9 in generale per\u00f2, e finalmente ti accompagno in quel che ti pu\u00f2 interessare, ci serve lo specialista della non specialit\u00e0. <strong>La longevit\u00e0\/vecchiezza ha rovinato la medicina occidentale e la specializzazione &#8211; anzi la superspecializzazione &#8211; che si \u00e8 inventata. Le carte sono mischiate, non puoi giocare solo a cuori o picche ed emerge un solo riferimento possibile. Il geriatra, specialista della non specialit\u00e0, insomma generico super<\/strong>. Non ve lo dico per spirito di corpo essendo io geriatra, non ho nulla da vendere. Ma <strong>solo io ed i miei colleghi sappiamo valutare e gestire pi\u00f9 malattie insieme, magari scegliendo di darti meno di un farmaco o addirittura eliminandone un altro che i singoli specialisti ti avrebbero obbligatoriamente dato<\/strong>. Sanno, i geriatri, accorgersi della fragilit\u00e0 che \u00e8 l\u00ec sottotraccia e che deve esser fatta tornare indietro, sanno mettere insieme e valutare malattie e terapie ma anche come funzioni, come sta la tua mente, quanto sei autonomo ed in che ambiente vivi. Tutto da considerare se vuoi prendere in carico complessivamente il paziente moderno longevo\/vecchio.<\/p>\n<p><strong>Il fatto \u00e8 che, comunque, oggi serve un medico che ti prenda in carico, che ti risponda al telefono, che ti guidi alla struttura o allo specialista che serve<\/strong>. Il mondo della specializzazione o superspecializzazione va benissimo se il problema \u00e8 unico e risolvibile a breve. Ma ho bisogno del regista della mia salute.<\/p>\n<p><strong>In conclusione: geriatrizzare il medico di medicina generale\/di base o produrre pi\u00f9 geriatri. E andarci, essere presi in carico.<\/strong><\/p>\n<p>* Presidente di Italia Longeva (Agenzia del Ministero della Salute), gi\u00e0 direttore del dipartimento di Scienze dell&#8217;Invecchiamento, neurologiche, ortopediche e della testa collo del Policlinico Gemelli e membro del CdA della Cattolica, \u00e8 uno dei massimi promotori della geriatria in Europa.<\/p>\n<p>&#13;<br \/>\n                                \u00a9 RIPRODUZIONE RISERVATA&#13;<\/p>\n<p>&#13;<\/p>\n<p>\n                            Ricerca, salute e nuove terapie, il gioved\u00ec alle 18<br \/>\n                            <b>Iscriviti<\/b> e ricevi le notizie via email\n                        <\/p>\n","protected":false},"excerpt":{"rendered":"Sta per ripartire l&#8217;ambaradan della vita normale, verosimilmente con meno caldo ma con le consuete difficolt\u00e0 o dilemmi&hellip;\n","protected":false},"author":3,"featured_media":660824,"comment_status":"","ping_status":"","sticky":false,"template":"","format":"standard","meta":{"footnotes":"","_share_on_mastodon":"0"},"categories":[175],"tags":[1536,364409,239,1537,90,89,117342,20571,240,18803],"class_list":["post-660823","post","type-post","status-publish","format-standard","has-post-thumbnail","category-salute","tag-anziani","tag-geriatra","tag-health","tag-it","tag-italia","tag-italy","tag-longevit","tag-longevita","tag-salute","tag-segreto-della-longevita"],"share_on_mastodon":{"url":"https:\/\/pubeurope.com\/@it\/117199586747990732","error":""},"_links":{"self":[{"href":"https:\/\/www.europesays.com\/it\/wp-json\/wp\/v2\/posts\/660823","targetHints":{"allow":["GET"]}}],"collection":[{"href":"https:\/\/www.europesays.com\/it\/wp-json\/wp\/v2\/posts"}],"about":[{"href":"https:\/\/www.europesays.com\/it\/wp-json\/wp\/v2\/types\/post"}],"author":[{"embeddable":true,"href":"https:\/\/www.europesays.com\/it\/wp-json\/wp\/v2\/users\/3"}],"replies":[{"embeddable":true,"href":"https:\/\/www.europesays.com\/it\/wp-json\/wp\/v2\/comments?post=660823"}],"version-history":[{"count":0,"href":"https:\/\/www.europesays.com\/it\/wp-json\/wp\/v2\/posts\/660823\/revisions"}],"wp:featuredmedia":[{"embeddable":true,"href":"https:\/\/www.europesays.com\/it\/wp-json\/wp\/v2\/media\/660824"}],"wp:attachment":[{"href":"https:\/\/www.europesays.com\/it\/wp-json\/wp\/v2\/media?parent=660823"}],"wp:term":[{"taxonomy":"category","embeddable":true,"href":"https:\/\/www.europesays.com\/it\/wp-json\/wp\/v2\/categories?post=660823"},{"taxonomy":"post_tag","embeddable":true,"href":"https:\/\/www.europesays.com\/it\/wp-json\/wp\/v2\/tags?post=660823"}],"curies":[{"name":"wp","href":"https:\/\/api.w.org\/{rel}","templated":true}]}}