{"id":660831,"date":"2026-09-02T04:38:13","date_gmt":"2026-09-02T04:38:13","guid":{"rendered":"https:\/\/www.europesays.com\/it\/660831\/"},"modified":"2026-09-02T04:38:13","modified_gmt":"2026-09-02T04:38:13","slug":"giulio-tremonti-inchioda-lue-come-un-gatto-in-tangenziale-ecco-lerrore","status":"publish","type":"post","link":"https:\/\/www.europesays.com\/it\/660831\/","title":{"rendered":"Giulio Tremonti inchioda l&#8217;Ue: &#8220;Come un gatto in tangenziale, ecco l&#8217;errore&#8221;"},"content":{"rendered":"<p><strong>Giulio Tremonti<\/strong> bacchetta l&#8217;Europa e, citando il film\u00a0&#8220;Come un gatto in tangenziale&#8221;, critica l&#8217;Ue\u00a0che paga di nuovo l\u2019errore del &#8220;mercatismo&#8221;. Intervistato dal Sole 24 Ore\u00a0sul think tank copresieduto da <strong>Mario Draghi<\/strong> e dall&#8217;economista<strong> Luis Collison<\/strong>, l&#8217;ex\u00a0ministro delle finanze nel governo Berlusconi ricorda il film record di incassi: &#8220;La protagonista Paola Cortellesi presenta agli amici il personaggio interpretato da Antonio Albanese come presidente di un tic tac, ignorando l&#8217;espressione think tank&#8221;.<\/p>\n<p>E cos\u00ec, &#8220;l&#8217;Europa \u00e8 stata strutturata al principio dall&#8217;hegeliano Koj\u00e8ve, poi \u00e8 stata <strong>topizzata da migliaia di burocrati<\/strong>, affiancati da migliaia di lobbisti&#8221;. Per quanto riguarda invece la vittoria del no del referendum in Islanda contro l&#8217;ingresso nell&#8217;Unione europea, Tremonti si dice convinto che &#8220;l&#8217;errore pi\u00f9 grave sta nell&#8217;aver impostato un&#8217;operazione mercatista, integralista e fondamentalista, estesa alla pesca artica, operazione il cui esito \u00e8 stato un prevedibile insuccesso&#8221;.\u00a0Tutto questo ha infatti prodotto un apparato normativo enorme:\u00a0&#8220;Chi vuole fare impresa si trova davanti a una normativa europea estesa ormai per 400 chilometri&#8221;.<\/p>\n<p><a href=\"https:\/\/www.liberoquotidiano.it\/news\/europa\/44141141\/ue-giulio-tremonti-pensano-tricicli-non-auto\/\" rel=\"nofollow noopener\" target=\"_blank\">Ue, l&#8217;affondo di Giulio Tremonti: &#8220;Pensano ai tricicli e non alle auto&#8221;Professore, Ursula von der Leyen e Mario Draghi hanno dato una bella strigliata all\u2019Europa, invocando un inevitabi&#8230;<\/a><\/p>\n<p>Secondo l&#8217;economista, alla luce della posizione assunta sul conflitto russo-ucraino a sostegno di Kiev si realizzano i due punti centrali indicati nel Manifesto di Ventotene dell&#8217;agosto del 1941, ossia politica estera comune e difesa comune e l&#8217;operazione del prestito da 90 miliardi di euro all&#8217;Ucraina finanziato con debito comune europeo &#8220;riprende, peraltro, <strong>la proposta italiana degli eurobond<\/strong> lanciata nel 2003&#8243;. Infine, sul risiko bancario e il piano per Mps, Tremonti dice di &#8220;limitarsi a sottolineare il valore della stabilit\u00e0. Questo, nella finanza, non \u00e8 assolutamente il momento delle avventure&#8221;.\u00a0<\/p>\n","protected":false},"excerpt":{"rendered":"Giulio Tremonti bacchetta l&#8217;Europa e, citando il film\u00a0&#8220;Come un gatto in tangenziale&#8221;, critica l&#8217;Ue\u00a0che paga di nuovo l\u2019errore&hellip;\n","protected":false},"author":3,"featured_media":660832,"comment_status":"","ping_status":"","sticky":false,"template":"","format":"standard","meta":{"footnotes":"","_share_on_mastodon":"0"},"categories":[160],"tags":[14,164,165,3085,364410,166,7,15,11,167,12,168,161,162,163],"class_list":["post-660831","post","type-post","status-publish","format-standard","has-post-thumbnail","category-mondo","tag-cronaca","tag-dal-mondo","tag-dalmondo","tag-europa","tag-giulio-tremonti","tag-mondo","tag-news","tag-notizie","tag-ultime-notizie","tag-ultime-notizie-di-mondo","tag-ultimenotizie","tag-ultimenotiziedimondo","tag-world","tag-world-news","tag-worldnews"],"share_on_mastodon":{"url":"https:\/\/pubeurope.com\/@it\/117199602194019222","error":""},"_links":{"self":[{"href":"https:\/\/www.europesays.com\/it\/wp-json\/wp\/v2\/posts\/660831","targetHints":{"allow":["GET"]}}],"collection":[{"href":"https:\/\/www.europesays.com\/it\/wp-json\/wp\/v2\/posts"}],"about":[{"href":"https:\/\/www.europesays.com\/it\/wp-json\/wp\/v2\/types\/post"}],"author":[{"embeddable":true,"href":"https:\/\/www.europesays.com\/it\/wp-json\/wp\/v2\/users\/3"}],"replies":[{"embeddable":true,"href":"https:\/\/www.europesays.com\/it\/wp-json\/wp\/v2\/comments?post=660831"}],"version-history":[{"count":0,"href":"https:\/\/www.europesays.com\/it\/wp-json\/wp\/v2\/posts\/660831\/revisions"}],"wp:featuredmedia":[{"embeddable":true,"href":"https:\/\/www.europesays.com\/it\/wp-json\/wp\/v2\/media\/660832"}],"wp:attachment":[{"href":"https:\/\/www.europesays.com\/it\/wp-json\/wp\/v2\/media?parent=660831"}],"wp:term":[{"taxonomy":"category","embeddable":true,"href":"https:\/\/www.europesays.com\/it\/wp-json\/wp\/v2\/categories?post=660831"},{"taxonomy":"post_tag","embeddable":true,"href":"https:\/\/www.europesays.com\/it\/wp-json\/wp\/v2\/tags?post=660831"}],"curies":[{"name":"wp","href":"https:\/\/api.w.org\/{rel}","templated":true}]}}