{"id":660835,"date":"2026-09-02T04:40:16","date_gmt":"2026-09-02T04:40:16","guid":{"rendered":"https:\/\/www.europesays.com\/it\/660835\/"},"modified":"2026-09-02T04:40:16","modified_gmt":"2026-09-02T04:40:16","slug":"torino-abate-il-rigore-per-me-cera-ma-se-questo-e-il-metro-e-giusto-non-fischiarlo","status":"publish","type":"post","link":"https:\/\/www.europesays.com\/it\/660835\/","title":{"rendered":"Torino, Abate: &#8220;Il rigore per me c&#8217;era, ma se questo \u00e8 il metro \u00e8 giusto non fischiarlo&#8221;"},"content":{"rendered":"<p>                                Il tecnico granata commenta il ko in Coppa Italia: &#8220;Eravamo partiti bene, ma il Monza nel complesso ha meritato. Per fortuna ora \u00e8 finito il mercato e dobbiamo concentrarci solo sul campo&#8221;<\/p>\n<p class=\"paragraph\" spellcheck=\"true\">Ignazio Abate guarda avanti. Il suo Toro \u00e8 ancora un cantiere aperto e il <a href=\"https:\/\/www.gazzetta.it\/Calcio\/Serie-A\/Torino\/01-09-2026\/torino-monza-live-gol-e-marcatori-diretta-coppa-italia.shtml?intcmp=hyperlink-articolo-gazit\" title=\"Dani Mota-gol: Monza agli ottavi di Coppa Italia. Tolto un rigore ai granata nel recupero\" target=\"_blank\" rel=\"nofollow noopener\">ko contro il Monza<\/a>, costato l&#8217;eliminazione dalla Coppa Italia, \u00e8 solo una tappa del percorso. &#8220;Eravamo partiti bene &#8211; le sue parole a Sportmediaset a fine gara -, aggredendo alti nella prima mezz&#8217;ora. Poi \u00e8 uscito il Monza, che ha preso in mano la partita. Per fortuna ora si \u00e8 chiuso il mercato e dobbiamo pensare solo al campo: dobbiamo crescere e diventare squadra, il lavoro da fare \u00e8 ancora lungo&#8221;. Inevitabile affrontare il tema del rigore prima concesso ai granata e poi revocato dal Var nel recupero: &#8220;Episodio molto simile a quello di Vlasic contro il Milan &#8211; il suo commento -. Per me va fischiato, ma se questa \u00e8 la nuova linea allora \u00e8 giusto non assegnarlo&#8221;.\u00a0<\/p>\n<p>        ripartire\u2014 \u00a0<\/p>\n<p class=\"paragraph\" spellcheck=\"true\">Nonostante il ko, Abate prova a vedere il lato positvo: &#8220;Sono contento per il rientro di ragazzi come Zapata e Anjorin. Poi ci sono tanti calciatori nuovi e da domani cominceremo a lavorare tutti insieme. Sar\u00e0 come un nuovo inizio&#8221;. L&#8217;obiettivo resta quello di cambiare la mentalit\u00e0 della squadra: &#8220;Dobbiamo trovare la nostra strada, abbiamo provato a lavorare su un baricentro pi\u00f9 alto, ma per farlo bisogna trovare stabilit\u00e0 nella fase difensiva. E considerare anche le caratteristiche dei ragazzi presenti in rosa&#8221;.\u00a0<\/p>\n","protected":false},"excerpt":{"rendered":"Il tecnico granata commenta il ko in Coppa Italia: &#8220;Eravamo partiti bene, ma il Monza nel complesso ha&hellip;\n","protected":false},"author":3,"featured_media":660836,"comment_status":"","ping_status":"","sticky":false,"template":"","format":"standard","meta":{"footnotes":"","_share_on_mastodon":"0"},"categories":[6],"tags":[63862,921,4297,5006,14,2149,2611,5197,8,1537,90,89,12046,3776,1412,364412,11121,7,15,82,9,83,10,30572,1699,1857,13,11,80,84,12,81,85],"class_list":["post-660835","post","type-post","status-publish","format-standard","has-post-thumbnail","category-ultime-notizie","tag-abate","tag-campo","tag-coppa","tag-coppa-italia","tag-cronaca","tag-dobbiamo","tag-fortuna","tag-granata","tag-headlines","tag-it","tag-italia","tag-italy","tag-ko","tag-lavorare","tag-mercato","tag-mercato-dobbiamo","tag-monza","tag-news","tag-notizie","tag-notizie-di-cronaca","tag-notizie-principali","tag-notiziedicronaca","tag-notizieprincipali","tag-partiti","tag-ragazzi","tag-squadra","tag-titoli","tag-ultime-notizie","tag-ultime-notizie-di-cronaca","tag-ultime-notizie-e-news-di-oggi","tag-ultimenotizie","tag-ultimenotiziedicronaca","tag-ultimenotizieenewsdioggi"],"share_on_mastodon":{"url":"","error":"Validation failed: Text character limit of 500 exceeded"},"_links":{"self":[{"href":"https:\/\/www.europesays.com\/it\/wp-json\/wp\/v2\/posts\/660835","targetHints":{"allow":["GET"]}}],"collection":[{"href":"https:\/\/www.europesays.com\/it\/wp-json\/wp\/v2\/posts"}],"about":[{"href":"https:\/\/www.europesays.com\/it\/wp-json\/wp\/v2\/types\/post"}],"author":[{"embeddable":true,"href":"https:\/\/www.europesays.com\/it\/wp-json\/wp\/v2\/users\/3"}],"replies":[{"embeddable":true,"href":"https:\/\/www.europesays.com\/it\/wp-json\/wp\/v2\/comments?post=660835"}],"version-history":[{"count":0,"href":"https:\/\/www.europesays.com\/it\/wp-json\/wp\/v2\/posts\/660835\/revisions"}],"wp:featuredmedia":[{"embeddable":true,"href":"https:\/\/www.europesays.com\/it\/wp-json\/wp\/v2\/media\/660836"}],"wp:attachment":[{"href":"https:\/\/www.europesays.com\/it\/wp-json\/wp\/v2\/media?parent=660835"}],"wp:term":[{"taxonomy":"category","embeddable":true,"href":"https:\/\/www.europesays.com\/it\/wp-json\/wp\/v2\/categories?post=660835"},{"taxonomy":"post_tag","embeddable":true,"href":"https:\/\/www.europesays.com\/it\/wp-json\/wp\/v2\/tags?post=660835"}],"curies":[{"name":"wp","href":"https:\/\/api.w.org\/{rel}","templated":true}]}}