{"id":660847,"date":"2026-09-02T04:58:15","date_gmt":"2026-09-02T04:58:15","guid":{"rendered":"https:\/\/www.europesays.com\/it\/660847\/"},"modified":"2026-09-02T04:58:15","modified_gmt":"2026-09-02T04:58:15","slug":"premio-lunezia-pronti-via-spezia-aspetta-la-sua-serata","status":"publish","type":"post","link":"https:\/\/www.europesays.com\/it\/660847\/","title":{"rendered":"Premio Lunezia pronti via. Spezia aspetta la sua serata"},"content":{"rendered":"<p>Il <strong>Premio Lunezia<\/strong> porta le nuove proposte fuori dal tradizionale circuito delle selezioni e le mette davanti a chi lavora nella musica. \u00c8 questo uno degli elementi dell\u2019edizione 2026, che porter\u00e0 band e cantautori selezionati dal team del Premio e dalle Major Bmg e Universal a confrontarsi in una serie di appuntamenti rivolti anche agli operatori del settore.<\/p>\n<p>La prima tappa sar\u00e0 a Milano, al <strong>Mare Culturale Urbano<\/strong>, dove gioved\u00ec 1\u00b0 ottobre, dalle 19.15, circa venti artisti provenienti da tutta Italia parteciperanno a un contest dal vivo. Le esibizioni saranno il primo momento di ascolto diretto dei candidati da parte della dirigenza artistica e degli addetti ai lavori coinvolti nel percorso del Premio Lunezia Nuove Proposte 2026. Il locale prevede inoltre la possibilit\u00e0 di cenare, su prenotazione, al termine delle audizioni, intorno alle 21, creando un ulteriore momento di confronto tra candidati, organizzatori e operatori.<\/p>\n<p>Le iscrizioni alla sezione Nuove Proposte, con direttrice artistica la spezzina Loredana D\u2019Anghera, resteranno aperte fino alle 24 del 21 settembre. La candidatura pu\u00f2 essere effettuata attraverso il sito del Premio Lunezia. Per informazioni sono disponibili i numeri 347 3065739 e 328 5669549, attivi dopo le 18 anche nei giorni festivi.<\/p>\n<p>Il calendario dell\u2019edizione 2026 proseguir\u00e0 con altri appuntamenti. \u00c8 prevista una serata alla Spezia alla fine di ottobre, la cui data sar\u00e0 comunicata successivamente, mentre sono in corso trattative con referenti della promozione della Regione Calabria per l\u2019evento conclusivo dell\u2019anno. L\u2019ipotesi, ancora da confermare, \u00e8 di organizzare la serata tra novembre e dicembre con il supporto della Rai Tv e con la possibilit\u00e0 di includere anche gli artisti della sezione Nuove Proposte.<\/p>\n<p>Il programma mantiene cos\u00ec il doppio percorso del Premio, rivolto sia agli artisti gi\u00e0 affermati sia agli emergenti, con l\u2019obiettivo di affiancare alla selezione musicale una rete di occasioni di ascolto e incontro con il settore professionale. Per i nuovi artisti, il confronto diretto con Major e operatori rappresenta infatti una parte centrale del percorso, oltre alla competizione.<\/p>\n<p>Resta inoltre confermata la finalit\u00e0 umanitaria e sanitaria che accompagna il Premio Lunezia, rassegna ideata e diretta dallo spezzino Stefano De Martino: gli appuntamenti del 2026 sosterranno l\u2019<strong>Istituto Giannina Gaslini<\/strong> di Genova, ospedale pediatrico di riferimento nazionale.<\/p>\n<p>Marco Magi<\/p>\n","protected":false},"excerpt":{"rendered":"Il Premio Lunezia porta le nuove proposte fuori dal tradizionale circuito delle selezioni e le mette davanti a&hellip;\n","protected":false},"author":3,"featured_media":660848,"comment_status":"","ping_status":"","sticky":false,"template":"","format":"standard","meta":{"footnotes":"","_share_on_mastodon":"0"},"categories":[1443],"tags":[7196,203,204,1537,90,89,107754,1538,1539,776,3237,9065,31425],"class_list":["post-660847","post","type-post","status-publish","format-standard","has-post-thumbnail","category-musica","tag-aspetta","tag-entertainment","tag-intrattenimento","tag-it","tag-italia","tag-italy","tag-lunezia","tag-music","tag-musica","tag-premio","tag-pronti","tag-serata","tag-spezia"],"share_on_mastodon":{"url":"https:\/\/pubeurope.com\/@it\/117199680492005518","error":""},"_links":{"self":[{"href":"https:\/\/www.europesays.com\/it\/wp-json\/wp\/v2\/posts\/660847","targetHints":{"allow":["GET"]}}],"collection":[{"href":"https:\/\/www.europesays.com\/it\/wp-json\/wp\/v2\/posts"}],"about":[{"href":"https:\/\/www.europesays.com\/it\/wp-json\/wp\/v2\/types\/post"}],"author":[{"embeddable":true,"href":"https:\/\/www.europesays.com\/it\/wp-json\/wp\/v2\/users\/3"}],"replies":[{"embeddable":true,"href":"https:\/\/www.europesays.com\/it\/wp-json\/wp\/v2\/comments?post=660847"}],"version-history":[{"count":0,"href":"https:\/\/www.europesays.com\/it\/wp-json\/wp\/v2\/posts\/660847\/revisions"}],"wp:featuredmedia":[{"embeddable":true,"href":"https:\/\/www.europesays.com\/it\/wp-json\/wp\/v2\/media\/660848"}],"wp:attachment":[{"href":"https:\/\/www.europesays.com\/it\/wp-json\/wp\/v2\/media?parent=660847"}],"wp:term":[{"taxonomy":"category","embeddable":true,"href":"https:\/\/www.europesays.com\/it\/wp-json\/wp\/v2\/categories?post=660847"},{"taxonomy":"post_tag","embeddable":true,"href":"https:\/\/www.europesays.com\/it\/wp-json\/wp\/v2\/tags?post=660847"}],"curies":[{"name":"wp","href":"https:\/\/api.w.org\/{rel}","templated":true}]}}