{"id":660859,"date":"2026-09-02T05:05:22","date_gmt":"2026-09-02T05:05:22","guid":{"rendered":"https:\/\/www.europesays.com\/it\/660859\/"},"modified":"2026-09-02T05:05:22","modified_gmt":"2026-09-02T05:05:22","slug":"il-programma-non-interessa-conta-soprattutto-il-leader-lo-dico-al-corriere","status":"publish","type":"post","link":"https:\/\/www.europesays.com\/it\/660859\/","title":{"rendered":"Il programma non interessa, conta soprattutto il leader | Lo dico al Corriere"},"content":{"rendered":"<p class=\"is-fs-18 is-mr-t-25 chapter-letter\">\n<p>    <b>Caro Aldo,<\/b><br \/><b>sono un  cittadino con tendenze conservatrici ma non ho mai votato per chi non riesce a pronunciare la parola  antifascista. Non volendo rinunciare al mio diritto di voto \u00abobtorto collo mi debbo rivolgere all\u2019altra coalizione (campo largo?)  della quale  forse per mia insipienza non riesco a capirci nulla: n\u00e9 programma, n\u00e9 definiti partiti di coalizione, n\u00e9  possibile leader. Innanzitutto il programma. Lei che ne pensa ?<\/b><br \/><b>Sandro Alessandrini <\/b><\/p>\n<p><b>Non ne posso pi\u00f9 di assistere al carosello dei nomi per la scelta della leadership del centrosinistra. Chi parla dei programmi politici?<\/b><br \/><b>Matteo Canale, Roma<\/b><\/p>\n<p class=\"has-text-cornflower-blue is-fs-18 chapter-letter\">\n<p>    <b>Cari lettori, <\/b><br \/><b>non sono d\u2019accordo. Nessuno ha mai votato un partito, una coalizione, un leader in base al programma. Si vota per interesse, o per appartenenza, o sull\u2019onda della tendenza del momento. I programmi di partito non li legge nessuno. E comunque ve lo dico io qual \u00e8 il programma del centrosinistra: aumentare le tasse a chi gi\u00e0 le paga, e aumentare ulteriormente la spesa pubblica. Leggo interviste inquietanti, secondo cui bisogna far pagare le tasse ai \u00absuper ricchi\u00bb che superano gli 80 mila euro lordi l\u2019anno. Vengono cio\u00e8 considerati alla stregua di Elon Musk, che ha un patrimonio personale di un triliardo di dollari, lavoratori che hanno ben meritato nella vita e portano una responsabilit\u00e0: dimezzati dalle aliquote che gi\u00e0 ci sono, 81 mila euro all\u2019anno equivalgono a uno stipendio di poco pi\u00f9 di 3 mila euro netti al mese, il salario di un medico ospedaliero, di un preside, di un ufficiale delle forze dell\u2019ordine. Certo, tassare i veri super ricchi sarebbe giusto; ma i loro patrimoni sono quasi tutti gi\u00e0 al sicuro nei paradisi fiscali. Questo per\u00f2 i capi del centrosinistra non lo sanno, o fingono di non saperlo. Certo, gli italiani che dichiarano pi\u00f9 di 80 mila euro sono pochi; ma quelli che li guadagnano sono molto di pi\u00f9. Il centrosinistra dovrebbe far pagare le tasse a chi non le paga; ma \u00e8 molto pi\u00f9 facile accanirsi sui contribuenti che non vogliono o non possono evadere.<\/b><br \/><b>In realt\u00e0, la scelta del leader \u00e8 molto importante. In tutte le democrazie moderne la figura del candidato premier \u00e8 decisiva. Non \u00e8 affatto la stessa cosa se a guidare la coalizione sar\u00e0 Elly Schlein o Giuseppe Conte o Silvia Salis o una quarta figura che oggi non si riesce ancora a intravedere. Le primarie possono diventare una lotta fratricida, come possono essere l\u2019occasione per costruire una coalizione vera; mi permetto per\u00f2 di dubitarne, perch\u00e9 i Cinquestelle nascono contro il Pd, i due elettorati restano molto distanti su tanti punti, e non sempre partiti diversi riescono a sommare i loro voti. Molto dipender\u00e0 dalla legge elettorale. Se imporr\u00e0 di indicare il leader della coalizione, il centrosinistra non se la potr\u00e0 cavare indicando un diciottenne e un partigiano. Decisive saranno anche le regole: i Cinquestelle spingono per il voto via web, il Pd per i gazebo; Conte ha bisogno del turno unico, il Pd del doppio turno.<\/b>    &#13;<br \/>\n&#13;<br \/>\n&#13;<br \/>\n&#13;<br \/>\n&#13;<br \/>\n&#13;<br \/>\n&#13;<br \/>\n&#13;<br \/>\n&#13;<br \/>\n&#13;<br \/>\n&#13;<br \/>\n&#13;<br \/>\n&#13;<br \/>\n&#13;<br \/>\n&#13;<br \/>\n&#13;<br \/>\n&#13;<br \/>\n&#13;<br \/>\n&#13;<br \/>\n&#13;<br \/>\n&#13;<br \/>\n&#13;<br \/>\n&#13;<br \/>\n&#13;<br \/>\n&#13;<br \/>\n&#13;<br \/>\n&#13;<br \/>\n&#13;<br \/>\n&#13;<br \/>\n&#13;<br \/>\n&#13;<br \/>\n&#13;<br \/>\n&#13;<br \/>\n&#13;<br \/>\n&#13;<br \/>\n&#13;<br \/>\n&#13;<br \/>\n&#13;<br \/>\n&#13;<br \/>\n&#13;<br \/>\n&#13;<br \/>\n&#13;<br \/>\n&#13;<br \/>\n&#13;<br \/>\n&#13;<br \/>\n&#13;<br \/>\n&#13;<br \/>\n&#13;<br \/>\n&#13;<br \/>\n&#13;<br \/>\n&#13;<br \/>\n&#13;<br \/>\n&#13;\n<\/p>\n<p class=\"is-last-update\" datetime=\"2026-09-01T18:17:53+02:00\">1 settembre 2026<\/p>\n<p class=\"is-copyright\">\n            \u00a9 RIPRODUZIONE RISERVATA\n        <\/p>\n","protected":false},"excerpt":{"rendered":"Caro Aldo,sono un cittadino con tendenze conservatrici ma non ho mai votato per chi non riesce a pronunciare&hellip;\n","protected":false},"author":3,"featured_media":396003,"comment_status":"","ping_status":"","sticky":false,"template":"","format":"standard","meta":{"footnotes":"","_share_on_mastodon":"0"},"categories":[160],"tags":[2111,2780,105571,121,2790,14,164,165,724,2097,364415,364416,9443,381,1207,166,1354,7,15,16411,14283,115934,30572,29,490,3522,897,9008,26548,3207,1360,26549,26550,6784,364417,19627,11,167,12,168,68639,2424,161,162,163],"class_list":["post-660859","post","type-post","status-publish","format-standard","has-post-thumbnail","category-mondo","tag-aumentare","tag-centrosinistra","tag-cinquestelle","tag-coalizione","tag-conte","tag-cronaca","tag-dal-mondo","tag-dalmondo","tag-euro","tag-far","tag-far-pagare","tag-far-pagare-tasse","tag-figura","tag-leader","tag-legge","tag-mondo","tag-ne","tag-news","tag-notizie","tag-paga","tag-pagare","tag-pagare-tasse","tag-partiti","tag-partito","tag-pd","tag-possono","tag-programma","tag-programmi","tag-ricchi","tag-riesce","tag-scelta","tag-super","tag-super-ricchi","tag-tasse","tag-tasse-paga","tag-turno","tag-ultime-notizie","tag-ultime-notizie-di-mondo","tag-ultimenotizie","tag-ultimenotiziedimondo","tag-votato","tag-voto","tag-world","tag-world-news","tag-worldnews"],"share_on_mastodon":{"url":"","error":"Validation failed: Text character limit of 500 exceeded"},"_links":{"self":[{"href":"https:\/\/www.europesays.com\/it\/wp-json\/wp\/v2\/posts\/660859","targetHints":{"allow":["GET"]}}],"collection":[{"href":"https:\/\/www.europesays.com\/it\/wp-json\/wp\/v2\/posts"}],"about":[{"href":"https:\/\/www.europesays.com\/it\/wp-json\/wp\/v2\/types\/post"}],"author":[{"embeddable":true,"href":"https:\/\/www.europesays.com\/it\/wp-json\/wp\/v2\/users\/3"}],"replies":[{"embeddable":true,"href":"https:\/\/www.europesays.com\/it\/wp-json\/wp\/v2\/comments?post=660859"}],"version-history":[{"count":0,"href":"https:\/\/www.europesays.com\/it\/wp-json\/wp\/v2\/posts\/660859\/revisions"}],"wp:featuredmedia":[{"embeddable":true,"href":"https:\/\/www.europesays.com\/it\/wp-json\/wp\/v2\/media\/396003"}],"wp:attachment":[{"href":"https:\/\/www.europesays.com\/it\/wp-json\/wp\/v2\/media?parent=660859"}],"wp:term":[{"taxonomy":"category","embeddable":true,"href":"https:\/\/www.europesays.com\/it\/wp-json\/wp\/v2\/categories?post=660859"},{"taxonomy":"post_tag","embeddable":true,"href":"https:\/\/www.europesays.com\/it\/wp-json\/wp\/v2\/tags?post=660859"}],"curies":[{"name":"wp","href":"https:\/\/api.w.org\/{rel}","templated":true}]}}