{"id":660879,"date":"2026-09-02T05:27:22","date_gmt":"2026-09-02T05:27:22","guid":{"rendered":"https:\/\/www.europesays.com\/it\/660879\/"},"modified":"2026-09-02T05:27:22","modified_gmt":"2026-09-02T05:27:22","slug":"frattesi-il-retroscena-sulladdio-allinter-e-il-boom-alla-lazio-cosa-non-ha-funzionato","status":"publish","type":"post","link":"https:\/\/www.europesays.com\/it\/660879\/","title":{"rendered":"Frattesi il retroscena sull&#8217;addio all&#8217;Inter (e il boom alla Lazio): cosa non ha funzionato"},"content":{"rendered":"<p>                                Il rapporto, specialmente con Inzaghi, si incrin\u00f2 a seguito del 5-0 contro il Psg (zero minuti nonostante i gol con Bar\u00e7a e Bayern). L&#8217;arrivo di Chivu rinvi\u00f2 l&#8217;addio, ma tra piccoli infortuni e la voglia di responsabilit\u00e0&#8230;<\/p>\n<p>            <a class=\"image is-50x50\" href=\"https:\/\/www.gazzetta.it\/redazione\/gregorio-spigno\/\" rel=\"nofollow noopener\" target=\"_blank\"><br \/>\n                <img decoding=\"async\" class=\"is-rounded\" src=\"https:\/\/www.europesays.com\/it\/wp-content\/uploads\/2025\/11\/gregorio_spigno_avatar.png\" alt=\"Gregorio Spigno\"\/><br \/>\n            <\/a><\/p>\n<p>Giornalista<\/p>\n<p>                    1 settembre &#8211; 22:34  &#8211; MILANO<\/p>\n<p class=\"paragraph\" spellcheck=\"true\">L&#8217;addio di Davide Frattesi all&#8217;Inter era stato solo rinviato. E mica di poco: precisamente, 440 giorni. Il balzo all&#8217;indietro va fatto di un anno e qualche mese, per tornare ad una data che i tifosi nerazzurri vorrebbero cancellare dalla storia. Il 31 maggio del 2025, finale di Champions League, Inter contro Psg. Chiunque ricorder\u00e0 l&#8217;epilogo di quella disastrosa serata, ma Frattesi forse un po&#8217; di pi\u00f9. Non perch\u00e9 fosse stato protagonista della partita &#8211; tutti i 90&#8242; li trascorse in panchina -, ma perch\u00e9 proprio in quegli istanti il centrocampista matur\u00f2 la definitiva consapevolezza che il suo periodo all&#8217;Inter avesse raggiunto il capolinea. Tanto da confermarlo lui stesso nel post con cui pi\u00f9 di recente ha detto addio ai colori nerazzurri: &#8220;Purtroppo dopo quella maledetta finale qualcosa in me \u00e8 cambiato&#8230;&#8221;. Frattesi avrebbe salutato Milano subito dopo Monaco di Baviera. Intimamente la decisione era gi\u00e0 stata presa, ma una variabile con nome e cognome ben precisi cambi\u00f2 la storia: Simone Inzaghi.<\/p>\n<p>        addio rinviato\u2014 \u00a0<\/p>\n<p class=\"paragraph\" spellcheck=\"true\">Il primo aspetto da sottolineare, restando sempre sulla finale contro il Psg, \u00e8 che dentro Frattesi &#8211; oltre alla frustrazione per il 5-0 incassato dalla squadra &#8211; mont\u00f2 un sentimento di rabbia causato dalla delusione per non averne giocato nemmeno un minuto, di quella finale. E chi, pi\u00f9 di lui, avrebbe meritato un&#8217;altra serata da protagonista dopo il gol del 4-3 al Barcellona in semifinale e quello dell&#8217;altrettanto decisivo 1-2 all&#8217;Allianz Arena sul campo del Bayern Monaco nei quarti?\u00a0<\/p>\n<p><a class=\"is-partner-link\" href=\"https:\/\/ad.doubleclick.net\/ddm\/trackclk\/N1792338.340088CAIRORCSMEDIAS.P.\/B28038690.452531709;dc_trk_aid=646241311;dc_trk_cid=173665161;dc_lat=;dc_rdid=;tag_for_child_directed_treatment=;tfua=;gdpr=%24%7BGDPR%7D;gdpr_consent=%24%7BGDPR_CONSENT_755%7D;ltd=;dc_tdv=1\" rel=\"nofollow noopener\" target=\"_blank\">Guarda tutte le partite di Serie A Enilive in esclusiva nei locali Sky! Trova il locale pi\u00f9 vicino a te.<\/a><\/p>\n<p class=\"paragraph\" spellcheck=\"true\">Non siamo qui per dare giudizi, ma almeno sotto l&#8217;aspetto sentimentale appare una reazione legittima. Cos\u00ec Frattesi decise di chiudere il suo capitolo all&#8217;Inter&#8230; Se Inzaghi fosse rimasto saldo sulla panchina nerazzurra. Subito dopo, per\u00f2, Simone ha scelto l&#8217;Arabia Saudita, a Milano \u00e8 tornato Chivu e il disegno del nuovo tecnico prevedeva un ruolo importante per Davide: l&#8217;incursore, l&#8217;uomo capace di rompere gli equilibri, il centrocampista offensivo in grado di piazzarsi quasi da trequartista dietro le due punte. E poi la piacevole visita del nuovo allenatore in clinica dopo l&#8217;operazione causata da un&#8217;ernia&#8230; Ok, convinto: ancora Inter. Il problema \u00e8 che successivamente, durante la stagione scorsa, sono emersi altri piccoli fastidi fisici che hanno rallentato il reinserimento di Frattesi all&#8217;interno del gruppo, la porta era diventata piccola piccola (zero gol in 33 presenze complessive tra tutte le competizioni) e quella sensazione che l&#8217;idillio fosse ormai finito tornava periodicamente ad insinuarsi nel cuore e nella testa di Davide. Che ha sfiorato l&#8217;addio ad ogni sessione di mercato senza mai trovarlo realmente fino ad un paio di settimane fa. E, forse, per ritrovarsi davvero aveva solo bisogno dell&#8217;aria di casa.\u00a0<\/p>\n<p class=\"is-copyright\">\u00a9 RIPRODUZIONE RISERVATA<\/p>\n","protected":false},"excerpt":{"rendered":"Il rapporto, specialmente con Inzaghi, si incrin\u00f2 a seguito del 5-0 contro il Psg (zero minuti nonostante i&hellip;\n","protected":false},"author":3,"featured_media":660880,"comment_status":"","ping_status":"","sticky":false,"template":"","format":"standard","meta":{"footnotes":"","_share_on_mastodon":"0"},"categories":[176],"tags":[2983,364420,364421,364422,8788,8486,3153,2839,8506,1426,15049,1976,350,6032,1537,90,89,67101,364419,28,20782,609,3484,7900,4719,655,14393,105306,9065,8206,245,244,1567,7778],"class_list":["post-660879","post","type-post","status-publish","format-standard","has-post-thumbnail","category-sport","tag-addio","tag-addio-colori","tag-addio-colori-nerazzurri","tag-addio-davide","tag-aspetto","tag-bayern","tag-centrocampista","tag-chivu","tag-davide","tag-finale","tag-frattesi","tag-gol","tag-inter","tag-inzaghi","tag-it","tag-italia","tag-italy","tag-maledetta","tag-maledetta-finale","tag-milano","tag-monaco","tag-nerazzurri","tag-panchina","tag-piccola","tag-piccoli","tag-protagonista","tag-psg","tag-rinviato","tag-serata","tag-simone","tag-sport","tag-sports","tag-storia","tag-zero"],"share_on_mastodon":{"url":"https:\/\/pubeurope.com\/@it\/117199795617643341","error":""},"_links":{"self":[{"href":"https:\/\/www.europesays.com\/it\/wp-json\/wp\/v2\/posts\/660879","targetHints":{"allow":["GET"]}}],"collection":[{"href":"https:\/\/www.europesays.com\/it\/wp-json\/wp\/v2\/posts"}],"about":[{"href":"https:\/\/www.europesays.com\/it\/wp-json\/wp\/v2\/types\/post"}],"author":[{"embeddable":true,"href":"https:\/\/www.europesays.com\/it\/wp-json\/wp\/v2\/users\/3"}],"replies":[{"embeddable":true,"href":"https:\/\/www.europesays.com\/it\/wp-json\/wp\/v2\/comments?post=660879"}],"version-history":[{"count":0,"href":"https:\/\/www.europesays.com\/it\/wp-json\/wp\/v2\/posts\/660879\/revisions"}],"wp:featuredmedia":[{"embeddable":true,"href":"https:\/\/www.europesays.com\/it\/wp-json\/wp\/v2\/media\/660880"}],"wp:attachment":[{"href":"https:\/\/www.europesays.com\/it\/wp-json\/wp\/v2\/media?parent=660879"}],"wp:term":[{"taxonomy":"category","embeddable":true,"href":"https:\/\/www.europesays.com\/it\/wp-json\/wp\/v2\/categories?post=660879"},{"taxonomy":"post_tag","embeddable":true,"href":"https:\/\/www.europesays.com\/it\/wp-json\/wp\/v2\/tags?post=660879"}],"curies":[{"name":"wp","href":"https:\/\/api.w.org\/{rel}","templated":true}]}}