{"id":660903,"date":"2026-09-02T05:51:24","date_gmt":"2026-09-02T05:51:24","guid":{"rendered":"https:\/\/www.europesays.com\/it\/660903\/"},"modified":"2026-09-02T05:51:24","modified_gmt":"2026-09-02T05:51:24","slug":"le-novita-disney-di-settembre-2026-tra-film-serie-tv-e-nuove-stagioni","status":"publish","type":"post","link":"https:\/\/www.europesays.com\/it\/660903\/","title":{"rendered":"Le novit\u00e0 Disney+ di settembre 2026 tra film, serie tv e nuove stagioni"},"content":{"rendered":"<p><img fetchpriority=\"high\" decoding=\"async\" width=\"670\" height=\"377\" src=\"https:\/\/www.europesays.com\/it\/wp-content\/uploads\/2026\/09\/the-mandalorian-and-grogu-incassi-debutto-670x377.webp\" alt=\"The Mandalorian and Grogu in streaming a settembre 2026 su Disney+\" class=\"wp-image-372937\"  \/>Immagine da Star Wars: The Mandalorian and Grogu<\/p>\n<p class=\"wp-block-paragraph\">Le novit\u00e0 Disney+ di settembre 2026 includono film, serie tv e nuove stagioni, tra produzioni originali e ritorni di franchise gi\u00e0 avviati.<\/p>\n<p class=\"wp-block-paragraph\"><strong>TITOLI PRINCIPALI DEL MESE<\/strong><\/p>\n<p class=\"wp-block-paragraph\"><strong>STAR WARS: THE MANDALORIAN AND GROGU<\/strong> \u2013 Film \u2013 Dal 2 settembre<br \/>L\u2019Impero \u00e8 caduto e i signori della guerra imperiali sono ancora sparsi per la galassia. Mentre cerca di proteggere tutto ci\u00f2 per cui l\u2019Alleanza Ribelle ha combattuto, la nascente Nuova Repubblica arruola il leggendario cacciatore di taglie mandaloriano Din Djarin (Pedro Pascal) e il suo giovane apprendista Grogu. Star Wars: The Mandalorian and Grogu \u00e8 interpretato anche da Sigourney Weaver, con la voce di Martin Scorsese e Jeremy Allen White nella versione originale. Il film \u00e8 diretto da Jon Favreau e scritto da Jon Favreau, Dave Filoni e Noah Kloor. Attenzione: alcune sequenze di immagini ed effetti di luce lampeggiante potrebbero avere conseguenze sugli spettatori fotosensibili.<\/p>\n<p class=\"wp-block-paragraph\"><strong>CHAD POWERS S2<\/strong> \u2013 Serie TV \u2013 Dal 3 settembre<br \/>Chad Powers \u00e8 una superstar sul campo, ma il suo stravagante comportamento quando non gioca insospettisce tutti, specialmente Coach Hudson e Gerry. La bugia di Russ sta per essere smascherata e, se lui e Danny vogliono che Chad superi indenne la stagione e guidi i Catfish al College Football Playoff, l\u2019unica persona che pu\u00f2 aiutarli \u00e8 proprio quella che meno vorrebbe farlo: Ricky.<\/p>\n<p class=\"wp-block-paragraph\"><strong>BENVENUTI IN CAMPAGNA<\/strong> \u2013 Film \u2013 Dal 7 settembre<br \/>Gerry, ricercatore universitario precario, sua moglie Ilaria, vigilessa sempre in strada nel caos cittadino, e il loro figlio adolescente Giulio, sono ad un punto di svolta nelle loro esistenze. Sar\u00e0 il bilocale in cui sono costretti a vivere, sar\u00e0 che la loro libido \u00e8 scivolata tre metri sottoterra, sar\u00e0 che la citt\u00e0 li sta lentamente strangolando nei suoi grigi tentacoli, ma la famiglia Fontana ha preso una decisione radicale: \u00e8 necessario un ritorno alla NATURA! Trasferirsi in aperta campagna sognando di rendere una fattoria diroccata una moderna azienda agricola, sembra l\u2019unica scelta in grado di rasserenare la nostra coppia aiutandoli a sconfiggere l\u2019ansia urbana e l\u2019incertezza verso il futuro. Se non fosse che se c\u2019\u00e8 qualcosa che \u00e8 proprio l\u2019opposto della serenit\u00e0, beh, \u00e8 la natura. E i nostri lo scopriranno presto. Attraversando una serie di disavventure, dall\u2019affabile vicino milionario che gioca a fare il coltivatore, alla scoperta del primo amore da parte del giovane Giulio, passando per punture d\u2019insetto, trivellazioni sbagliate e miseri raccolti, tutte le loro speranze Green appassiranno miseramente.<\/p>\n<p class=\"wp-block-paragraph\"><strong>PSYCHO KILLER<\/strong> \u2013 Film \u2013 Dal 9 settembre<br \/>In seguito al brutale omicidio di suo marito, un\u2019agente della pattuglia autostradale del Kansas (Georgina Campbell) intraprende un viaggio per rintracciare il responsabile. Con il progredire delle indagini, si rende conto che l\u2019uomo responsabile (James Preston Rogers) \u00e8 un sadico serial killer e che la sua perversione mentale e il suo oscuro piano sono ancora pi\u00f9 contorti di quanto potesse immaginare.<\/p>\n<p class=\"wp-block-paragraph\"><strong>KING MARRACASH<\/strong> \u2013 Documentario \u2013 Dal 18 settembre<br \/>King Marracash segue un anno di sogni e trionfi del King del rap italiano, attraverso un racconto intimo lungo un anno passato in prossimit\u00e0 con l\u2019artista dove vengono mostrati la quotidianit\u00e0, gli amici, i collaboratori, i riconoscimenti, le canzoni e l\u2019amore. King Marracash \u00e8 un docufilm che intreccia la dimensione artistica e personale dell\u2019artista, arricchito dalle testimonianze di chi ha condiviso con lui questo percorso: Deleterio, Elodie, Gu\u00e8, Jacopo Pesce, Matteo Mancuso, Marz, Mirko Rizzo, Paola Zukar, Rame e Massimo Recalcati.<\/p>\n<p class=\"wp-block-paragraph\"><strong>BECOMING HER: PRIMA DI DIVENTARE GRANDI<\/strong> \u2013 Documentario \u2013 Dal 21 settembre<br \/>Prodotto dallo Juventus Creator Lab, il documentario segue Sofia Cholovskaya, Samantha Lee e Anna Copelli, rispettivamente appartenenti alle Juventus Academy di Al Khobar (Arabia Saudita), Los Angeles (Stati Uniti) e al settore giovanile bianconero, che si allena presso l\u2019Allianz Training Center di Vinovo (Italia). Tra momenti di vita quotidiana, riflessioni e allenamenti, le tre giovani ragazze unite dalla passione per il calcio restituiscono un racconto di grande ambizione e crescita personale, ma anche una volont\u00e0 di affermazione di se stesse. Francesca Michielin, grande sostenitrice della Juventus ed esempio di valorizzazione femminile, sar\u00e0 la voce narrante di questo documentario, un intreccio di tre vite che si muovono all\u2019unisono, distinte ma profondamente connesse.<\/p>\n<p class=\"wp-block-paragraph\"><strong>ADULTS S2<\/strong> \u2013 Serie TV \u2013 Dal 30 settembre<br \/>IIdeata da Ben Kronengold e Rebecca Shaw, Adults \u00e8 una serie comedy corale che racconta di un gruppo di ventenni di New York che si ritrovano insieme in una delle loro case d\u2019infanzia, mentre affrontano le sfide dell\u2019amore, del lavoro, dell\u2019amicizia e della famiglia. In questa stagione, affrontano una nuova serie di interrogativi legati alla vita quotidiana, escogitano complicati espedienti per evitare problemi che non hanno il coraggio di affrontare direttamente e continuano a trovare sempre nuovi modi per sbagliare. C\u2019\u00e8 una cosa che, per\u00f2, riescono a fare sempre: esserci l\u2019uno per l\u2019altro.<\/p>\n<p class=\"wp-block-paragraph\"><strong>GLI ALTRI TITOLI DEL MESE<\/strong><\/p>\n<p class=\"wp-block-paragraph\"><strong>LEGO STAR WARS: MANDALORIAN<\/strong> (2 settembre)<br \/><strong>LOCKER DIARIES: DESCENDANTS<\/strong> (2 settembre)<br \/><strong>DISNEY JUNIOR ARIEL LA SIRENETTA S2 \u2013 NUOVI EPISODI<\/strong> (2 settembre)<br \/><strong>ONE PIECE S1-3<\/strong> (3 settembre)<br \/><strong>THE GIRLS: A KHLO\u00c9 KARDASHIAN PROJECT<\/strong> (9 settembre)<br \/><strong>MADE IN KOREA S2<\/strong> (9 settembre)<br \/><strong>LA VITA SEGRETA DELLE MOGLI MORMONI S5<\/strong> (10 settembre)<br \/><strong>CITY OF BLOOD<\/strong> (16 settembre)<br \/><strong>MINIMUM SECURITY<\/strong> (16 settembre)<br \/><strong>SPIDEY E I SUOI FANTASTICI AMICI S5 \u2013 NUOVI EPISODI<\/strong> (16 settembre)<br \/><strong>ONE PIECE S4-8<\/strong> (17 settembre)<br \/><strong>ONE PIECE S9-16<\/strong> (24 settembre)<br \/><strong>IL SALVATAGGIO DEI MINATORI CILENI: CORSA CONTRO IL TEMPO<\/strong> (26 settembre)<br \/><strong>YU-GI-OH! S4<\/strong> (28 settembre)<\/p>\n<p class=\"wp-block-paragraph\"><strong>Leggi anche: <a href=\"https:\/\/fumettologica.it\/2026\/05\/the-mandalorian-grogu-recensione\/\" rel=\"nofollow noopener\" target=\"_blank\">The Mandalorian &amp; Grogu \u00e8 un film di Star Wars confuso e senz\u2019anima<\/a><\/strong><\/p>\n<p class=\"has-background wp-block-paragraph\" style=\"background-color:#eeeeee\"><strong>Seguici su Instagram, <a href=\"https:\/\/www.instagram.com\/fumettologica\/\" rel=\"nofollow noopener\" target=\"_blank\">clicca qui<\/a>. <br \/>Se leggi spesso Fumettologica, puoi aggiungerla alle tue fonti preferite su Google per trovare pi\u00f9 facilmente i nostri articoli tra le notizie che ti interessano. Aggiungi Fumettologica alle tue fonti preferite <a href=\"https:\/\/google.com\/preferences\/source?q=fumettologica.it\" rel=\"nofollow noopener\" target=\"_blank\">cliccando qui<\/a>.<\/strong><\/p>\n<p><script async src=\"\/\/www.instagram.com\/embed.js\"><\/script><\/p>\n","protected":false},"excerpt":{"rendered":"Immagine da Star Wars: The Mandalorian and Grogu Le novit\u00e0 Disney+ di settembre 2026 includono film, serie tv&hellip;\n","protected":false},"author":3,"featured_media":660904,"comment_status":"","ping_status":"","sticky":false,"template":"","format":"standard","meta":{"footnotes":"","_share_on_mastodon":"0"},"categories":[1444],"tags":[9218,203,204,1537,90,89,253],"class_list":["post-660903","post","type-post","status-publish","format-standard","has-post-thumbnail","category-tv","tag-disney","tag-entertainment","tag-intrattenimento","tag-it","tag-italia","tag-italy","tag-tv"],"share_on_mastodon":{"url":"https:\/\/pubeurope.com\/@it\/117199889939771085","error":""},"_links":{"self":[{"href":"https:\/\/www.europesays.com\/it\/wp-json\/wp\/v2\/posts\/660903","targetHints":{"allow":["GET"]}}],"collection":[{"href":"https:\/\/www.europesays.com\/it\/wp-json\/wp\/v2\/posts"}],"about":[{"href":"https:\/\/www.europesays.com\/it\/wp-json\/wp\/v2\/types\/post"}],"author":[{"embeddable":true,"href":"https:\/\/www.europesays.com\/it\/wp-json\/wp\/v2\/users\/3"}],"replies":[{"embeddable":true,"href":"https:\/\/www.europesays.com\/it\/wp-json\/wp\/v2\/comments?post=660903"}],"version-history":[{"count":0,"href":"https:\/\/www.europesays.com\/it\/wp-json\/wp\/v2\/posts\/660903\/revisions"}],"wp:featuredmedia":[{"embeddable":true,"href":"https:\/\/www.europesays.com\/it\/wp-json\/wp\/v2\/media\/660904"}],"wp:attachment":[{"href":"https:\/\/www.europesays.com\/it\/wp-json\/wp\/v2\/media?parent=660903"}],"wp:term":[{"taxonomy":"category","embeddable":true,"href":"https:\/\/www.europesays.com\/it\/wp-json\/wp\/v2\/categories?post=660903"},{"taxonomy":"post_tag","embeddable":true,"href":"https:\/\/www.europesays.com\/it\/wp-json\/wp\/v2\/tags?post=660903"}],"curies":[{"name":"wp","href":"https:\/\/api.w.org\/{rel}","templated":true}]}}