{"id":660958,"date":"2026-09-02T06:41:14","date_gmt":"2026-09-02T06:41:14","guid":{"rendered":"https:\/\/www.europesays.com\/it\/660958\/"},"modified":"2026-09-02T06:41:14","modified_gmt":"2026-09-02T06:41:14","slug":"cantu-i-tifosi-scelgono-le-nuove-stelle","status":"publish","type":"post","link":"https:\/\/www.europesays.com\/it\/660958\/","title":{"rendered":"Cant\u00f9, i tifosi scelgono le nuove stelle"},"content":{"rendered":"\n<p>Compleanni e ricorrenze. A Cant\u00f9 \u00e8 una tradizione, ogni dieci anni, organizzare qualcosa di speciale. Che, soprattutto, sappia coinvolgere la gente e i tifosi. Questa volta, in occasione dei novant\u2019anni, verranno elette dieci nuove stelle per la Hall of Fame, che raggiunger\u00e0 cos\u00ec quota 90. A decidere i nuovi ingressi saranno i tifosi, che potranno esprimere le proprie preferenze sia attraverso una votazione online, disponibile a un link facilmente reperibile sul sito ufficiale del club e sui social, sia compilando una scheda che verr\u00e0 distribuita durante la presentazione ufficiale della squadra in Piazza Garibaldi, venerd\u00ec 11 settembre, e allo stand biancobl\u00f9 in occasione della Festa dello Sport a Cant\u00f9, domenica 13. Le votazioni termineranno marted\u00ec 15 e i dieci nomi scelti saranno premiati nel corso di uno degli eventi futuri in programma per il novantesimo.<\/p>\n<p>La lista \u00e8 corposa, si possono scegliere dieci fra giocatori, allenatori, medici e fisioterapisti storici, dirigenti che hanno accompagnato Cant\u00f9 nel corso del suo lungo cammino. Dieci anni fa, nella Piazza delle Stelle a Cant\u00f9, ci fu una cerimonia condotta dal giornalista di Sky Sport, Massimo Marianella. E fu coinvolto il nostro giornale nel sondaggio, con appositi coupon da ritagliare.<\/p>\n<p>  Chi sono i trenta <\/p>\n<p>Ed ecco i trenta personaggi che \u00e8 possibile votare, presentati sul sito in ordine alfabetico. <\/p>\n<p>Awudu Abass, cresciuto a Cant\u00f9 e scelto da coach Sacripanti come capitano, Pietro Aradori protagonista nella vittoria della Supercoppa a Rimini, Filippo Baldi Rossi, penultimo capitano, Mario Beretta, centro bergamasco: ha vinto uno scudetto, una Intercontinentale e tre Korac. Il primo tecnico \u00e8 Nicola Brienza: nato e cresciuto a Cant\u00f9, ha vissuto tre esperienze diverse da head coach, conquistando la promozione in A nel 2025. Con lui, tra i tecnici, Adriano Rusconi, figura chiave per lo sviluppo del minibasket canturino, Vittorio Tracuzzi, leggendario coach tecnico del basket italiano, e Isidoro Marsan, nell\u2019inedito ruolo di giocatore-allenatore per una stagione.<\/p>\n<p>I giocatori fanno ovviamente la parte del leone e appartengono a varie epoche storiche. Come Adrian Caldwell, centrone in maglia Clear, Marcelo Damiao (una salvezza, un quarto e un terzo posto a Cant\u00f9), Christian Di Giuliomaria, prodotto del vivaio e, durante il Covid, allenatore per un giorno contro Milano. Nell\u2019elenco non poteva mancare Bruce Flowers, tre stagioni da dominatore a Cant\u00f9, vincendo una Coppa dei Campioni, uno scudetto e una Coppa delle Coppe. Tra i giocatori, Angelo Gilardi, Phil Jones, Rimantas Kaukenas, Denis Marconato, Vladimir Micov (un simbolo dell\u2019ultima grande Cant\u00f9), Marcello Motto, Davide Pessina, Joseph Ragland, Guillermo Riofrio, Antonio Sala, Casey Shaw, Renzo Tombolato e Alessandro Zorzolo, altri due personaggi di grande richiamo per i tifosi.<\/p>\n<p>E poi, c\u2019\u00e8 una parte di \u201caltri\u201d. Per modo di dire ovviamente. Perch\u00e9 nell\u2019elenco ci sono dirigenti come Davide Marson, ex presidente e figura chiave del salvataggio del club nel 2019 e Tic \u2013 Tutti Insieme Cant\u00f9, societ\u00e0 di azionariato popolare nata nel 2014 per sostenere Pallacanestro Cant\u00f9 e, poi, intervenuta per salvarla. Altre figure che \u00e8 possibile votare sono storici volti degli \u201cstaff\u201d. Come il compianto dottor Ezio Giani, il preparatore Riccardo Carmina e il massofisioterapista Terenzio Galleani.<\/p>\n<p>Di tutti, su sito e social, \u00e8 presente una scheda personalizzata. E sceglierne dieci, in mezzo a tanti \u201ctotem\u201d, sar\u00e0 davvero un\u2019impresa complicata.  <\/p>\n","protected":false},"excerpt":{"rendered":"Compleanni e ricorrenze. A Cant\u00f9 \u00e8 una tradizione, ogni dieci anni, organizzare qualcosa di speciale. Che, soprattutto, sappia&hellip;\n","protected":false},"author":3,"featured_media":660959,"comment_status":"","ping_status":"","sticky":false,"template":"","format":"standard","meta":{"footnotes":"","_share_on_mastodon":"0"},"categories":[1453],"tags":[364441,364442,1756,40690,1757,364439,364443,1537,90,89,359071,9637,364440,6245,245,244,364437,364438],"class_list":["post-660958","post","type-post","status-publish","format-standard","has-post-thumbnail","category-basket","tag-alessandro-zorzolo","tag-antonio-sala","tag-basket","tag-basket-serie-a","tag-basketball","tag-bruce-flowers","tag-guillermo-riofrio","tag-it","tag-italia","tag-italy","tag-minibasket","tag-pallacanestro","tag-renzo-tombolato","tag-sky-sport","tag-sport","tag-sports","tag-tic-tutti-insieme-cantu","tag-vittorio-tracuzzi"],"share_on_mastodon":{"url":"https:\/\/pubeurope.com\/@it\/117200085833676986","error":""},"_links":{"self":[{"href":"https:\/\/www.europesays.com\/it\/wp-json\/wp\/v2\/posts\/660958","targetHints":{"allow":["GET"]}}],"collection":[{"href":"https:\/\/www.europesays.com\/it\/wp-json\/wp\/v2\/posts"}],"about":[{"href":"https:\/\/www.europesays.com\/it\/wp-json\/wp\/v2\/types\/post"}],"author":[{"embeddable":true,"href":"https:\/\/www.europesays.com\/it\/wp-json\/wp\/v2\/users\/3"}],"replies":[{"embeddable":true,"href":"https:\/\/www.europesays.com\/it\/wp-json\/wp\/v2\/comments?post=660958"}],"version-history":[{"count":0,"href":"https:\/\/www.europesays.com\/it\/wp-json\/wp\/v2\/posts\/660958\/revisions"}],"wp:featuredmedia":[{"embeddable":true,"href":"https:\/\/www.europesays.com\/it\/wp-json\/wp\/v2\/media\/660959"}],"wp:attachment":[{"href":"https:\/\/www.europesays.com\/it\/wp-json\/wp\/v2\/media?parent=660958"}],"wp:term":[{"taxonomy":"category","embeddable":true,"href":"https:\/\/www.europesays.com\/it\/wp-json\/wp\/v2\/categories?post=660958"},{"taxonomy":"post_tag","embeddable":true,"href":"https:\/\/www.europesays.com\/it\/wp-json\/wp\/v2\/tags?post=660958"}],"curies":[{"name":"wp","href":"https:\/\/api.w.org\/{rel}","templated":true}]}}