{"id":660995,"date":"2026-09-02T07:12:15","date_gmt":"2026-09-02T07:12:15","guid":{"rendered":"https:\/\/www.europesays.com\/it\/660995\/"},"modified":"2026-09-02T07:12:15","modified_gmt":"2026-09-02T07:12:15","slug":"artaporter-le-opere-a-tavola","status":"publish","type":"post","link":"https:\/\/www.europesays.com\/it\/660995\/","title":{"rendered":"Artaporter, le opere a tavola"},"content":{"rendered":"<p>Nasce \u2018Artaporter\u2019, un incontro tra esperienza gastronomica e visione artistica. Al ristorante Cavaliere a Corte e pasticceria Leon D\u2019Oro, le opere di Emanuela Catozzi trasformano il gusto in un viaggio visivo. L\u2019artista da maggio di quest\u2019anno ha creato questo progetto, esponendo nel territorio Ferrarese, tra cui l\u2019Hotel Duchessa Isabella, il Ristorante Cavaliere a Corte e la Pasticceria Leon D\u2019Oro. &#8220;L\u2019iniziativa \u00e8 una scintilla che accende il dialogo tra due mondi solo apparentemente distanti &#8211; precisa Emanuela &#8211; arte e luoghi del quotidiano. Ovviamente non \u00e8 cos\u00ec perch\u00e9 l\u2019arte ci circonda sempre, soprattutto per chi vive in citt\u00e0 come le nostre; citt\u00e0 verso le quali tutti abbiamo delle responsabilit\u00e0. Ho chiamato questo progetto \u2019Art-\u00e0-Porter\u2019 con l\u2019idea di portare l\u2019arte fuori degli spazi espositivi tradizionali, entrando nei luoghi della quotidianit\u00e0 e creando nuove occasioni di incontro&#8221;. Questa mostra nasce con l\u2019intento di mettere in dialogo le opere con un luogo ricco di storia e fascino come l\u2019Hotel Duchessa Isabella, affinch\u00e9 l\u2019arte diventi parte integrante dell\u2019esperienza vissuta dagli ospiti. Nell\u2019esposizione presso Il Ristorante Cavaliere a Corte e la Pasticceria Leon D\u2019Oro l\u2019iniziativa accende il dialogo tra pittura e cucina. \u00c8 un\u2019esperienza immersiva totale, dove lo sguardo si nutre insieme al palato. Le opere accompagnano il cliente durante il pasto, diventando parte integrante dell\u2019atmosfera. L\u2019artista ferrarese \u00e8 stata selezionata per la Biennale di Chianciano 2026, ricevendo il premio menzione speciale sezione pittura a Chianciano, una delle rassegne internazionali d\u2019arte pi\u00f9 prestigiose d\u2019Europa, conclusasi a fine mese al Museo d\u2019Arte di Chianciano Terme e mentre la Biennale celebra la sua IX edizione con circa 300 talenti creativi provenienti da oltre 50 nazioni. <\/p>\n<p>Claudio Castagnoli<\/p>\n","protected":false},"excerpt":{"rendered":"Nasce \u2018Artaporter\u2019, un incontro tra esperienza gastronomica e visione artistica. Al ristorante Cavaliere a Corte e pasticceria Leon&hellip;\n","protected":false},"author":3,"featured_media":660996,"comment_status":"","ping_status":"","sticky":false,"template":"","format":"standard","meta":{"footnotes":"","_share_on_mastodon":"0"},"categories":[1446],"tags":[364487,1615,1613,1614,1611,1610,1612,203,204,1537,90,89,731,35642],"class_list":["post-660995","post","type-post","status-publish","format-standard","has-post-thumbnail","category-arte-e-design","tag-artaporter","tag-arte","tag-arte-e-design","tag-arteedesign","tag-arts","tag-arts-and-design","tag-design","tag-entertainment","tag-intrattenimento","tag-it","tag-italia","tag-italy","tag-opere","tag-tavola"],"share_on_mastodon":{"url":"","error":""},"_links":{"self":[{"href":"https:\/\/www.europesays.com\/it\/wp-json\/wp\/v2\/posts\/660995","targetHints":{"allow":["GET"]}}],"collection":[{"href":"https:\/\/www.europesays.com\/it\/wp-json\/wp\/v2\/posts"}],"about":[{"href":"https:\/\/www.europesays.com\/it\/wp-json\/wp\/v2\/types\/post"}],"author":[{"embeddable":true,"href":"https:\/\/www.europesays.com\/it\/wp-json\/wp\/v2\/users\/3"}],"replies":[{"embeddable":true,"href":"https:\/\/www.europesays.com\/it\/wp-json\/wp\/v2\/comments?post=660995"}],"version-history":[{"count":0,"href":"https:\/\/www.europesays.com\/it\/wp-json\/wp\/v2\/posts\/660995\/revisions"}],"wp:featuredmedia":[{"embeddable":true,"href":"https:\/\/www.europesays.com\/it\/wp-json\/wp\/v2\/media\/660996"}],"wp:attachment":[{"href":"https:\/\/www.europesays.com\/it\/wp-json\/wp\/v2\/media?parent=660995"}],"wp:term":[{"taxonomy":"category","embeddable":true,"href":"https:\/\/www.europesays.com\/it\/wp-json\/wp\/v2\/categories?post=660995"},{"taxonomy":"post_tag","embeddable":true,"href":"https:\/\/www.europesays.com\/it\/wp-json\/wp\/v2\/tags?post=660995"}],"curies":[{"name":"wp","href":"https:\/\/api.w.org\/{rel}","templated":true}]}}