{"id":660997,"date":"2026-09-02T07:14:22","date_gmt":"2026-09-02T07:14:22","guid":{"rendered":"https:\/\/www.europesays.com\/it\/660997\/"},"modified":"2026-09-02T07:14:22","modified_gmt":"2026-09-02T07:14:22","slug":"un-posto-al-sole-anticipazioni-2-e-3-settembre-2026-incidenti-tensioni-e-nuovi-sviluppi-per-alberto-clara-e-gianluca-2","status":"publish","type":"post","link":"https:\/\/www.europesays.com\/it\/660997\/","title":{"rendered":"Un Posto al Sole, anticipazioni 2 e 3 settembre 2026: incidenti, tensioni e nuovi sviluppi per Alberto, Clara e Gianluca"},"content":{"rendered":"<p>Anticipazioni 3 settembre <\/p>\n<p>La confessione di <b>Anna<\/b> metter\u00e0 definitivamente <b>Alberto<\/b> di fronte alle proprie responsabilit\u00e0. <b>Clara<\/b>, intanto, prover\u00e0 a rimettersi in gioco lanciandosi in un progetto a carattere sociale, ma la presenza di <b>Eduardo<\/b> rischier\u00e0 di far riesplodere il caos. A casa <b>Giordano<\/b>, infine, l&#8217;ospitalit\u00e0 si trasformer\u00e0 quasi in una commedia degli equivoci: <b>Bice<\/b> e <b>Massaro<\/b> ritroveranno una sorprendente sintonia, lasciando <b>Guido<\/b> e <b>Mariella<\/b> costretti a fare buon viso a cattivo gioco.<\/p>\n","protected":false},"excerpt":{"rendered":"Anticipazioni 3 settembre La confessione di Anna metter\u00e0 definitivamente Alberto di fronte alle proprie responsabilit\u00e0. Clara, intanto, prover\u00e0&hellip;\n","protected":false},"author":3,"featured_media":660207,"comment_status":"","ping_status":"","sticky":false,"template":"","format":"standard","meta":{"footnotes":"","_share_on_mastodon":"0"},"categories":[1444],"tags":[1518,179238,89886,61104,465,203,204,1537,90,89,11099,2655,253,2657,2658],"class_list":["post-660997","post","type-post","status-publish","format-standard","has-post-thumbnail","category-tv","tag-anticipazioni","tag-anticipazioni-oggi","tag-anticipazioni-tv","tag-anticipazioni-un-posto-al-sole","tag-clara","tag-entertainment","tag-intrattenimento","tag-it","tag-italia","tag-italy","tag-oggi-in-tv","tag-rai-3","tag-tv","tag-un-posto-al-sole","tag-un-posto-al-sole-anticipazioni"],"share_on_mastodon":{"url":"https:\/\/pubeurope.com\/@it\/117200215667483279","error":""},"_links":{"self":[{"href":"https:\/\/www.europesays.com\/it\/wp-json\/wp\/v2\/posts\/660997","targetHints":{"allow":["GET"]}}],"collection":[{"href":"https:\/\/www.europesays.com\/it\/wp-json\/wp\/v2\/posts"}],"about":[{"href":"https:\/\/www.europesays.com\/it\/wp-json\/wp\/v2\/types\/post"}],"author":[{"embeddable":true,"href":"https:\/\/www.europesays.com\/it\/wp-json\/wp\/v2\/users\/3"}],"replies":[{"embeddable":true,"href":"https:\/\/www.europesays.com\/it\/wp-json\/wp\/v2\/comments?post=660997"}],"version-history":[{"count":0,"href":"https:\/\/www.europesays.com\/it\/wp-json\/wp\/v2\/posts\/660997\/revisions"}],"wp:featuredmedia":[{"embeddable":true,"href":"https:\/\/www.europesays.com\/it\/wp-json\/wp\/v2\/media\/660207"}],"wp:attachment":[{"href":"https:\/\/www.europesays.com\/it\/wp-json\/wp\/v2\/media?parent=660997"}],"wp:term":[{"taxonomy":"category","embeddable":true,"href":"https:\/\/www.europesays.com\/it\/wp-json\/wp\/v2\/categories?post=660997"},{"taxonomy":"post_tag","embeddable":true,"href":"https:\/\/www.europesays.com\/it\/wp-json\/wp\/v2\/tags?post=660997"}],"curies":[{"name":"wp","href":"https:\/\/api.w.org\/{rel}","templated":true}]}}