{"id":661000,"date":"2026-09-02T07:16:14","date_gmt":"2026-09-02T07:16:14","guid":{"rendered":"https:\/\/www.europesays.com\/it\/661000\/"},"modified":"2026-09-02T07:16:14","modified_gmt":"2026-09-02T07:16:14","slug":"arriva-il-malloppo-crime-comedy-con-diego-abatantuono-cosa-sapere","status":"publish","type":"post","link":"https:\/\/www.europesays.com\/it\/661000\/","title":{"rendered":"Arriva Il Malloppo, crime comedy con Diego Abatantuono: cosa sapere"},"content":{"rendered":"<p>Dal 3 settembre arriva al cinema Il Malloppo, la nuova commedia di Volfango De Biasi con &#8211; tra gli altri &#8211; il Mago Forest, Max Angioni e Diego Abatantuono. Ecco cosa sapere sulla pellicola.<\/p>\n<p>\t\t \tLa trama<\/p>\n<p>A Ferrara, un ex rapinatore, Diego Viani (Abatantuono), conosciuto come il Brigante, che ha chiuso con il crimine, diventa il principale sospettato per la morte misteriosa di un vecchio complice e per la scomparsa di cinque miliardi di lire in lingotti d\u2019oro. A credere alla sua innocenza c&#8217;\u00e8 solo Michele Ragusa (Mago Forest), sgangherato investigatore affiancato dal tirocinante Alex (Max Angioni). L\u2019indagine riporter\u00e0 a galla un passato che sembrava ormai lontano.<\/p>\n<p>Il cast<\/p>\n<p>Accanto al Mago Forest, Max Angioni e Diego Abatantuono, ci sono Maria Amelia Monti che interpreta Lorena, ex moglie del Brigante, Irene Girotti, che \u00e8 Sara Viani, figlia dell\u2019ex rapinatore e agente di polizia e Antonio Catania, nei panni del commissario Castrone. C\u2019\u00e8 anche Bebo Storti nel ruolo di Veleno, ex rapinatore della banda del Brigante. Paola Sambo interpreta invece Gianna, compagna di Veleno.<\/p>\n<p>\t\t\t<a class=\"c-inline-card j-inline-card c-inline-card--with-image\" href=\"https:\/\/tg24.sky.it\/spettacolo\/cinema\/2026\/08\/28\/il-malloppo-film\" rel=\"follow nofollow noopener\" data-intcmp=\"skytg24_articolo_approfondimenti_inline\" target=\"_blank\"><\/p>\n<p>\t\t\t         <img decoding=\"async\" crossorigin=\"anonymous\" alt=\"\"  loading=\"lazy\"  src=\"https:\/\/www.europesays.com\/it\/wp-content\/uploads\/2026\/09\/Webphoto_Il_malloppo_076734_03.jpg\"\/><\/p>\n<p>\n\t\t\t         Approfondimento<br \/>\n\t\t\t         Il Malloppo, trama e cast del film in uscita al cinema\n\t\t\t      <\/p>\n<p>\t\t\t<\/a><\/p>\n<p>\t\t \tTra commedia e noir<\/p>\n<p>Nel film si ritrovano sia gli elementi della commedia, con risate e leggerezza, che gli elementi del noir, con azione, giallo e mistero. Abatantuono, parlando del film ai microfoni di Sky TG24 gi\u00e0 alcuni mesi fa, ha spiegato che, con il suo personaggio, &#8220;nei momenti in cui devo essere cattivo, sono cattivo, ma quando si pu\u00f2 ridere, si ride!&#8221;. Mentre il Mago Forest, sul cast, ha sottolineato: &#8220;C&#8217;\u00e8 un comun denominatore che ci unisce, abbiamo lo stesso umorismo e ci siamo trovati bene insieme&#8221;. E sul suo personaggio, spiega: &#8220;Si occupa soltanto di casi un po&#8217; cos\u00ec, di infedelt\u00e0. Ma si ritrover\u00e0 presto a seguire storie ben pi\u00f9 importanti&#8221;.<\/p>\n<p>Ferrara al centro della scena<\/p>\n<p>Oltre ai protagonisti della storia, c\u2019\u00e8 anche Ferrara al centro della scena, con il Castello, le mura, i viali. La citt\u00e0 si tinge di elementi che ricordando il passato (le osterie, le lavanderie a gettoni) e d\u00e0 spazio a un piccolo mondo fatto di conoscenze e abitudini. Molti i luoghi simbolo della storia, tra cui anche l\u2019Osteria del Brigante, il locale gestito dal personaggio di Abatantuono da quando si \u00e8 rifatto una nuova vita. E qui trova spazio anche la famosa tradizione gastronomica ferrarese, tra anguille e cappellacci di zucca.<\/p>\n<p>Il trailer<\/p>\n<p>Nel trailer del resto si ha gi\u00e0 un assaggio di quelli che saranno i luoghi centrali del film: la trattoria del Brigante, prima di tutto. Poi le strade cittadine e lo studio investigativo di Ragusa, ma anche il commissariato e i locali della nightlife di Ferrara, cos\u00ec come le strade di campagna, protagoniste di vari e improbabili inseguimenti.<\/p>\n<p>\t\t\t<a class=\"c-inline-card j-inline-card c-inline-card--with-image\" href=\"https:\/\/tg24.sky.it\/spettacolo\/video\/2026\/02\/28\/sul-set-de-il-malloppo-con-abatantuono-max-angioni-e-mago-forest-1078060\" rel=\"follow nofollow noopener\" data-intcmp=\"skytg24_articolo_approfondimenti_inline\" target=\"_blank\"><\/p>\n<p>\t\t\t         <img decoding=\"async\" crossorigin=\"anonymous\" alt=\"\"  loading=\"lazy\"  src=\"https:\/\/www.europesays.com\/it\/wp-content\/uploads\/2026\/09\/1078060_1772219850637_thumb_494.0000001_1772277493974.jpg\"\/><\/p>\n<p>\n\t\t\t         Approfondimento<br \/>\n\t\t\t         Sul set de &#8220;Il malloppo&#8221; con Abatantuono, Max Angioni e Mago Forest\n\t\t\t      <\/p>\n<p>\t\t\t<\/a><\/p>\n","protected":false},"excerpt":{"rendered":"Dal 3 settembre arriva al cinema Il Malloppo, la nuova commedia di Volfango De Biasi con &#8211; tra&hellip;\n","protected":false},"author":3,"featured_media":661001,"comment_status":"","ping_status":"","sticky":false,"template":"","format":"standard","meta":{"footnotes":"","_share_on_mastodon":"0"},"categories":[1442],"tags":[11130,369,203,454,204,1537,90,89,1521],"class_list":["post-661000","post","type-post","status-publish","format-standard","has-post-thumbnail","category-film","tag-diego-abatantuono","tag-digitall","tag-entertainment","tag-film","tag-intrattenimento","tag-it","tag-italia","tag-italy","tag-movies"],"share_on_mastodon":{"url":"https:\/\/pubeurope.com\/@it\/117200224504716439","error":""},"_links":{"self":[{"href":"https:\/\/www.europesays.com\/it\/wp-json\/wp\/v2\/posts\/661000","targetHints":{"allow":["GET"]}}],"collection":[{"href":"https:\/\/www.europesays.com\/it\/wp-json\/wp\/v2\/posts"}],"about":[{"href":"https:\/\/www.europesays.com\/it\/wp-json\/wp\/v2\/types\/post"}],"author":[{"embeddable":true,"href":"https:\/\/www.europesays.com\/it\/wp-json\/wp\/v2\/users\/3"}],"replies":[{"embeddable":true,"href":"https:\/\/www.europesays.com\/it\/wp-json\/wp\/v2\/comments?post=661000"}],"version-history":[{"count":0,"href":"https:\/\/www.europesays.com\/it\/wp-json\/wp\/v2\/posts\/661000\/revisions"}],"wp:featuredmedia":[{"embeddable":true,"href":"https:\/\/www.europesays.com\/it\/wp-json\/wp\/v2\/media\/661001"}],"wp:attachment":[{"href":"https:\/\/www.europesays.com\/it\/wp-json\/wp\/v2\/media?parent=661000"}],"wp:term":[{"taxonomy":"category","embeddable":true,"href":"https:\/\/www.europesays.com\/it\/wp-json\/wp\/v2\/categories?post=661000"},{"taxonomy":"post_tag","embeddable":true,"href":"https:\/\/www.europesays.com\/it\/wp-json\/wp\/v2\/tags?post=661000"}],"curies":[{"name":"wp","href":"https:\/\/api.w.org\/{rel}","templated":true}]}}