{"id":661002,"date":"2026-09-02T07:17:18","date_gmt":"2026-09-02T07:17:18","guid":{"rendered":"https:\/\/www.europesays.com\/it\/661002\/"},"modified":"2026-09-02T07:17:18","modified_gmt":"2026-09-02T07:17:18","slug":"lottici-e-licina-gol-la-cremonese-batte-il-parma-e-va-agli-ottavi-di-coppa-italia-ma-giampaolo-viene-esonerato","status":"publish","type":"post","link":"https:\/\/www.europesays.com\/it\/661002\/","title":{"rendered":"Lottici e Licina gol: la Cremonese batte il Parma e va agli ottavi di Coppa Italia, ma Giampaolo viene esonerato"},"content":{"rendered":"<p>Sorpresa nei sedicesimi di Coppa Italia, la Cremonese elimina il Parma nonostante la categoria inferiore e approda agli ottavi di Coppa Italia. A sorpresa, in serata, l&#8217;annuncio dell&#8217;esonero di Giampaolo<\/p>\n<p class=\"chapter-paragraph\">Sar\u00e0 la <b>Cremonese a sfidare il Como negli ottavi di Coppa Italia<\/b>. Al Tardini il <a href=\"https:\/\/www.corriere.it\/sport\/calcio\/coppa-italia\/partita\/parma-cremonese\/2682700\/cronaca\" title=\"Coppa Italia, sedicesimi di finale: Parma-Cremonese, la cronaca\" target=\"_blank\" rel=\"nofollow noopener\">Parma si arrende ai grigiorossi<\/a> confermando il pessimo inizio stagione, con due sconfitte su due in campionato e l\u2019eliminazione ai sedicesimi di questa competizione. <b>Avrebbe festeggiato Marco Giampaolo<\/b>, che a sua volta arrivava da due sconfitte di fila in B e sperava in una reazione d\u2019orgoglio dei suoi, <a href=\"https:\/\/www.corriere.it\/sport\/calciomercato\/diretta-live\/26_settembre_01\/calciomercato-notizie-oggi-diretta.shtml\" title=\"Calciomercato, le notizie di oggi in diretta: Juve, ufficiali Woltemade e Sarr. David all&#039;Atletico. Inter, Pio Esposito rinnova fino al 2032; Fiorentina, Brozovic \u00e8 l&#039;idea last-minute. Presi Gnonto e Gon\u00e7alves\" target=\"_blank\" rel=\"nofollow noopener\">ma in serata gli viene comunicato a sorpresa l&#8217;esonero<\/a>. Carlos Cuesta mescola un po\u2019 le carte e si presenta con Elphege in attacco e con Frigan e Diallo ai suoi fianchi. Da parte sua, la Cremonese gioca con Nasti unica punta. A supporto ci sono Licina, Berti ed Elia. <\/p>\n<p>Il Parma non fa neanche in tempo a prendere confidenza con gli avversari che <b>dopo cinque minuti \u00e8 gi\u00e0 sotto di un gol: Nasti protegge palla sulla trequarti e favorisce l\u2019inserimento di Lottici Tessadri<\/b>, abile nell\u2019andare via in velocit\u00e0 e battere Daffara. Il Parma appare frastornato. Daffara deve dire di no a Licina, per poi compiere un miracolo\u00a0\u2014 sempre su Licina\u00a0\u2014 ed evitare il secondo gol. Cosa che, per\u00f2, non riesce a pochi minuti dall\u2019intervallo. <b>Siamo al 41\u2019: Licina scambia con Berti e supera Daffara <\/b>con un delizioso tocco sotto. Primo gol in grigiorosso alla prima apparizione con la maglia della Cremonese per il talento del 2007. Due minuti dopo <b>Agazzi salva i grigiorossi su un colpo di testa ravvicinato di Elphege<\/b>. <\/p>\n<p>Nella ripresa il Parma corre ai ripari: dentro Romero, Keita e Tour\u00e9 per Diallo, Konat\u00e9 ed Elphege. E la prima conclusione dei giallobl\u00f9 \u00e8 proprio di Romero, ma l\u2019attaccante non trova lo specchio della porta. La Cremonese resiste, gioca e controlla le manovre offensive avversarie, portandosi a casa una bella vittoria e la qualificazione agli ottavi di Coppa Italia.    &#13;<br \/>\n&#13;<br \/>\n&#13;<br \/>\n&#13;<br \/>\n&#13;<br \/>\n&#13;<br \/>\n&#13;<br \/>\n&#13;<br \/>\n&#13;<br \/>\n&#13;<br \/>\n&#13;<br \/>\n&#13;<br \/>\n&#13;<br \/>\n&#13;<br \/>\n&#13;<br \/>\n&#13;<br \/>\n&#13;<br \/>\n&#13;<br \/>\n&#13;<br \/>\n&#13;<br \/>\n&#13;<br \/>\n&#13;<br \/>\n&#13;<br \/>\n&#13;<br \/>\n&#13;<br \/>\n&#13;<br \/>\n&#13;<br \/>\n&#13;<br \/>\n&#13;<br \/>\n&#13;<br \/>\n&#13;<br \/>\n&#13;<br \/>\n&#13;<br \/>\n&#13;<br \/>\n&#13;<br \/>\n&#13;<br \/>\n&#13;<br \/>\n&#13;<br \/>\n&#13;<br \/>\n&#13;<br \/>\n&#13;<br \/>\n&#13;<br \/>\n&#13;<br \/>\n&#13;<br \/>\n&#13;<br \/>\n&#13;<br \/>\n&#13;<br \/>\n&#13;<br \/>\n&#13;<br \/>\n&#13;<br \/>\n&#13;<br \/>\n&#13;<br \/>\n&#13;\n<\/p>\n<p class=\"is-last-update\" datetime=\"2026-09-01T23:19:23+02:00\">1 settembre 2026 ( modifica il 1 settembre 2026 | 23:19)<\/p>\n<p class=\"is-copyright\">\n            \u00a9 RIPRODUZIONE RISERVATA\n        <\/p>\n","protected":false},"excerpt":{"rendered":"Sorpresa nei sedicesimi di Coppa Italia, la Cremonese elimina il Parma nonostante la categoria inferiore e approda agli&hellip;\n","protected":false},"author":3,"featured_media":661003,"comment_status":"","ping_status":"","sticky":false,"template":"","format":"standard","meta":{"footnotes":"","_share_on_mastodon":"0"},"categories":[176],"tags":[41575,4297,5006,6297,15733,21690,248439,26042,67486,5360,1976,77074,1537,90,89,329086,364198,3479,34979,143602,178177,6301,992,245,244],"class_list":["post-661002","post","type-post","status-publish","format-standard","has-post-thumbnail","category-sport","tag-berti","tag-coppa","tag-coppa-italia","tag-cremonese","tag-daffara","tag-diallo","tag-elphege","tag-esonero","tag-giampaolo","tag-gioca","tag-gol","tag-grigiorossi","tag-it","tag-italia","tag-italy","tag-licina","tag-lottici","tag-minuti","tag-ottavi","tag-ottavi-coppa","tag-ottavi-coppa-italia","tag-parma","tag-sorpresa","tag-sport","tag-sports"],"share_on_mastodon":{"url":"https:\/\/pubeurope.com\/@it\/117200227339843191","error":""},"_links":{"self":[{"href":"https:\/\/www.europesays.com\/it\/wp-json\/wp\/v2\/posts\/661002","targetHints":{"allow":["GET"]}}],"collection":[{"href":"https:\/\/www.europesays.com\/it\/wp-json\/wp\/v2\/posts"}],"about":[{"href":"https:\/\/www.europesays.com\/it\/wp-json\/wp\/v2\/types\/post"}],"author":[{"embeddable":true,"href":"https:\/\/www.europesays.com\/it\/wp-json\/wp\/v2\/users\/3"}],"replies":[{"embeddable":true,"href":"https:\/\/www.europesays.com\/it\/wp-json\/wp\/v2\/comments?post=661002"}],"version-history":[{"count":0,"href":"https:\/\/www.europesays.com\/it\/wp-json\/wp\/v2\/posts\/661002\/revisions"}],"wp:featuredmedia":[{"embeddable":true,"href":"https:\/\/www.europesays.com\/it\/wp-json\/wp\/v2\/media\/661003"}],"wp:attachment":[{"href":"https:\/\/www.europesays.com\/it\/wp-json\/wp\/v2\/media?parent=661002"}],"wp:term":[{"taxonomy":"category","embeddable":true,"href":"https:\/\/www.europesays.com\/it\/wp-json\/wp\/v2\/categories?post=661002"},{"taxonomy":"post_tag","embeddable":true,"href":"https:\/\/www.europesays.com\/it\/wp-json\/wp\/v2\/tags?post=661002"}],"curies":[{"name":"wp","href":"https:\/\/api.w.org\/{rel}","templated":true}]}}