{"id":661022,"date":"2026-09-02T07:38:15","date_gmt":"2026-09-02T07:38:15","guid":{"rendered":"https:\/\/www.europesays.com\/it\/661022\/"},"modified":"2026-09-02T07:38:15","modified_gmt":"2026-09-02T07:38:15","slug":"chiara-ferragni-sempre-piu-legata-a-jose-hernandez-lincontro-con-la-sua-famiglia","status":"publish","type":"post","link":"https:\/\/www.europesays.com\/it\/661022\/","title":{"rendered":"Chiara Ferragni sempre pi\u00f9 legata a Jos\u00e9 Hern\u00e1ndez: l\u2019incontro con la sua famiglia"},"content":{"rendered":"<p>Dopo le vacanze tra Per\u00f9 e Colombia, <strong>Chiara Ferragni<\/strong> \u00e8 tornata alla quotidianit\u00e0 con un bagaglio pieno di ricordi e momenti condivisi con il suo nuovo compagno <strong>Jos\u00e9 Hern\u00e1ndez<\/strong>.<\/p>\n<p>L\u2019influencer ha raccontato il loro viaggio passo dopo passo sui social attraverso panorami mozzafiato e nuove esperienze, condividendo con i suoi follower una <strong>complicit\u00e0 con Hern\u00e1ndez <\/strong>che,\u00a0giorno dopo giorno, sembra diventare sempre pi\u00f9 evidente.<\/p>\n<p>Ma prima di rientrare in Italia, per Chiara c\u2019\u00e8 stato un ultimo momento particolarmente importante: <strong>l\u2019incontro con la famiglia di Jos\u00e9.<\/strong> L\u2019influencer, in Colombia, ha infatti conosciuto le persone pi\u00f9 importanti della vita del compagno. E dalle immagini condivise sembra essersi<strong> sentita subito a casa.<\/strong>\n<\/p>\n<p><strong>Chiara Ferragni incontra la famiglia di Jos\u00e9 Hern\u00e1ndez<\/strong><\/p>\n<p>\u201cDi nuovo in Colombia per <strong>conoscere la famiglia di Jos\u00e9<\/strong> \u201d. Cos\u00ec <a href=\"https:\/\/dilei.it\/star-e-vip\/chiara-ferragni\/\" rel=\"nofollow noopener\" target=\"_blank\">Chiara Ferragni<\/a> ha raccontato sui social l\u2019ultima tappa del suo viaggio, quella <strong>forse pi\u00f9 speciale<\/strong>: l\u2019incontro con la famiglia del compagno a Barranquilla.<\/p>\n<p>\u201cPer questi giorni<strong> sono diventata una quillera,<\/strong> provando tutto il cibo e i luoghi locali e anche la chiva\u201d, ha scritto l\u2019imprenditrice digitale, mostrando ai follower un piccolo <strong>assaggio della sua esperienza<\/strong> in Colombia.<\/p>\n<p>Tanto cibo, sorrisi e un\u2019energia particolare: <a href=\"https:\/\/dilei.it\/vip\/chiara-ferragni-fidanzato-jose-hernandez\/2203927\/\" rel=\"nofollow noopener\" target=\"_blank\">Jos\u00e9<\/a> vive a Milano da dodici anni, ha spiegato Chiara, ma tutta la sua famiglia \u00e8 rimasta in Colombia e, per questi ultimi giorni sudamericani, ha scelto di <strong>entrare completamente nella loro quotidianit\u00e0<\/strong>.<\/p>\n<p>A corredo delle parole, un carosello di dolci fotografie: Chiara e Jos\u00e9 insieme, l<strong>a mamma di lui sorridente<\/strong>, grandi tavolate, piatti tipici, sorrisi e momenti di quotidianit\u00e0. Immagini in cui l\u2019influencer appare perfettamente a suo agio, coinvolta nella vita della famiglia e felice di condividere con loro quei giorni. \u00a0\u201cGrazie a tutti per <strong>avermi fatto sentire parte della famiglia<\/strong>\u201d.<\/p>\n<blockquote class=\"instagram-media\" data-instgrm-captioned=\"\" data-instgrm-permalink=\"https:\/\/www.instagram.com\/p\/DcwJqcfiM83\/?utm_source=ig_embed&amp;utm_campaign=loading\" data-instgrm-version=\"14\" style=\" background:#FFF; border:0; border-radius:3px; box-shadow:0 0 1px 0 rgba(0,0,0,0.5),0 1px 10px 0 rgba(0,0,0,0.15); margin: 1px; max-width:100%; min-width:326px; padding:0; width:99.375%; width:-webkit-calc(100% - 2px); width:calc(100% - 2px);\"\/>\n<p><strong>Chiara Ferragni e Jos\u00e9 Hern\u00e1ndez, una storia sempre pi\u00f9 intensa<\/strong><\/p>\n<p>L\u2019incontro tra Chiara Ferragni e la famiglia di Jos\u00e9 arriva dopo settimane trascorse insieme e aggiunge un altro tassello alla storia tra i due. Per\u00f9 e Colombia sono stati l\u2019occasione per vivere molto tempo insieme, lontani dalla quotidianit\u00e0 milanese in un <a href=\"https:\/\/dilei.it\/vip\/stanza-senza-pareti-amazzonia-chiara-ferragni-peru-jose-hernandez\/2637128\/\" rel=\"nofollow noopener\" target=\"_blank\">mix di esperienze e momenti pi\u00f9 intimi<\/a>.<\/p>\n<p>E mentre la relazione sembra diventare sempre pi\u00f9 importante, Chiara appare anche <a href=\"https:\/\/dilei.it\/vip\/chiara-ferragni-replica-critiche-fisico-figli\/2586774\/\" rel=\"nofollow noopener\" target=\"_blank\">serena e consapevole<\/a> di una felicit\u00e0 che non dipende soltanto dall\u2019amore.<\/p>\n<p>Gli ultimi anni per lei sono stati tutt\u2019altro che semplici: ha dovuto vivere cambiamenti profondi in un periodo in cui ha inevitabilmente rimesso insieme diversi pezzi della sua vita. Oggi, per\u00f2, sembra aver ritrovato <strong>un equilibrio diverso<\/strong>. Jos\u00e9 fa parte di questa nuova fase e la felicit\u00e0 che condividono \u00e8 evidente, ma Chiara ha pi\u00f9 volte raccontato anche di aver imparato a stare bene con se stessa.<\/p>\n<p>Jos\u00e9 non sembra essere arrivato per riempire un vuoto, ma per condividere una serenit\u00e0 che Chiara ha ritrovato prima di tutto dentro di s\u00e9.<\/p>\n<p>E mentre Chiara costruisce questa nuova quotidianit\u00e0 accanto a Jos\u00e9, anche <a href=\"https:\/\/dilei.it\/star-e-vip\/fedez\/\" rel=\"nofollow noopener\" target=\"_blank\">Fedez<\/a> sembra aver trovato il suo nuovo equilibrio. Il rapper ha trascorso l\u2019estate <a href=\"https:\/\/dilei.it\/vip\/fedez-ritrova-serenita-dopo-ricovero\/2658552\/\" rel=\"nofollow noopener\" target=\"_blank\">accanto a Giulia e al piccolo Edoardo<\/a>, il figlio della coppia nato da pochi mesi, raccontando a modo suo sui social i primi <strong>momenti da pap\u00e0 per la terza volta<\/strong>.<\/p>\n<p>Due vite che hanno preso strade diverse, ma che oggi sembrano entrambe guardare avanti. Da una parte Chiara, sempre pi\u00f9 immersa nella realt\u00e0 di Jos\u00e9 fino a conoscere la sua famiglia a Barranquilla, e dall\u2019altra Fedez, alle prese con una nuova fase della sua vita familiare.<\/p>\n<p>\t\t\t\tScopri i personaggi in trend, le storie del momento e molto altro.<br \/>Dove? Sul <a href=\"https:\/\/whatsapp.com\/channel\/0029Vb68mVyHVvTWezDm7d0R\" target=\"_blank\" rel=\"noopener nofollow\">canale WhatsApp di DiLei!<\/a><\/p>\n<p>\t\t\t<a class=\"buttonCall\" href=\"https:\/\/whatsapp.com\/channel\/0029Vb68mVyHVvTWezDm7d0R\" target=\"_blank\" rel=\"noopener nofollow\" title=\"Seguici su WhatsApp\"><br \/>\n\t\t\t\tSeguici su WhatsApp<br \/>\n\t\t\t<\/a><\/p>\n<p>\t<script async src=\"\/\/www.instagram.com\/embed.js\"><\/script><\/p>\n","protected":false},"excerpt":{"rendered":"Dopo le vacanze tra Per\u00f9 e Colombia, Chiara Ferragni \u00e8 tornata alla quotidianit\u00e0 con un bagaglio pieno di&hellip;\n","protected":false},"author":3,"featured_media":661023,"comment_status":"","ping_status":"","sticky":false,"template":"","format":"standard","meta":{"footnotes":"","_share_on_mastodon":"0"},"categories":[1451],"tags":[1621,1620,1774,203,204,1537,90,89,1686,2644,86],"class_list":["post-661022","post","type-post","status-publish","format-standard","has-post-thumbnail","category-celebrita","tag-celebrita","tag-celebrities","tag-chiara-ferragni","tag-entertainment","tag-intrattenimento","tag-it","tag-italia","tag-italy","tag-social","tag-vacanze","tag-vip"],"share_on_mastodon":{"url":"https:\/\/pubeurope.com\/@it\/117200309970243350","error":""},"_links":{"self":[{"href":"https:\/\/www.europesays.com\/it\/wp-json\/wp\/v2\/posts\/661022","targetHints":{"allow":["GET"]}}],"collection":[{"href":"https:\/\/www.europesays.com\/it\/wp-json\/wp\/v2\/posts"}],"about":[{"href":"https:\/\/www.europesays.com\/it\/wp-json\/wp\/v2\/types\/post"}],"author":[{"embeddable":true,"href":"https:\/\/www.europesays.com\/it\/wp-json\/wp\/v2\/users\/3"}],"replies":[{"embeddable":true,"href":"https:\/\/www.europesays.com\/it\/wp-json\/wp\/v2\/comments?post=661022"}],"version-history":[{"count":0,"href":"https:\/\/www.europesays.com\/it\/wp-json\/wp\/v2\/posts\/661022\/revisions"}],"wp:featuredmedia":[{"embeddable":true,"href":"https:\/\/www.europesays.com\/it\/wp-json\/wp\/v2\/media\/661023"}],"wp:attachment":[{"href":"https:\/\/www.europesays.com\/it\/wp-json\/wp\/v2\/media?parent=661022"}],"wp:term":[{"taxonomy":"category","embeddable":true,"href":"https:\/\/www.europesays.com\/it\/wp-json\/wp\/v2\/categories?post=661022"},{"taxonomy":"post_tag","embeddable":true,"href":"https:\/\/www.europesays.com\/it\/wp-json\/wp\/v2\/tags?post=661022"}],"curies":[{"name":"wp","href":"https:\/\/api.w.org\/{rel}","templated":true}]}}