{"id":661033,"date":"2026-09-02T07:46:13","date_gmt":"2026-09-02T07:46:13","guid":{"rendered":"https:\/\/www.europesays.com\/it\/661033\/"},"modified":"2026-09-02T07:46:13","modified_gmt":"2026-09-02T07:46:13","slug":"cesare-cremonini-tutti-gli-amori-il-primo-con-erika-monti-malika-ayane-e-il-colpo-di-fulmine-la-canzone-per-giorgia-cardinaletti-il-ballo-con-caterina-licini-2","status":"publish","type":"post","link":"https:\/\/www.europesays.com\/it\/661033\/","title":{"rendered":"Cesare Cremonini, tutti gli amori: il primo con Erika Monti, Malika Ayane e il colpo di fulmine, la canzone per Giorgia Cardinaletti, il ballo con Caterina Licini"},"content":{"rendered":"<p>\u00abFidati di me non sono un Latin Lover\u00bb, cantava <strong><a href=\"https:\/\/www.leggo.it\/t\/cesare-cremonini\" rel=\"nofollow noopener\" target=\"_blank\">Cesare Cremonini<\/a><\/strong> in uno dei suoi brani pi\u00f9 celebri. Eppure, il cantautore bolognese, 46 anni, non si \u00e8 mai sottratto all&#8217;amore: ha amato intensamente e ogni relazione ha lasciato una traccia impressa soprattutto nel suo percorso artistico. Mentre mercoled\u00ec 2 settembre, in prima serata su Rai 1, va in onda Roma, baby. Cremonini Live Circo Massimo, il documentario dedicato al grande concerto del 6 giugno 2026 nella Capitale, con i duetti insieme a Jovanotti, Elisa e Luca Carboni, vale la pena ripercorrere anche la vita sentimentale del cantante insieme alle donne che gli sono state accanto dall&#8217;esordio con i Lunapop alla carriera da solista. <\/p>\n<p> Erika Monti <\/p>\n<p>Tra i primi grandi amori di Cesare Cremonini c&#8217;\u00e8 <strong>Erika Monti<\/strong>, conosciuta a 16 anni, durante il liceo. A lei il cantante ha dedicato diverse canzoni, prima tra tutte &#8220;Piccola Ery&#8221;. In una passata intervista riportata da Tgcom24, Cremonini dopo 9 anni di relazione l&#8217;aveva definita il suo \u00abgrande amore\u00bb. L&#8217;ex frontman dei Lunapop aveva anche ammesso di averla fatta soffrire: \u00abL&#8217;avevo ferita facendo i miei comodi\u00bb. Forse un riferimento al presunto tradimento con Linda Santaguida, la schedina di &#8220;Quelli che il calcio&#8221;. La relazione con Erika \u00e8 stata molto importante, segnata anche da un periodo di distanza, quando lei si trasfer\u00ec a Bali con la famiglia. La fine della storia lasci\u00f2 un segno profondo nel cantautore e viene tradizionalmente associata a una delle sue canzoni pi\u00f9 celebri, \u201cMarmellata #25\u201d, brano nel quale Cremonini racconta il dolore e il senso di vuoto lasciati dalla fine di un amore.<\/p>\n","protected":false},"excerpt":{"rendered":"\u00abFidati di me non sono un Latin Lover\u00bb, cantava Cesare Cremonini in uno dei suoi brani pi\u00f9 celebri.&hellip;\n","protected":false},"author":3,"featured_media":660938,"comment_status":"","ping_status":"","sticky":false,"template":"","format":"standard","meta":{"footnotes":"","_share_on_mastodon":"0"},"categories":[174],"tags":[179816,31844,203,364434,48505,204,1537,90,89,149236,112898],"class_list":["post-661033","post","type-post","status-publish","format-standard","has-post-thumbnail","category-intrattenimento","tag-caterina-licini","tag-cesare-cremonini","tag-entertainment","tag-erika-monti","tag-giorgia-cardinaletti","tag-intrattenimento","tag-it","tag-italia","tag-italy","tag-malika","tag-martina-maggiore"],"share_on_mastodon":{"url":"https:\/\/pubeurope.com\/@it\/117200341318023952","error":""},"_links":{"self":[{"href":"https:\/\/www.europesays.com\/it\/wp-json\/wp\/v2\/posts\/661033","targetHints":{"allow":["GET"]}}],"collection":[{"href":"https:\/\/www.europesays.com\/it\/wp-json\/wp\/v2\/posts"}],"about":[{"href":"https:\/\/www.europesays.com\/it\/wp-json\/wp\/v2\/types\/post"}],"author":[{"embeddable":true,"href":"https:\/\/www.europesays.com\/it\/wp-json\/wp\/v2\/users\/3"}],"replies":[{"embeddable":true,"href":"https:\/\/www.europesays.com\/it\/wp-json\/wp\/v2\/comments?post=661033"}],"version-history":[{"count":0,"href":"https:\/\/www.europesays.com\/it\/wp-json\/wp\/v2\/posts\/661033\/revisions"}],"wp:featuredmedia":[{"embeddable":true,"href":"https:\/\/www.europesays.com\/it\/wp-json\/wp\/v2\/media\/660938"}],"wp:attachment":[{"href":"https:\/\/www.europesays.com\/it\/wp-json\/wp\/v2\/media?parent=661033"}],"wp:term":[{"taxonomy":"category","embeddable":true,"href":"https:\/\/www.europesays.com\/it\/wp-json\/wp\/v2\/categories?post=661033"},{"taxonomy":"post_tag","embeddable":true,"href":"https:\/\/www.europesays.com\/it\/wp-json\/wp\/v2\/tags?post=661033"}],"curies":[{"name":"wp","href":"https:\/\/api.w.org\/{rel}","templated":true}]}}