{"id":661041,"date":"2026-09-02T07:51:17","date_gmt":"2026-09-02T07:51:17","guid":{"rendered":"https:\/\/www.europesays.com\/it\/661041\/"},"modified":"2026-09-02T07:51:17","modified_gmt":"2026-09-02T07:51:17","slug":"juventus-woltemade-puo-essere-larma-in-piu-contro-il-milan","status":"publish","type":"post","link":"https:\/\/www.europesays.com\/it\/661041\/","title":{"rendered":"Juventus, Woltemade pu\u00f2 essere l&#8217;arma in pi\u00f9 contro il Milan"},"content":{"rendered":"<p>                                L\u2019allenatore perde i pezzi per domenica e il tedesco pu\u00f2 essere subito decisivo: Luciano gi\u00e0 studia quale scenario disegnare per l\u2019esordio del tedesco, che\u00a0 probabilmente avverr\u00e0 a gara in corso<\/p>\n<p>            <a class=\"image is-50x50\" href=\"https:\/\/www.gazzetta.it\/redazione\/matteo-nava\/\" rel=\"nofollow noopener\" target=\"_blank\"><br \/>\n                <img decoding=\"async\" class=\"is-rounded\" src=\"https:\/\/www.europesays.com\/it\/wp-content\/uploads\/2025\/11\/matteo_nava_avatar.png\" alt=\"Matteo Nava\"\/><br \/>\n            <\/a><\/p>\n<p>Giornalista<\/p>\n<p>                    2 settembre &#8211; 08:04  &#8211; MILANO<\/p>\n<p class=\"paragraph\" spellcheck=\"true\">Alla fine domanda e offerta si sono incrociate in Nick Woltemade, il gigante di Brema che a Torino ci \u00e8 arrivato in affitto dal Newcastle dopo una ricerca lunga ed estenuante. Come nel gioco Indovina chi? Luciano Spalletti aveva cominciato a delineare il profilo ideale per lui  &#8211; sia ai dirigenti che davanti alle telecamere &#8211; e ora non vede l\u2019ora di sfoggiarlo. L\u2019allenatore aveva chiesto un attaccante alto, strutturato fisicamente e in grado di risolvere le situazioni di stallo con armi diverse rispetto a quelle a disposizione di Randal Kolo Muani e cos\u00ec alla Continassa si \u00e8 cominciato ad abbassare le foto di chi non rispettava la descrizione, sfoltendo la rosa dei candidati. Poi il nazionale tedesco, ha vinto la rocambolesca corsa alla maglia della Juventus e adesso i tifosi gi\u00e0 pregustano le prime inquadrature della punta con look da hipster.<\/p>\n<p>    Voglia matta\u2014 \u00a0<\/p>\n<p class=\"paragraph is-inline\" spellcheck=\"true\">La prima occasione di sfoggiare il rinforzo tanto reclamato \u00e8 gi\u00e0 alle porte, con il big match contro il Milan che domenica sera (alle 20.45) sar\u00e0 la gemma della terza giornata di Serie A. A conferire centralit\u00e0 al ruolo di Woltemade contribuiscono pure i compagni di squadra, perch\u00e9 all\u2019Allianz Stadium l\u2019allenatore dovr\u00e0 fare i conti con una rosa gi\u00e0 in un discreto stato di emergenza. Solo per citare i calciatori offensivi: Kenan Yildiz \u00e8 stato operato e rester\u00e0 fuori almeno fino a met\u00e0 novembre, Jeff Ekhator si \u00e8 fermato di nuovo e non rivedr\u00e0 il campo per oltre un mese e mezzo, Weston McKennie a oggi non d\u00e0 certezze. Insomma, l\u00ec davanti Spalletti non ha l\u2019imbarazzo della scelta e gi\u00e0 studia quale scenario disegnare per l\u2019esordio del tedesco. Probabilmente accadr\u00e0 a gara in corso quando per lui si liberer\u00e0 uno spazio come centravanti o come trequartista-sotto punta. Davanti a tutti possono muoversi soltanto  Randal Kolo Muani  e Arkadiusz Milik come giocatori di ruolo, pi\u00f9 i vari colleghi adattati come Nico Gonzalez e Jeremie Boga. Senza McKennie e Yildiz, poi, pure il centro della trequarti sarebbe piuttosto sguarnito. Di pi\u00f9, anche se \u00e8 vero che l\u2019ex Stoccarda non \u00e8 un classico centravanti di sfondamento, la sua capacit\u00e0 di fare gioco e svariare per il fronte offensivo lo rende senza dubbi papabile per pi\u00f9 mattonelle nel 4-2-3-1 spallettiano.    Insomma, Woltemade scalpita e Luciano lo lucida per sfidare il Milan di Ruben Amorim, a punteggio pieno in campionato proprio come la Signora: &#8220;Ciao bianconeri &#8211; il primo saluto dell\u2019attaccante ai tifosi -, ci vediamo all\u2019Allianz Stadium. Non vedo l\u2019ora di fare grandi cose con voi&#8221;. Appunto&#8230;<\/p>\n<p>    Day one\u2014 \u00a0<\/p>\n<p class=\"paragraph is-inline\" spellcheck=\"true\">Intanto ieri per Nick \u00e8 stato il giorno dell\u2019atterraggio in Italia, delle visite mediche e dell\u2019ufficializzazione del prestito, oneroso a 2,8 milioni di euro senza alcuna clausola di riscatto. Prima era toccato al centrocampista Pape Matar Sarr dal Tottenham Hotspur, lui costato invece 2,5 milioni di euro di prestito oneroso e trattenibile dalla Juventus per gli altri 27,5 milioni previsti dall\u2019obbligo di riscatto condizionato. Entrambi devono ancora vivere il primo allenamento alla Continassa con la squadra, ma la voglia di confrontarsi con la pressione che si respira nella Torino bianconera \u00e8 tanta dopo l\u2019addio a titolo temporaneo alla Premier League. Se Sarr \u00e8 da valutare per domenica in quanto reduce da un fastidio muscolare accusato a Londra, entrambi sono a caccia di rivalsa alla luce di uno spazio che oltremanica si era ristretto e il corteggiamento dell\u2019amministratore delegato Giovanni Carnevali &#8211; oltre che di Spalletti &#8211; ha assunto il dolce sapore della nuova occasione.<\/p>\n<p><a class=\"is-partner-link\" href=\"https:\/\/ad.doubleclick.net\/ddm\/trackclk\/N1792338.340088CAIRORCSMEDIAS.P.\/B28038690.452531709;dc_trk_aid=646241311;dc_trk_cid=173665161;dc_lat=;dc_rdid=;tag_for_child_directed_treatment=;tfua=;gdpr=%24%7BGDPR%7D;gdpr_consent=%24%7BGDPR_CONSENT_755%7D;ltd=;dc_tdv=1\" rel=\"nofollow noopener\" target=\"_blank\">Guarda tutte le partite di Serie A Enilive in esclusiva nei locali Sky! Trova il locale pi\u00f9 vicino a te.<\/a><\/p>\n<p>    Ciao David\u2014 \u00a0<\/p>\n<p class=\"paragraph is-inline\" spellcheck=\"true\">Intanto, l\u2019ultimo giorno di calciomercato in Italia ha visto Jonathan David liberare l\u2019armadietto alla Continassa: a una sola stagione di distanza dall\u2019arrivo a parametro zero alla Juventus, per il nazionale canadese l\u2019addio \u00e8 in prestito gratuito all\u2019Atletico Madrid, con diritto di riscatto fissato a 25 milioni di euro. Salvo sorprese in arrivo dai pochi Paesi in cui ancora le trattative sono consentite (Turchia, Arabia Saudita, Portogallo&#8230;), va sottolineato anche che la Signora alla fine non \u00e8 incappata in nessuna cessione salva-bilancio che a fine maggio pareva inevitabile alla luce della mancata qualificazione in Champions League, anche secondo le parole dell\u2019a.d. di allora, Damien Comolli. Di fatto, per ora, della campagna acquisti del manager francese \u00e8 rimasto soltanto Edon Zhegrova.<\/p>\n<p class=\"is-copyright\">\u00a9 RIPRODUZIONE RISERVATA<\/p>\n","protected":false},"excerpt":{"rendered":"L\u2019allenatore perde i pezzi per domenica e il tedesco pu\u00f2 essere subito decisivo: Luciano gi\u00e0 studia quale scenario&hellip;\n","protected":false},"author":3,"featured_media":661042,"comment_status":"","ping_status":"","sticky":false,"template":"","format":"standard","meta":{"footnotes":"","_share_on_mastodon":"0"},"categories":[6],"tags":[2983,1960,38821,51873,1262,562,12837,1684,14334,7521,790,14,12418,49650,364498,364499,1112,11125,364500,724,629,113234,2024,8,7378,1537,90,89,558,572,573,1980,18494,3418,57022,553,576,7,7385,15,82,9,83,10,3205,31278,6840,31281,7634,35697,288680,7175,24806,8233,13,11,80,84,12,81,85,360141],"class_list":["post-661041","post","type-post","status-publish","format-standard","has-post-thumbnail","category-ultime-notizie","tag-addio","tag-allenatore","tag-allianz","tag-allianz-stadium","tag-arrivo","tag-attaccante","tag-centravanti","tag-ciao","tag-cominciato","tag-continassa","tag-corso","tag-cronaca","tag-david","tag-disegnare","tag-disegnare-esordio","tag-disegnare-esordio-tedesco","tag-domenica","tag-esordio","tag-esordio-tedesco","tag-euro","tag-gara","tag-gara-corso","tag-gioco","tag-headlines","tag-insomma","tag-it","tag-italia","tag-italy","tag-juventus","tag-kolo","tag-kolo-muani","tag-league","tag-luce","tag-luciano","tag-mckennie","tag-milan","tag-muani","tag-news","tag-nick","tag-notizie","tag-notizie-di-cronaca","tag-notizie-principali","tag-notiziedicronaca","tag-notizieprincipali","tag-occasione","tag-oneroso","tag-prestito","tag-prestito-oneroso","tag-punta","tag-randal","tag-randal-kolo","tag-riscatto","tag-spalletti","tag-tedesco","tag-titoli","tag-ultime-notizie","tag-ultime-notizie-di-cronaca","tag-ultime-notizie-e-news-di-oggi","tag-ultimenotizie","tag-ultimenotiziedicronaca","tag-ultimenotizieenewsdioggi","tag-woltemade"],"share_on_mastodon":{"url":"","error":"Validation failed: Text character limit of 500 exceeded"},"_links":{"self":[{"href":"https:\/\/www.europesays.com\/it\/wp-json\/wp\/v2\/posts\/661041","targetHints":{"allow":["GET"]}}],"collection":[{"href":"https:\/\/www.europesays.com\/it\/wp-json\/wp\/v2\/posts"}],"about":[{"href":"https:\/\/www.europesays.com\/it\/wp-json\/wp\/v2\/types\/post"}],"author":[{"embeddable":true,"href":"https:\/\/www.europesays.com\/it\/wp-json\/wp\/v2\/users\/3"}],"replies":[{"embeddable":true,"href":"https:\/\/www.europesays.com\/it\/wp-json\/wp\/v2\/comments?post=661041"}],"version-history":[{"count":0,"href":"https:\/\/www.europesays.com\/it\/wp-json\/wp\/v2\/posts\/661041\/revisions"}],"wp:featuredmedia":[{"embeddable":true,"href":"https:\/\/www.europesays.com\/it\/wp-json\/wp\/v2\/media\/661042"}],"wp:attachment":[{"href":"https:\/\/www.europesays.com\/it\/wp-json\/wp\/v2\/media?parent=661041"}],"wp:term":[{"taxonomy":"category","embeddable":true,"href":"https:\/\/www.europesays.com\/it\/wp-json\/wp\/v2\/categories?post=661041"},{"taxonomy":"post_tag","embeddable":true,"href":"https:\/\/www.europesays.com\/it\/wp-json\/wp\/v2\/tags?post=661041"}],"curies":[{"name":"wp","href":"https:\/\/api.w.org\/{rel}","templated":true}]}}