{"id":661047,"date":"2026-09-02T08:04:32","date_gmt":"2026-09-02T08:04:32","guid":{"rendered":"https:\/\/www.europesays.com\/it\/661047\/"},"modified":"2026-09-02T08:04:32","modified_gmt":"2026-09-02T08:04:32","slug":"calciomercato-inter-acquisti-e-cessioni-le-news-di-oggi","status":"publish","type":"post","link":"https:\/\/www.europesays.com\/it\/661047\/","title":{"rendered":"Calciomercato Inter, acquisti e cessioni: le news di oggi"},"content":{"rendered":"<p>\\n  <\/p>\n<li><strong>Pio Esposito<\/strong> ha firmato il rinnovo di contratto fino al 2032: \\&#8221;Sono felice di rinnovare con il club, andiamo avanti a lavorare come sempre\\&#8221;, le sue parole prima di entrare in sede.\u00a0<\/li>\n<p>\\n  <\/p>\n<li>Un acquisto per l&#8217;Inter U23:\u00a0Lorenzo <strong>Tosto<\/strong> dall&#8217;Empoli. Il giovane <strong>Kamate <\/strong>ceduto all&#8217;Atletico Madrid B<\/li>\n<p>\\n  <\/p>\n<li>Per la partita contro il Napoli, possibile occasione dal primo minuto per <strong>Jones<\/strong>, che ha gi\u00e0 giocato 25&#8242; contro il Cagliari<\/li>\n<p>\\n\\n<\/p>\n<p><strong>Questo il mercato estivo dell&#8217;Inter:<\/strong><\/p>\n<p>\\n<\/p>\n<ul>\\n  <\/p>\n<li><strong>Acquisti<\/strong>: A. Stankovic (c, Bruges); Akanji (d, Manchester City) riscatto; Provedel (p, Lazio); Massolin (c, Modena)<\/li>\n<p>\\n  <\/p>\n<li>Stones (d, svincolato); Spence (d, Tottenham); Curtis Jones (c, Liverpool)<\/li>\n<p>\\n  <\/p>\n<li><strong>Cessioni<\/strong>: Sommer (p, svincolato); Acerbi (d, svincolato); Darmian (d, svincolato); De Vrij (d, svincolato); Carboni (d, Parma); Dumfries (d, Real Madrid); Akinsanmiro (c, Monza); Frattesi (c, Lazio); Maye (d, Monza); Massolin (c, Cagliari)<\/li>\n<p>\\n<\/ul>\n<p>&#8220;,&#8221;postId&#8221;:&#8221;8815f2bc-372b-4a65-821b-3baa96176dc0&#8243;,&#8221;postLink&#8221;:{&#8220;title&#8221;:&#8221;&#8221;,&#8221;url&#8221;:&#8221;&#8221;,&#8221;imageSrc&#8221;:&#8221;&#8221;}}],&#8221;posts&#8221;:[{&#8220;timestamp&#8221;:&#8221;2026-09-01T16:23:13.982Z&#8221;,&#8221;timestampUtcIt&#8221;:&#8221;2026-09-01T18:23:13+0200&#8243;,&#8221;altBackground&#8221;:false,&#8221;title&#8221;:&#8221;Pio Esposito ha firmato: Inter fino al 2032&#8243;,&#8221;content&#8221;:&#8221;<\/p>\n<p><strong>Pio Esposito ha lasciato pochi minuti fa la sede dell&#8217;Inter<\/strong>. Ha firmato il nuovo contratto che lo lega al club nerazzurro <strong>fino al 2032<\/strong>.<\/p>\n<p>&#8220;,&#8221;postId&#8221;:&#8221;a2e673cd-25cf-4aea-8bf5-1e802456f189&#8243;,&#8221;postLink&#8221;:{&#8220;title&#8221;:&#8221;&#8221;,&#8221;url&#8221;:&#8221;&#8221;,&#8221;imageSrc&#8221;:&#8221;&#8221;}},{&#8220;timestamp&#8221;:&#8221;2026-09-01T14:20:42.237Z&#8221;,&#8221;timestampUtcIt&#8221;:&#8221;2026-09-01T16:20:42+0200&#8243;,&#8221;video&#8221;:{&#8220;videoId&#8221;:&#8221;1121345&#8243;,&#8221;videoPageUrl&#8221;:&#8221;https:\/\/video.sky.it\/sport\/calciomercato\/serie-a\/video\/pio-esposito-arriva-in-sede-per-il-rinnovo-1121345&#8243;},&#8221;altBackground&#8221;:true,&#8221;title&#8221;:&#8221;Pio Esposito in sede: \\&#8221;Felice di rinnovare\\&#8221;. Il VIDEO&#8221;,&#8221;content&#8221;:&#8221;<\/p>\n<p>Pio Esposito \u00e8 arrivato nella sede dell&#8217;Inter. \\&#8221;Sono felice di rinnovare con il club, andiamo avanti a lavorare come sempre\\&#8221;, le sue parole. Accordo fino al 2032<\/p>\n<p>&#8220;,&#8221;postId&#8221;:&#8221;15ecfd45-5dd4-4cca-8641-b2d1ee8c06d1&#8243;,&#8221;postLink&#8221;:{&#8220;title&#8221;:&#8221;&#8221;,&#8221;url&#8221;:&#8221;&#8221;,&#8221;imageSrc&#8221;:&#8221;&#8221;}},{&#8220;timestamp&#8221;:&#8221;2026-09-01T13:58:40.164Z&#8221;,&#8221;timestampUtcIt&#8221;:&#8221;2026-09-01T15:58:40+0200&#8243;,&#8221;altBackground&#8221;:false,&#8221;title&#8221;:&#8221;Ceduto Issiaka Kamate all&#8217;Atletico Madrid B&#8221;,&#8221;content&#8221;:&#8221;<\/p>\n<p><strong>L&#8217;Inter ha ceduto all&#8217;Atletico Madrid il giovane Issiaka Kamate<\/strong>. L&#8217;accordo per il centrocampista offensivo classe 2004 porta nelle casse nerazzurre <strong>1,7 milioni, oltre al 30% sulla futura rivendita<\/strong>. L&#8217;Inter si \u00e8 riservato il diritto di recompra per 8 milioni. L&#8217;Atletico Madrid destiner\u00e0 Kamate alla propria formazione B. Nel settore giovanile interista dal 2020, Kamate ha giocato nella Primavera di Christian Chivu durante la stagione 2023\/24 con 12 gol e 5 assist in 32 presenze. Dopo i prestiti al club portoghese dell&#8217;AVS e al Modena, lo scorso anno \u00e8 stato protagonista con l&#8217;Inter U23 in Serie C collezionando 33 presenze e 6 reti.<\/p>\n<p>&#8220;,&#8221;postId&#8221;:&#8221;6811a38d-c5c8-4ed1-b285-56de1e8b47a4&#8243;,&#8221;postLink&#8221;:{&#8220;title&#8221;:&#8221;&#8221;,&#8221;url&#8221;:&#8221;&#8221;,&#8221;imageSrc&#8221;:&#8221;&#8221;}},{&#8220;timestamp&#8221;:&#8221;2026-09-01T11:20:35.356Z&#8221;,&#8221;timestampUtcIt&#8221;:&#8221;2026-09-01T13:20:35+0200&#8243;,&#8221;image&#8221;:{&#8220;imgSrc&#8221;:&#8221;https:\/\/www.europesays.com\/it\/wp-content\/uploads\/2026\/09\/Inter.it tosto.jpg&#8221;,&#8221;imgAlt&#8221;:&#8221;tosto&#8221;,&#8221;imgCredits&#8221;:null,&#8221;imgCaption&#8221;:&#8221;da Inter.it&#8221;},&#8221;altBackground&#8221;:true,&#8221;title&#8221;:&#8221;Un acquisto per l&#8217;Inter Under 23&#8243;,&#8221;content&#8221;:&#8221;<\/p>\n<p>L&#8217;ultima giornata di mercato porta anche alla conclusione di un affare per l&#8217;Inter U23: arriva in nerazzurro <strong>Lorenzo Tosto <\/strong>dall&#8217;Empoli. Difensore classe 2006, arriva all&#8217;Inter U23 a titolo temporaneo con diritto di opzione. \u00a0Tosto ha gi\u00e0 esordito in serie A, il 2 febbraio 2025, contro la Juventus. Nella stagione scorsa ha militato nel Livorno, mettendo insieme 9 presenze e un assist.<\/p>\n<p>&#8220;,&#8221;postId&#8221;:&#8221;ed4e836e-5359-4a31-b870-33f391d82e85&#8243;,&#8221;postLink&#8221;:{&#8220;title&#8221;:&#8221;&#8221;,&#8221;url&#8221;:&#8221;&#8221;,&#8221;imageSrc&#8221;:&#8221;&#8221;}},{&#8220;timestamp&#8221;:&#8221;2026-09-01T10:58:41.748Z&#8221;,&#8221;timestampUtcIt&#8221;:&#8221;2026-09-01T12:58:41+0200&#8243;,&#8221;video&#8221;:{&#8220;videoId&#8221;:&#8221;1121278&#8243;,&#8221;videoPageUrl&#8221;:&#8221;https:\/\/video.sky.it\/sport\/calciomercato\/serie-a\/video\/pio-esposito-inter-rinnovo-calciomercato-news-1121278&#8243;},&#8221;altBackground&#8221;:true,&#8221;title&#8221;:&#8221;Esposito rinnova, le ultime dalla sede dell&#8217;Inter&#8221;,&#8221;content&#8221;:&#8221;<\/p>\n<p>Nel video, le ultime notizie dalla sede dell&#8217;Inter con l&#8217;inviato di Sky Sport Matteo Barzaghi: con il mercato in entrata chiuso, i dirigenti nerazzurri oggi sono concentrati sul <strong>rinnovo di Pio Esposito <\/strong>fino al 2032.<\/p>\n<p>&#8220;,&#8221;postId&#8221;:&#8221;6e77a147-ca9c-44be-99ed-f5e1010746f7&#8243;,&#8221;postLink&#8221;:{&#8220;title&#8221;:&#8221;&#8221;,&#8221;url&#8221;:&#8221;&#8221;,&#8221;imageSrc&#8221;:&#8221;&#8221;}},{&#8220;timestamp&#8221;:&#8221;2026-09-01T10:45:29.186Z&#8221;,&#8221;timestampUtcIt&#8221;:&#8221;2026-09-01T12:45:29+0200&#8243;,&#8221;altBackground&#8221;:false,&#8221;title&#8221;:&#8221;Un rinnovo da Pio, i dettagli&#8221;,&#8221;content&#8221;:&#8221;<\/p>\n<p>E&#8217; il giorno del rinnovo di <strong>Pio Esposito<\/strong>: se ne parla da tempo, \u00e8 arrivato <strong>il momento di mettere nero su bianco<\/strong>. Il giovane attaccante firmer\u00e0 un <strong>contratto fino al 2032<\/strong> con un ingaggio da \\&#8221;big\\&#8221;: una <strong>base intorno ai 2,5 milioni annui<\/strong> che, con l&#8217;aggiunta dei premi legati a obiettivi di squadra e individuali, potr\u00e0 salire <strong>fino a 3 milioni<\/strong>.<\/p>\n<p>\\n&#8221;,&#8221;postId&#8221;:&#8221;4fc72f08-8b24-4556-84ab-5de18a8881ee&#8221;,&#8221;postLink&#8221;:{&#8220;title&#8221;:&#8221;&#8221;,&#8221;url&#8221;:&#8221;&#8221;,&#8221;imageSrc&#8221;:&#8221;&#8221;}},{&#8220;timestamp&#8221;:&#8221;2026-09-01T09:00:00.000Z&#8221;,&#8221;timestampUtcIt&#8221;:&#8221;2026-09-01T11:00:00+0200&#8243;,&#8221;altBackground&#8221;:false,&#8221;title&#8221;:&#8221;Calendario Champions League, tutte le giornate e le partite del girone: date e orari&#8221;,&#8221;content&#8221;:&#8221;<\/p>\n<p>Grazie anche ai nuovi acquisti, l&#8217;Inter prover\u00e0 a portare in alto i colori nerazzurri anche in Champions League. Ecco il calendario completo con tutte le partite<\/p>\n<p>&#8220;,&#8221;postId&#8221;:&#8221;0e093faf-d4ff-4731-b7f9-24722590e150&#8243;,&#8221;postLink&#8221;:{&#8220;title&#8221;:&#8221;Il calendario e gli orari della Champions League: Inter la prima italiana in campo&#8221;,&#8221;url&#8221;:&#8221;https:\/\/sport.sky.it\/calcio\/champions-league\/calendario-champions-league-2026-2027-giornate-partite&#8221;,&#8221;imageSrc&#8221;:&#8221;https:\/\/sport.sky.it\/assets\/images\/da31db3fa930ee708ccf321a1db0b1da985a25cb\/skysport\/it\/calcio\/champions-league\/2026\/08\/27\/sorteggi-champions-league-diretta-streaming\/avversarie_champions_italiane.jpg?im=Resize,width=1218&#8243;}},{&#8220;timestamp&#8221;:&#8221;2026-09-01T08:51:33.166Z&#8221;,&#8221;timestampUtcIt&#8221;:&#8221;2026-09-01T10:51:33+0200&#8243;,&#8221;altBackground&#8221;:false,&#8221;title&#8221;:&#8221;Oggi pomeriggio le firme di Pio Esposito&#8221;,&#8221;content&#8221;:&#8221;<\/p>\n<p>Questo pomeriggio Pio Esposito firmer\u00e0 il rinnovo di cinque anni con l&#8217;Inter. Operazione definita<\/p>\n<p>&#8220;,&#8221;postId&#8221;:&#8221;762fbf27-f607-422b-976e-b38244d9f101&#8243;,&#8221;postLink&#8221;:{&#8220;title&#8221;:&#8221;&#8221;,&#8221;url&#8221;:&#8221;&#8221;,&#8221;imageSrc&#8221;:&#8221;&#8221;}},{&#8220;timestamp&#8221;:&#8221;2026-09-01T08:40:00.000Z&#8221;,&#8221;timestampUtcIt&#8221;:&#8221;2026-09-01T10:40:00+0200&#8243;,&#8221;altBackground&#8221;:false,&#8221;title&#8221;:&#8221;Come giocher\u00e0 l&#8217;Inter di Chivu? La formazione tipo&#8221;,&#8221;content&#8221;:&#8221;<\/p>\n<p>Tre nuovi acquisti e tante conferme: l&#8217;Inter punter\u00e0 ancora sul 3-5-2, con <strong>Martinez<\/strong> in porta e <strong>Akanji, Stones e Bastoni<\/strong> a comporre la linea di difesa. Pavard, Bisseck e Carlos Augusto come alternative di lusso. Sulle fasce pronti <strong>Dimarco e Spence<\/strong> (ma occhio a Diouf), mentre a c&#8217;\u00e8 abbondanza a centrocampo. I titolari dovrebbero essere <strong>Barella, Calhanoglu e Jones<\/strong>, ma troveranno spazio anche Stankovic, Zielinski e Mkhitaryan. In attacco non si tocca <strong>Lautaro Martinez<\/strong>. Al suo fianco ballottaggio tra <strong>Thuram<\/strong> e Pio Esposito<\/p>\n<p>\\n<\/p>\n<ul>\\n  <\/p>\n<li><strong>INTER (3-5-2)<\/strong>: Martinez; Akanji, Stones, Bastoni; Spence, Barella, Calhanoglu, Jones, Dimarco; Lautaro, Thuram\/P. Esposito. All. Cristian Chivu<\/li>\n<p>\\n<\/ul>\n<p>&#8220;,&#8221;postId&#8221;:&#8221;983148e6-fc09-4deb-a0d8-546f8489b52e&#8221;,&#8221;postLink&#8221;:{&#8220;title&#8221;:&#8221;&#8221;,&#8221;url&#8221;:&#8221;&#8221;,&#8221;imageSrc&#8221;:&#8221;&#8221;}},{&#8220;timestamp&#8221;:&#8221;2026-09-01T08:15:00.000Z&#8221;,&#8221;timestampUtcIt&#8221;:&#8221;2026-09-01T10:15:00+0200&#8243;,&#8221;altBackground&#8221;:false,&#8221;title&#8221;:&#8221;Chivu: \\&#8221;Curtis Jones lo volevamo da tempo\\&#8221;&#8221;,&#8221;content&#8221;:&#8221;<\/p>\n<p>Al termine della partita contro il Cagliari, Cristian Chivu ha parlato di <strong>Curtis Jones<\/strong>, ultimo acquisto dell&#8217;estate nerazzurra: \\&#8221;<strong>Lo volevamo da tempo<\/strong>, abbiamo un centrocampo di grandi giocatori, star\u00e0 a me accontentare tutti, questo \u00e8 il compito pi\u00f9 difficile. Ora devo dare minutaggio a quelli che tornano dal Mondiale e devo trovare il sorriso il luned\u00ec in tutti i giocatori e non sar\u00e0 semplice\\&#8221;<\/p>\n<p>&#8220;,&#8221;postId&#8221;:&#8221;c577b86e-7dcc-474b-82c3-39bf8851d9ec&#8221;,&#8221;postLink&#8221;:{&#8220;title&#8221;:&#8221;&#8221;,&#8221;url&#8221;:&#8221;&#8221;,&#8221;imageSrc&#8221;:&#8221;&#8221;}},{&#8220;timestamp&#8221;:&#8221;2026-09-01T07:55:00.000Z&#8221;,&#8221;timestampUtcIt&#8221;:&#8221;2026-09-01T09:55:00+0200&#8243;,&#8221;altBackground&#8221;:false,&#8221;title&#8221;:&#8221;I prossimi impegni dei nerazzurri&#8221;,&#8221;content&#8221;:&#8221;<\/p>\n<p>Prima della pausa nazionali, la squadra di Chivu avr\u00e0 ancora altre quattro partite da giocare, tra cui i big match contro Napoli, Real Madrid e Roma<\/p>\n<p>\\n<\/p>\n<ul>\\n  <\/p>\n<li><strong>Inter-Napoli<\/strong>, sabato 5 settembre ore 18.00<\/li>\n<p>\\n  <\/p>\n<li><strong>Real Madrid-Inter<\/strong>, marted\u00ec 8 settembre ore 21.00<\/li>\n<p>\\n  <\/p>\n<li><strong>Inter-Udinese<\/strong>, luned\u00ec 14 settembre ore 20.45<\/li>\n<p>\\n  <\/p>\n<li><strong>Roma-Inter<\/strong>, sabato 19 settembre ore 18.00<\/li>\n<p>\\n<\/ul>\n<p>&#8220;,&#8221;postId&#8221;:&#8221;46f2de3e-2c53-400a-ba31-72c20c88f7c0&#8243;,&#8221;postLink&#8221;:{&#8220;title&#8221;:&#8221;&#8221;,&#8221;url&#8221;:&#8221;&#8221;,&#8221;imageSrc&#8221;:&#8221;&#8221;}},{&#8220;timestamp&#8221;:&#8221;2026-09-01T07:30:00.000Z&#8221;,&#8221;timestampUtcIt&#8221;:&#8221;2026-09-01T09:30:00+0200&#8243;,&#8221;altBackground&#8221;:false,&#8221;title&#8221;:&#8221;Ufficiale la cessione di Massolin al Cagliari&#8221;,&#8221;content&#8221;:&#8221;<\/p>\n<p>L&#8217;ultima operazione nerazzurra in ordine cronologico \u00e8 stata un&#8217;uscita. L&#8217;Inter ieri ha infatti ufficializzato la Cessione di Yanis <strong>Massolin al Cagliari<\/strong>. Operazione in <strong>prestito con diritto di riscatto e controriscatto<\/strong> in favore dei nerazzurri<\/p>\n<p>&#8220;,&#8221;postId&#8221;:&#8221;d5b35b39-cd5a-4309-986b-57f7644841be&#8221;,&#8221;postLink&#8221;:{&#8220;title&#8221;:&#8221;&#8221;,&#8221;url&#8221;:&#8221;&#8221;,&#8221;imageSrc&#8221;:&#8221;&#8221;}},{&#8220;timestamp&#8221;:&#8221;2026-09-01T07:16:00.000Z&#8221;,&#8221;timestampUtcIt&#8221;:&#8221;2026-09-01T09:16:00+0200&#8243;,&#8221;altBackground&#8221;:false,&#8221;title&#8221;:&#8221;Quando finisce il mercato in Serie A e nel mondo&#8221;,&#8221;content&#8221;:&#8221;<\/p>\n<p>Il gong \u00e8 vicino. Oggi &#8211; marted\u00ec 1 settembre, ore 20 &#8211; si chiude il calciomercato. Manca sempre meno tempo alla definizione degli ultimi affari. Sar\u00e0 l&#8217;ultimo giorno anche per Inghilterra, Germania, Spagna e Francia. Tanti altri club europei invece avranno qualche giorno in pi\u00f9 per perfezionare le ultime operazioni in entrata. <strong>Ecco le date di chiusura nei principali Paesi e come seguire la giornata su Sky Sport<\/strong><\/p>\n<p>&#8220;,&#8221;postId&#8221;:&#8221;d51e3b14-d07e-4a95-8025-39c1f66a3b7c&#8221;,&#8221;postLink&#8221;:{&#8220;title&#8221;:&#8221;Quando finisce il mercato in Italia e nel mondo? Ecco le date e gli orari di chiusura&#8221;,&#8221;url&#8221;:&#8221;https:\/\/sport.sky.it\/calciomercato\/2026\/09\/01\/calciomercato-2026-chiusura-date-orari&#8221;,&#8221;imageSrc&#8221;:&#8221;https:\/\/sport.sky.it\/assets\/images\/6282ed5b25dfe32091aaed0993dddbf5592c80f3\/skysport\/it\/calcio\/premier-league\/partite\/2025\/giornata-17\/newcastle-chelsea\/woltemade_ansa.jpeg?im=Resize,width=1218&#8243;}},{&#8220;timestamp&#8221;:&#8221;2026-09-01T07:15:00.000Z&#8221;,&#8221;timestampUtcIt&#8221;:&#8221;2026-09-01T09:15:00+0200&#8243;,&#8221;altBackground&#8221;:false,&#8221;title&#8221;:&#8221;L&#8217;ultima giornata di calciomercato su Sky Sport&#8221;,&#8221;content&#8221;:&#8221;<\/p>\n<p><strong>La squadra mercato di Sky Sport \u00e8 pronta a raccontare l&#8217;ultima giornata del calciomercato estivo<\/strong>. Si parte la mattina del 1^ settembre su Sky Sport 24, dalle 10.30 live dallo Sheraton Milano San Siro con Valentina <strong>Mariani<\/strong> e Marco <strong>De Micheli<\/strong>. La giornata proseguir\u00e0 sul canale 200 con tutti gli aggiornamenti e le notizie live dalla sede del mercato. Calciomercato-L\u2019Originale accompagner\u00e0 poi la chiusura del mercato fissata per le ore 20 con una volta finale dalle 19 alle 20.30, con collegamenti in diretta dall\u2019hotel Sheraton di Milano dove ci saranno Gianluca <strong>Di Marzio<\/strong> e Luca <strong>Marchetti<\/strong>. In studio con <strong>Bonan e Fayna<\/strong> ci saranno Giuseppe <strong>Bergomi<\/strong>, Alessandro <strong>Costacurta<\/strong> e Gianfranco <strong>Teotino<\/strong>. Nel corso di tutta la giornata Sky Sport 24 con collegamenti live in ogni edizione del telegiornale e i liveblog di skysport.it per essere aggiornati minuto per minuto dalla squadra mercato di Sky Sport<\/p>\n<p>&#8220;,&#8221;postId&#8221;:&#8221;a77f43ff-2df7-4a8a-9235-6e02d5e15a71&#8243;,&#8221;postLink&#8221;:{&#8220;title&#8221;:&#8221;&#8221;,&#8221;url&#8221;:&#8221;&#8221;,&#8221;imageSrc&#8221;:&#8221;&#8221;}},{&#8220;timestamp&#8221;:&#8221;2026-09-01T07:00:00.000Z&#8221;,&#8221;timestampUtcIt&#8221;:&#8221;2026-09-01T09:00:00+0200&#8243;,&#8221;altBackground&#8221;:false,&#8221;title&#8221;:&#8221;Ultimo giorno: cosa far\u00e0 l&#8217;Inter?&#8221;,&#8221;content&#8221;:&#8221;<\/p>\n<p>\u00c8 l&#8217;ultimo giorno di mercato anche per l&#8217;Inter che si \u00e8 mossa gi\u00e0 da tempo sul mercato, ma resta attenta a occasioni last minute. Qui nel nostro liveblog dedicato tutte le news su trattative e indiscrezioni riguardanti sui nerazzurri raccolte dalla squadra mercato di Sky Sport<\/p>\n<p>&#8220;,&#8221;postId&#8221;:&#8221;797b9444-6473-46a6-8d0d-27998b32a2e2&#8243;,&#8221;postLink&#8221;:{&#8220;title&#8221;:&#8221;&#8221;,&#8221;url&#8221;:&#8221;&#8221;,&#8221;imageSrc&#8221;:&#8221;&#8221;}}]}&#8221; query='{&#8220;configurationName&#8221;:&#8221;LIVEBLOG_CONTAINER_WIDGET&#8221;,&#8221;liveblogId&#8221;:&#8221;e0dc7f71-7e29-40cf-b54c-2661bd9b1d2a&#8221;,&#8221;tenant&#8221;:&#8221;sport&#8221;,&#8221;limit&#8221;:800}&#8217; config='{&#8220;live&#8221;:true,&#8221;isWebView&#8221;:false,&#8221;postsPerPageMobile&#8221;:10,&#8221;postsPerPageDesktop&#8221;:10}&#8217;&gt;<br \/>\n          Inter, cosa \u00e8 successo nell&#8217;ultimo giorno di calciomercato<\/p>\n<ul>\n<li><strong>Pio Esposito<\/strong> ha firmato il rinnovo di contratto fino al 2032: &#8220;Sono felice di rinnovare con il club, andiamo avanti a lavorare come sempre&#8221;, le sue parole prima di entrare in sede.\u00a0<\/li>\n<li>Un acquisto per l&#8217;Inter U23:\u00a0Lorenzo <strong>Tosto<\/strong> dall&#8217;Empoli. Il giovane <strong>Kamate <\/strong>ceduto all&#8217;Atletico Madrid B<\/li>\n<li>Per la partita contro il Napoli, possibile occasione dal primo minuto per <strong>Jones<\/strong>, che ha gi\u00e0 giocato 25&#8242; contro il Cagliari<\/li>\n<\/ul>\n<p><strong>Questo il mercato estivo dell&#8217;Inter:<\/strong><\/p>\n<ul>\n<li><strong>Acquisti<\/strong>: A. Stankovic (c, Bruges); Akanji (d, Manchester City) riscatto; Provedel (p, Lazio); Massolin (c, Modena)<\/li>\n<li>Stones (d, svincolato); Spence (d, Tottenham); Curtis Jones (c, Liverpool)<\/li>\n<li><strong>Cessioni<\/strong>: Sommer (p, svincolato); Acerbi (d, svincolato); Darmian (d, svincolato); De Vrij (d, svincolato); Carboni (d, Parma); Dumfries (d, Real Madrid); Akinsanmiro (c, Monza); Frattesi (c, Lazio); Maye (d, Monza); Massolin (c, Cagliari)<\/li>\n<\/ul>\n<p>Leggi di pi\u00f9 <\/p>\n<p>18:23<\/p>\n<p>Pio Esposito ha firmato: Inter fino al 2032<\/p>\n<p><strong>Pio Esposito ha lasciato pochi minuti fa la sede dell&#8217;Inter<\/strong>. Ha firmato il nuovo contratto che lo lega al club nerazzurro <strong>fino al 2032<\/strong>.<\/p>\n<p>16:20<\/p>\n<p>Pio Esposito in sede: &#8220;Felice di rinnovare&#8221;. Il VIDEO<\/p>\n<p>Pio Esposito \u00e8 arrivato nella sede dell&#8217;Inter. &#8220;Sono felice di rinnovare con il club, andiamo avanti a lavorare come sempre&#8221;, le sue parole. Accordo fino al 2032<\/p>\n<p>15:58<\/p>\n<p>Ceduto Issiaka Kamate all&#8217;Atletico Madrid B<\/p>\n<p><strong>L&#8217;Inter ha ceduto all&#8217;Atletico Madrid il giovane Issiaka Kamate<\/strong>. L&#8217;accordo per il centrocampista offensivo classe 2004 porta nelle casse nerazzurre <strong>1,7 milioni, oltre al 30% sulla futura rivendita<\/strong>. L&#8217;Inter si \u00e8 riservato il diritto di recompra per 8 milioni. L&#8217;Atletico Madrid destiner\u00e0 Kamate alla propria formazione B. Nel settore giovanile interista dal 2020, Kamate ha giocato nella Primavera di Christian Chivu durante la stagione 2023\/24 con 12 gol e 5 assist in 32 presenze. Dopo i prestiti al club portoghese dell&#8217;AVS e al Modena, lo scorso anno \u00e8 stato protagonista con l&#8217;Inter U23 in Serie C collezionando 33 presenze e 6 reti.<\/p>\n<p>Leggi di pi\u00f9 <\/p>\n<p>13:20<\/p>\n<p>Un acquisto per l&#8217;Inter Under 23<\/p>\n<p>L&#8217;ultima giornata di mercato porta anche alla conclusione di un affare per l&#8217;Inter U23: arriva in nerazzurro <strong>Lorenzo Tosto <\/strong>dall&#8217;Empoli. Difensore classe 2006, arriva all&#8217;Inter U23 a titolo temporaneo con diritto di opzione. \u00a0Tosto ha gi\u00e0 esordito in serie A, il 2 febbraio 2025, contro la Juventus. Nella stagione scorsa ha militato nel Livorno, mettendo insieme 9 presenze e un assist.<\/p>\n<p><img decoding=\"async\" src=\"https:\/\/www.europesays.com\/it\/wp-content\/uploads\/2026\/09\/Inter.it tosto.jpg\" alt=\"tosto\" title=\"da Inter.it\" loading=\"lazy\"\/><\/p>\n<p class=\"lvbg-post-image__caption-v2\">da Inter.it<\/p>\n<p>12:58<\/p>\n<p>Esposito rinnova, le ultime dalla sede dell&#8217;Inter<\/p>\n<p>Nel video, le ultime notizie dalla sede dell&#8217;Inter con l&#8217;inviato di Sky Sport Matteo Barzaghi: con il mercato in entrata chiuso, i dirigenti nerazzurri oggi sono concentrati sul <strong>rinnovo di Pio Esposito <\/strong>fino al 2032.<\/p>\n<p>12:45<\/p>\n<p>Un rinnovo da Pio, i dettagli<\/p>\n<p>E&#8217; il giorno del rinnovo di <strong>Pio Esposito<\/strong>: se ne parla da tempo, \u00e8 arrivato <strong>il momento di mettere nero su bianco<\/strong>. Il giovane attaccante firmer\u00e0 un <strong>contratto fino al 2032<\/strong> con un ingaggio da &#8220;big&#8221;: una <strong>base intorno ai 2,5 milioni annui<\/strong> che, con l&#8217;aggiunta dei premi legati a obiettivi di squadra e individuali, potr\u00e0 salire <strong>fino a 3 milioni<\/strong>.<\/p>\n<p>11:00<\/p>\n<p>Calendario Champions League, tutte le giornate e le partite del girone: date e orari<\/p>\n<p>Grazie anche ai nuovi acquisti, l&#8217;Inter prover\u00e0 a portare in alto i colori nerazzurri anche in Champions League. Ecco il calendario completo con tutte le partite<\/p>\n<p><a href=\"https:\/\/sport.sky.it\/calcio\/champions-league\/calendario-champions-league-2026-2027-giornate-partite\" title=\"Il calendario e gli orari della Champions League: Inter la prima italiana in campo\" class=\"lvbg-post-link\" data-intcmp=\"skysport_liveblog_liveblog-preview_null\" data-analytics-element=\"liveblog-preview\" rel=\"nofollow noopener\" target=\"_blank\"><img alt=\"Il calendario e gli orari della Champions League: Inter la prima italiana in campo\" style=\"opacity:0;transition:opacity 0.3s\" class=\"lvbg-post-link__image\"\/>Il calendario e gli orari della Champions League: Inter la prima italiana in campoVai al contenuto <\/a><\/p>\n<p>10:51<\/p>\n<p>Oggi pomeriggio le firme di Pio Esposito<\/p>\n<p>Questo pomeriggio Pio Esposito firmer\u00e0 il rinnovo di cinque anni con l&#8217;Inter. Operazione definita<\/p>\n<p>10:40<\/p>\n<p>Come giocher\u00e0 l&#8217;Inter di Chivu? La formazione tipo<\/p>\n<p>Tre nuovi acquisti e tante conferme: l&#8217;Inter punter\u00e0 ancora sul 3-5-2, con <strong>Martinez<\/strong> in porta e <strong>Akanji, Stones e Bastoni<\/strong> a comporre la linea di difesa. Pavard, Bisseck e Carlos Augusto come alternative di lusso. Sulle fasce pronti <strong>Dimarco e Spence<\/strong> (ma occhio a Diouf), mentre a c&#8217;\u00e8 abbondanza a centrocampo. I titolari dovrebbero essere <strong>Barella, Calhanoglu e Jones<\/strong>, ma troveranno spazio anche Stankovic, Zielinski e Mkhitaryan. In attacco non si tocca <strong>Lautaro Martinez<\/strong>. Al suo fianco ballottaggio tra <strong>Thuram<\/strong> e Pio Esposito<\/p>\n<ul>\n<li><strong>INTER (3-5-2)<\/strong>: Martinez; Akanji, Stones, Bastoni; Spence, Barella, Calhanoglu, Jones, Dimarco; Lautaro, Thuram\/P. Esposito. All. Cristian Chivu<\/li>\n<\/ul>\n<p>Leggi di pi\u00f9 <\/p>\n<p>10:15<\/p>\n<p>Chivu: &#8220;Curtis Jones lo volevamo da tempo&#8221;<\/p>\n<p>Al termine della partita contro il Cagliari, Cristian Chivu ha parlato di <strong>Curtis Jones<\/strong>, ultimo acquisto dell&#8217;estate nerazzurra: &#8220;<strong>Lo volevamo da tempo<\/strong>, abbiamo un centrocampo di grandi giocatori, star\u00e0 a me accontentare tutti, questo \u00e8 il compito pi\u00f9 difficile. Ora devo dare minutaggio a quelli che tornano dal Mondiale e devo trovare il sorriso il luned\u00ec in tutti i giocatori e non sar\u00e0 semplice&#8221;<\/p>\n<p>09:55<\/p>\n<p>I prossimi impegni dei nerazzurri<\/p>\n<p>Prima della pausa nazionali, la squadra di Chivu avr\u00e0 ancora altre quattro partite da giocare, tra cui i big match contro Napoli, Real Madrid e Roma<\/p>\n<ul>\n<li><strong>Inter-Napoli<\/strong>, sabato 5 settembre ore 18.00<\/li>\n<li><strong>Real Madrid-Inter<\/strong>, marted\u00ec 8 settembre ore 21.00<\/li>\n<li><strong>Inter-Udinese<\/strong>, luned\u00ec 14 settembre ore 20.45<\/li>\n<li><strong>Roma-Inter<\/strong>, sabato 19 settembre ore 18.00<\/li>\n<\/ul>\n<p>09:30<\/p>\n<p>Ufficiale la cessione di Massolin al Cagliari<\/p>\n<p>L&#8217;ultima operazione nerazzurra in ordine cronologico \u00e8 stata un&#8217;uscita. L&#8217;Inter ieri ha infatti ufficializzato la Cessione di Yanis <strong>Massolin al Cagliari<\/strong>. Operazione in <strong>prestito con diritto di riscatto e controriscatto<\/strong> in favore dei nerazzurri<\/p>\n<p>09:16<\/p>\n<p>Quando finisce il mercato in Serie A e nel mondo<\/p>\n<p>Il gong \u00e8 vicino. Oggi &#8211; marted\u00ec 1 settembre, ore 20 &#8211; si chiude il calciomercato. Manca sempre meno tempo alla definizione degli ultimi affari. Sar\u00e0 l&#8217;ultimo giorno anche per Inghilterra, Germania, Spagna e Francia. Tanti altri club europei invece avranno qualche giorno in pi\u00f9 per perfezionare le ultime operazioni in entrata. <strong>Ecco le date di chiusura nei principali Paesi e come seguire la giornata su Sky Sport<\/strong><\/p>\n<p><a href=\"https:\/\/sport.sky.it\/calciomercato\/2026\/09\/01\/calciomercato-2026-chiusura-date-orari\" title=\"Quando finisce il mercato in Italia e nel mondo? Ecco le date e gli orari di chiusura\" class=\"lvbg-post-link\" data-intcmp=\"skysport_liveblog_liveblog-preview_null\" data-analytics-element=\"liveblog-preview\" rel=\"nofollow noopener\" target=\"_blank\"><img alt=\"Quando finisce il mercato in Italia e nel mondo? Ecco le date e gli orari di chiusura\" style=\"opacity:0;transition:opacity 0.3s\" class=\"lvbg-post-link__image\"\/>Quando finisce il mercato in Italia e nel mondo? Ecco le date e gli orari di chiusuraVai al contenuto <\/a><\/p>\n<p>09:15<\/p>\n<p>L&#8217;ultima giornata di calciomercato su Sky Sport<\/p>\n<p><strong>La squadra mercato di Sky Sport \u00e8 pronta a raccontare l&#8217;ultima giornata del calciomercato estivo<\/strong>. Si parte la mattina del 1^ settembre su Sky Sport 24, dalle 10.30 live dallo Sheraton Milano San Siro con Valentina <strong>Mariani<\/strong> e Marco <strong>De Micheli<\/strong>. La giornata proseguir\u00e0 sul canale 200 con tutti gli aggiornamenti e le notizie live dalla sede del mercato. Calciomercato-L\u2019Originale accompagner\u00e0 poi la chiusura del mercato fissata per le ore 20 con una volta finale dalle 19 alle 20.30, con collegamenti in diretta dall\u2019hotel Sheraton di Milano dove ci saranno Gianluca <strong>Di Marzio<\/strong> e Luca <strong>Marchetti<\/strong>. In studio con <strong>Bonan e Fayna<\/strong> ci saranno Giuseppe <strong>Bergomi<\/strong>, Alessandro <strong>Costacurta<\/strong> e Gianfranco <strong>Teotino<\/strong>. Nel corso di tutta la giornata Sky Sport 24 con collegamenti live in ogni edizione del telegiornale e i liveblog di skysport.it per essere aggiornati minuto per minuto dalla squadra mercato di Sky Sport<\/p>\n<p>Leggi di pi\u00f9 <\/p>\n<p>09:00<\/p>\n<p>Ultimo giorno: cosa far\u00e0 l&#8217;Inter?<\/p>\n<p>\u00c8 l&#8217;ultimo giorno di mercato anche per l&#8217;Inter che si \u00e8 mossa gi\u00e0 da tempo sul mercato, ma resta attenta a occasioni last minute. Qui nel nostro liveblog dedicato tutte le news su trattative e indiscrezioni riguardanti sui nerazzurri raccolte dalla squadra mercato di Sky Sport<\/p>\n","protected":false},"excerpt":{"rendered":"\\n Pio Esposito ha firmato il rinnovo di contratto fino al 2032: \\&#8221;Sono felice di rinnovare con il&hellip;\n","protected":false},"author":3,"featured_media":661048,"comment_status":"","ping_status":"","sticky":false,"template":"","format":"standard","meta":{"footnotes":"","_share_on_mastodon":"0"},"categories":[1452],"tags":[721,353,6293,1740,350,1537,90,89,1739,245,244],"class_list":["post-661047","post","type-post","status-publish","format-standard","has-post-thumbnail","category-calcio","tag-calcio","tag-calciomercato","tag-calciomercato-serie-a","tag-football","tag-inter","tag-it","tag-italia","tag-italy","tag-soccer","tag-sport","tag-sports"],"share_on_mastodon":{"url":"https:\/\/pubeurope.com\/@it\/117200413100481976","error":""},"_links":{"self":[{"href":"https:\/\/www.europesays.com\/it\/wp-json\/wp\/v2\/posts\/661047","targetHints":{"allow":["GET"]}}],"collection":[{"href":"https:\/\/www.europesays.com\/it\/wp-json\/wp\/v2\/posts"}],"about":[{"href":"https:\/\/www.europesays.com\/it\/wp-json\/wp\/v2\/types\/post"}],"author":[{"embeddable":true,"href":"https:\/\/www.europesays.com\/it\/wp-json\/wp\/v2\/users\/3"}],"replies":[{"embeddable":true,"href":"https:\/\/www.europesays.com\/it\/wp-json\/wp\/v2\/comments?post=661047"}],"version-history":[{"count":0,"href":"https:\/\/www.europesays.com\/it\/wp-json\/wp\/v2\/posts\/661047\/revisions"}],"wp:featuredmedia":[{"embeddable":true,"href":"https:\/\/www.europesays.com\/it\/wp-json\/wp\/v2\/media\/661048"}],"wp:attachment":[{"href":"https:\/\/www.europesays.com\/it\/wp-json\/wp\/v2\/media?parent=661047"}],"wp:term":[{"taxonomy":"category","embeddable":true,"href":"https:\/\/www.europesays.com\/it\/wp-json\/wp\/v2\/categories?post=661047"},{"taxonomy":"post_tag","embeddable":true,"href":"https:\/\/www.europesays.com\/it\/wp-json\/wp\/v2\/tags?post=661047"}],"curies":[{"name":"wp","href":"https:\/\/api.w.org\/{rel}","templated":true}]}}