{"id":661059,"date":"2026-09-02T08:11:15","date_gmt":"2026-09-02T08:11:15","guid":{"rendered":"https:\/\/www.europesays.com\/it\/661059\/"},"modified":"2026-09-02T08:11:15","modified_gmt":"2026-09-02T08:11:15","slug":"aritmia-mctominay-parla-lesperto-ha-il-cuore-sano","status":"publish","type":"post","link":"https:\/\/www.europesays.com\/it\/661059\/","title":{"rendered":"Aritmia McTominay, parla l&#8217;esperto: &#8220;Ha il cuore sano&#8221;"},"content":{"rendered":"<p>                                Daniele Andreini, professore ordinario di cardiologia dell&#8217;Universit\u00e0 degli Studi di Milano, ha analizzato il problema accusato dallo scozzese del Napoli: &#8220;Le aritmie atriali, soprattutto nei giovani, non conducono all&#8217;arresto cardiaco&#8221;<\/p>\n<p class=\"paragraph\" spellcheck=\"true\">Per avere un\u2019idea precisa dell\u2019inconveniente che terr\u00e0 fuori dal campo Scott McTominay servono due ingredienti: il comunicato ufficiale del club, che parla di \u201clieve aritmia benigna\u201d e di \u201cablazione\u201d, e l\u2019analisi di un esperto quale il professor Daniele Andreini, professore ordinario di cardiologia dell&#8217;Universit\u00e0 degli Studi di Milano e responsabile dell\u2019unit\u00e0 operativa di cardiologia universitaria dell\u2019ospedale Galeazzi-Sant&#8217;Ambrogio di Milano.<\/p>\n<p class=\"paragraph\" spellcheck=\"true\"><b>Da dove si comincia, Professore?<\/b><\/p>\n<p class=\"paragraph\" spellcheck=\"true\">\u201cDal fatto che siamo in un campo di benignit\u00e0. Le aritmie atriali, soprattutto nei giovani, non conducono all&#8217;arresto cardiaco, quelle sono le aritmie ventricolari (come Eriksen e Bove). Le aritmie atriali non si manifestano in modo cos\u00ec catastrofico e quelle parossistiche, nello specifico, insorgono improvvisamente e sono molto veloci: la frequenza cardiaca aumenta improvvisamente dai 60-70 battiti al minuto (anche 40 in uno sportivo), a 200-220. \u00c8 una sensazione fastidiosa di un battito cardiaco accelerato e\/o irregolare: pu\u00f2 succedere durante un esercizio fisico, ma anche assolutamente a riposo. Il battito poi di solito torna da solo nella normalit\u00e0: quando non avviene bisogna ricorrere ai farmaci o addirittura alla cardioversione, cio\u00e8 alla scossa elettrica per ripristinare un ritmo cardiaco regolare. Non \u00e8 la fibrillazione atriale, pi\u00f9 frequente nella popolazione generale e nell&#8217;anziano, ma rarissima negli atleti professionisti e nei giovani\u201d.<\/p>\n<p class=\"paragraph\" spellcheck=\"true\">\u201cNo, per\u00f2 in un atleta non \u00e8 del tutto trascurabile. Si parla di ablazione, quindi della necessit\u00e0 di regolarizzare il battito. \u00c8 assolutamente mini-invasiva e molto sicura e consente di eradicare l\u2019aritmia. Normalmente questi soggetti hanno un cuore sano: \u00e8 solo il circuito, l&#8217;apparato elettrico del cuore che ha delle piccole imperfezioni, normalmente congenite\u201d.\u00a0<\/p>\n<p class=\"paragraph\" spellcheck=\"true\"><b>Come funziona l\u2019ablazione?\u00a0<\/b><\/p>\n<p class=\"paragraph\" spellcheck=\"true\">\u201cCon un catetere, una sonda, dall\u2019inguine all&#8217;interno del cuore di destra si va a indurre l\u2019aritmia con lo studio elettrofisiologico, quindi tramite dei farmaci, degli stimoli, e una volta che \u00e8 mappata e identificata molto bene la si eradica. All\u2019Olimpiade c\u2019era stato il caso di Tommaso Giacomel nel biathlon, a cui abbiamo ablato una tachicardia parossistica sopraventricolare. Mentre era primo, si \u00e8 accasciato a terra perch\u00e9 ha avuto questa aritmia. Sembrerebbe un caso analogo, per\u00f2 non so se la manifestazione sia stata simile. Lo stress fisico-emotivo spesso slatentizza questo tipo di situazioni: se l&#8217;hanno scoperto adesso e non durante la visa di idoneit\u00e0, probabilmente McTominay ha avuto qualche sintomo e sono riusciti a fargli un elettrocardiogramma mentre aveva l&#8217;episodio: non \u00e8 facile, perch\u00e9 spesso sono situazioni che si risolvono nel giro di pochi minuti e non si fa in tempo\u201d.<\/p>\n<p class=\"paragraph\" spellcheck=\"true\"><b>Non la sorprende che sia stata notata solo dopo anni di carriera, quindi?\u00a0<\/b><\/p>\n<p class=\"paragraph\" spellcheck=\"true\">\u201cIn queste forme di solito non si vede nulla con il classico elettrocardiogramma, quindi s\u00ec, \u00e8 assolutamente normalissimo. Ci sono anche dei fattori predisponenti: lo stress psicofisico intenso, uno stato infettivo, la febbre, lo squilibrio elettrolitico, una crisi di ipertiroidismo\u2026 Normalmente quando uno ha un sintomo di questo tipo si fa l&#8217;holter, una prova da sforzo oppure si pu\u00f2 mettere il loop recorder, un piccolo dispositivo sotto cute che registra in continuo\u201d.\u00a0<\/p>\n<p class=\"paragraph\" spellcheck=\"true\"><b>Dopo l\u2019ablazione che tempi di recupero si possono stimare?\u00a0<\/b><\/p>\n<p><a class=\"is-partner-link\" href=\"https:\/\/ad.doubleclick.net\/ddm\/trackclk\/N1792338.340088CAIRORCSMEDIAS.P.\/B28038690.452531709;dc_trk_aid=646241311;dc_trk_cid=173665161;dc_lat=;dc_rdid=;tag_for_child_directed_treatment=;tfua=;gdpr=%24%7BGDPR%7D;gdpr_consent=%24%7BGDPR_CONSENT_755%7D;ltd=;dc_tdv=1\" rel=\"nofollow noopener\" target=\"_blank\">Guarda tutte le partite di Serie A Enilive in esclusiva nei locali Sky! Trova il locale pi\u00f9 vicino a te.<\/a><\/p>\n<p class=\"paragraph\" spellcheck=\"true\">\u201cA seconda del tipo di tachicardia sopraventricolare si prevede un ritorno all\u2019agonismo da 2 a 4 settimane verificando eco-cardio, holter e test da sforzo. Le prime settimane dopo l&#8217;intervento sono quelle pi\u00f9 delicate, anche per le recidive. Per\u00f2 io credo si possa ipotizzare un ritorno in campo entro il mese. Normalmente noi facciamo una settimana \u201czero\u201d, di vita normale, senza allenamento. La seconda settimana ci si ricomincia ad allenarsi sul massimale, poi la terza facciamo iniziare a spingere un po&#8217; di pi\u00f9 e poi liberiamo. L&#8217;atleta sta veramente fermo una decina di giorni, tra cui due ore di degenza\u201d.<\/p>\n<p class=\"is-copyright\">\u00a9 RIPRODUZIONE RISERVATA<\/p>\n","protected":false},"excerpt":{"rendered":"Daniele Andreini, professore ordinario di cardiologia dell&#8217;Universit\u00e0 degli Studi di Milano, ha analizzato il problema accusato dallo scozzese&hellip;\n","protected":false},"author":3,"featured_media":661060,"comment_status":"","ping_status":"","sticky":false,"template":"","format":"standard","meta":{"footnotes":"","_share_on_mastodon":"0"},"categories":[176],"tags":[30457,94143,364518,364519,211006,363931,147012,364516,364520,453,3609,11965,3550,364517,364521,364522,58921,153367,921,3611,35271,364523,364524,248715,364525,364526,6036,364527,3163,364528,364529,56921,17570,2297,5016,1598,364530,1537,90,89,50651,28,46317,2463,46163,245,244,4583],"class_list":["post-661059","post","type-post","status-publish","format-standard","has-post-thumbnail","category-sport","tag-ablazione","tag-andreini","tag-andreini-professore","tag-andreini-professore-ordinario","tag-aritmia","tag-aritmia-benigna","tag-aritmie","tag-aritmie-atriali","tag-aritmie-atriali-soprattutto","tag-arresto","tag-arresto-cardiaco","tag-assolutamente","tag-atleta","tag-atriali","tag-atriali-soprattutto","tag-atriali-soprattutto-giovani","tag-battito","tag-benigna","tag-campo","tag-cardiaco","tag-cardiologia","tag-cardiologia-universita","tag-cardiologia-universita-studi","tag-conducono","tag-conducono-arresto","tag-conducono-arresto-cardiaco","tag-cuore","tag-cuore-sano","tag-daniele","tag-daniele-andreini","tag-daniele-andreini-professore","tag-elettrocardiogramma","tag-esperto","tag-farmaci","tag-fisico","tag-giovani","tag-giovani-conducono","tag-it","tag-italia","tag-italy","tag-mctominay","tag-milano","tag-normalmente","tag-parla","tag-professore","tag-sport","tag-sports","tag-tipo"],"share_on_mastodon":{"url":"","error":"Validation failed: Text character limit of 500 exceeded"},"_links":{"self":[{"href":"https:\/\/www.europesays.com\/it\/wp-json\/wp\/v2\/posts\/661059","targetHints":{"allow":["GET"]}}],"collection":[{"href":"https:\/\/www.europesays.com\/it\/wp-json\/wp\/v2\/posts"}],"about":[{"href":"https:\/\/www.europesays.com\/it\/wp-json\/wp\/v2\/types\/post"}],"author":[{"embeddable":true,"href":"https:\/\/www.europesays.com\/it\/wp-json\/wp\/v2\/users\/3"}],"replies":[{"embeddable":true,"href":"https:\/\/www.europesays.com\/it\/wp-json\/wp\/v2\/comments?post=661059"}],"version-history":[{"count":0,"href":"https:\/\/www.europesays.com\/it\/wp-json\/wp\/v2\/posts\/661059\/revisions"}],"wp:featuredmedia":[{"embeddable":true,"href":"https:\/\/www.europesays.com\/it\/wp-json\/wp\/v2\/media\/661060"}],"wp:attachment":[{"href":"https:\/\/www.europesays.com\/it\/wp-json\/wp\/v2\/media?parent=661059"}],"wp:term":[{"taxonomy":"category","embeddable":true,"href":"https:\/\/www.europesays.com\/it\/wp-json\/wp\/v2\/categories?post=661059"},{"taxonomy":"post_tag","embeddable":true,"href":"https:\/\/www.europesays.com\/it\/wp-json\/wp\/v2\/tags?post=661059"}],"curies":[{"name":"wp","href":"https:\/\/api.w.org\/{rel}","templated":true}]}}