{"id":661063,"date":"2026-09-02T08:13:15","date_gmt":"2026-09-02T08:13:15","guid":{"rendered":"https:\/\/www.europesays.com\/it\/661063\/"},"modified":"2026-09-02T08:13:15","modified_gmt":"2026-09-02T08:13:15","slug":"ewa-aulin-giuseppe-conte-e-un-buon-compagno-per-mia-figlia-fa-parte-della-famiglia-tinto-brass-mi-ha-insegnato-moltissimo","status":"publish","type":"post","link":"https:\/\/www.europesays.com\/it\/661063\/","title":{"rendered":"Ewa Aulin: \u00abGiuseppe Conte \u00e8 un buon compagno per mia figlia. Fa parte della famiglia. Tinto Brass mi ha insegnato moltissimo\u00bb"},"content":{"rendered":"<p>    di<br \/>\n    Chiara Maffioletti<\/p>\n<p class=\"summary-art is-line-h-12\">L&#8217;attrice, oggi 76 anni, \u00e8 a Venezia per celebrare il film di Tinto Brass \u00abCol cuore in gola\u00bb di cui \u00e8 stata protagonista nel 1967<\/p>\n<p class=\"chapter-paragraph\">\u00c8 ancora bellissima Ewa Aulin.  Camicia bianca, caschetto biondo, la suocera di Giuseppe Conte non ha voluto mancare l\u2019omaggio che la Mostra ha  fatto a Tinto Brass proponendo la versione restaurata di Col cuore in gola (su Netflix dal 15 settembre), \u00abavanguardia quando ancora l\u2019avanguardia doveva arrivare\u00bb, per il presidente Buttafuoco.\u00a0<\/p>\n<p class=\"chapter-paragraph\">Aulin, musa di Brass nel film del 1967, \u00e8 anche  mamma di Olivia Paladino, da anni legata al leader Cinque Stelle. A margine dell\u2019incontro, l\u2019attrice ha parlato anche di lui: \u00ab\u00c8 un buon padre e un buon compagno di mia figlia. \u00c8 una persona di casa ormai, fa parte della famiglia. Di politica per\u00f2 non parlo perch\u00e9 non \u00e8 l\u2019argomento che affrontiamo nei nostri colloqui,  sempre cordiali\u00bb.\u00a0    &#13;<br \/>\n&#13;<br \/>\n&#13;<br \/>\n&#13;<br \/>\n&#13;<br \/>\n&#13;<br \/>\n&#13;<br \/>\n&#13;<br \/>\n&#13;<br \/>\n&#13;<br \/>\n&#13;<br \/>\n&#13;<br \/>\n&#13;<br \/>\n&#13;<br \/>\n&#13;<br \/>\n&#13;<br \/>\n&#13;<br \/>\n&#13;<br \/>\n&#13;<br \/>\n&#13;<br \/>\n&#13;<br \/>\n&#13;<br \/>\n&#13;<br \/>\n&#13;<br \/>\n&#13;<br \/>\n&#13;<br \/>\n&#13;<br \/>\n&#13;<br \/>\n&#13;<br \/>\n&#13;<br \/>\n&#13;<br \/>\n&#13;<br \/>\n&#13;<br \/>\n&#13;<br \/>\n&#13;<br \/>\n&#13;<br \/>\n&#13;<br \/>\n&#13;<br \/>\n&#13;<br \/>\n&#13;<br \/>\n&#13;<br \/>\n&#13;<br \/>\n&#13;<br \/>\n&#13;<br \/>\n&#13;<br \/>\n&#13;<br \/>\n&#13;<br \/>\n&#13;<br \/>\n&#13;<br \/>\n&#13;<br \/>\n&#13;<br \/>\n&#13;<br \/>\n&#13;\n<\/p>\n<p class=\"chapter-paragraph\">Ieri l\u2019attenzione dell\u2019attrice era per Brass: \u00ab\u00c8 tra gli artisti in Italia che ha pi\u00f9  bisogno di questo riconoscimento\u00bb. Per lei, dopo  anni,  il bilancio su questo film \u00e8 netto: \u00abHo fatto benissimo a fare ci\u00f2 che tutti mi avevano detto di non fare\u00bb.   Col cuore in gola ha per protagonista lei e  Trintignant: \u00abPer me \u00e8  stato un\u2019universit\u00e0 di recitazione,   arte,  fantasia e  creativit\u00e0. Ero molto giovane,  una spugna. Tinto  mi ha insegnato moltissimo\u00bb.<\/p>\n<p class=\"is-last-update\" datetime=\"2026-09-02T09:46:00+02:00\">1 settembre 2026 ( modifica il 2 settembre 2026 | 09:45)<\/p>\n<p class=\"is-copyright\">\n            \u00a9 RIPRODUZIONE RISERVATA\n        <\/p>\n","protected":false},"excerpt":{"rendered":"di Chiara Maffioletti L&#8217;attrice, oggi 76 anni, \u00e8 a Venezia per celebrare il film di Tinto Brass \u00abCol&hellip;\n","protected":false},"author":3,"featured_media":661064,"comment_status":"","ping_status":"","sticky":false,"template":"","format":"standard","meta":{"footnotes":"","_share_on_mastodon":"0"},"categories":[174],"tags":[7738,362172,5107,21986,1034,364534,364535,3340,317928,2790,6036,359596,203,454,5138,204,1537,90,89,165696,22879],"class_list":["post-661063","post","type-post","status-publish","format-standard","has-post-thumbnail","category-intrattenimento","tag-attrice","tag-aulin","tag-avanguardia","tag-brass","tag-buon","tag-buon-compagno","tag-buon-compagno-figlia","tag-compagno","tag-compagno-figlia","tag-conte","tag-cuore","tag-cuore-gola","tag-entertainment","tag-film","tag-gola","tag-intrattenimento","tag-it","tag-italia","tag-italy","tag-tinto","tag-tinto-brass"],"share_on_mastodon":{"url":"https:\/\/pubeurope.com\/@it\/117200447593802380","error":""},"_links":{"self":[{"href":"https:\/\/www.europesays.com\/it\/wp-json\/wp\/v2\/posts\/661063","targetHints":{"allow":["GET"]}}],"collection":[{"href":"https:\/\/www.europesays.com\/it\/wp-json\/wp\/v2\/posts"}],"about":[{"href":"https:\/\/www.europesays.com\/it\/wp-json\/wp\/v2\/types\/post"}],"author":[{"embeddable":true,"href":"https:\/\/www.europesays.com\/it\/wp-json\/wp\/v2\/users\/3"}],"replies":[{"embeddable":true,"href":"https:\/\/www.europesays.com\/it\/wp-json\/wp\/v2\/comments?post=661063"}],"version-history":[{"count":0,"href":"https:\/\/www.europesays.com\/it\/wp-json\/wp\/v2\/posts\/661063\/revisions"}],"wp:featuredmedia":[{"embeddable":true,"href":"https:\/\/www.europesays.com\/it\/wp-json\/wp\/v2\/media\/661064"}],"wp:attachment":[{"href":"https:\/\/www.europesays.com\/it\/wp-json\/wp\/v2\/media?parent=661063"}],"wp:term":[{"taxonomy":"category","embeddable":true,"href":"https:\/\/www.europesays.com\/it\/wp-json\/wp\/v2\/categories?post=661063"},{"taxonomy":"post_tag","embeddable":true,"href":"https:\/\/www.europesays.com\/it\/wp-json\/wp\/v2\/tags?post=661063"}],"curies":[{"name":"wp","href":"https:\/\/api.w.org\/{rel}","templated":true}]}}