{"id":661093,"date":"2026-09-02T08:38:20","date_gmt":"2026-09-02T08:38:20","guid":{"rendered":"https:\/\/www.europesays.com\/it\/661093\/"},"modified":"2026-09-02T08:38:20","modified_gmt":"2026-09-02T08:38:20","slug":"khephren-thuram-si-opera-al-ginocchio-juve-sara-out-4-mesi","status":"publish","type":"post","link":"https:\/\/www.europesays.com\/it\/661093\/","title":{"rendered":"Khephren Thuram si opera al ginocchio: Juve, sar\u00e0 out 4 mesi"},"content":{"rendered":"<p>                                Il centrocampista francese soffre per un problema al ginocchio dalla primavera e ha dato l\u2019ok all\u2019intervento: torner\u00e0 nel 2027<\/p>\n<p>            <a class=\"image is-50x50\" href=\"https:\/\/www.gazzetta.it\/redazione\/filippo-cornacchia\/\" rel=\"nofollow noopener\" target=\"_blank\"><br \/>\n                <img decoding=\"async\" class=\"is-rounded\" src=\"https:\/\/www.europesays.com\/it\/wp-content\/uploads\/2026\/04\/filippo-cornacchia_avatar.png\" alt=\"Filippo Cornacchia\"\/><br \/>\n            <\/a><\/p>\n<p>Giornalista<\/p>\n<p>                    2 settembre &#8211; 09:00  &#8211; TORINO<\/p>\n<p class=\"paragraph\" spellcheck=\"true\">Nuovo blitz a Lione, ma stavolta non sar\u00e0 una toccata e fuga. Nelle prossime ore Khephren Thuram raggiunger\u00e0 la citt\u00e0 francese e domani finir\u00e0 sotto i ferri del luminare Bertrand Sonnery Cottet, lo specialista delle ginocchia che nelle scorse stagioni ha operato Gleison Bremer (crociato e menisco) e Federico Gatti (menisco). Il padre Lilian Thuram, sempre vicinissimo ai suoi due figli (Khephren e l\u2019interista Marcus), sta seguendo i preparativi nei minimi dettagli. Il chirurgo transalpino ha visitato il centrocampista della Juventus luned\u00ec, consigliandogli l\u2019intervento chirurgico per mettere fine al calvario fisico (sindrome femoro-rotulea) iniziato nel finale dello scorso campionato e mai sparito del tutto nei mesi scorsi nonostante la terapia conservativa e un\u2019estate vissuta ai margini.  Thuram ha saltato tutte le amichevoli, \u00e8 tornato in panchina per la prima di campionato a Frosinone e si \u00e8 rifermato ai box prima del Parma, quando con lo staff bianconero ha deciso di valutare un nuovo percorso insieme al luminare francese.\u00a0<\/p>\n<p>    operazione\u2014 \u00a0<\/p>\n<p class=\"paragraph is-inline\" spellcheck=\"true\">Ascoltato il parere di Sonnery Cottet, di altri professionisti e della famiglia, ieri Khephren ha preso la decisione finale. In questi casi l\u2019operazione per trattare la \u201ccondropatia rotulea\u201d \u2013 di fatto l\u2019usura della cartilagine che riveste la superficie posteriore della rotula &#8211; \u00e8 in artroscopia. \u00c8 comunque un intervento al ginocchio. Luciano Spalletti, che non aveva nascosto la preoccupazione nei giorni scorsi, dovr\u00e0 pazientare almeno quattro mesi prima di riabbracciare il suo mediano. Tradotto: 2026 gi\u00e0 terminato e arrivederci al 2027 per il 25enne juventino. Assenza lunga. O meglio, che si prolunga: la Juventus gi\u00e0 da diversi mesi deve convivere con un Khephren a mezzo servizio o proprio indisponibile. Non un fulmine a ciel sereno come quello di Kenan Yildiz, operato luned\u00ec al piede sinistro dopo l\u2019infortunio di Frosinone, ma sempre una perdita pesante. Almeno in parte verr\u00e0 compensata da Pape Matar Sarr, il rinforzo last minute del centrocampo. L\u2019ex Tottenham, per\u00f2, difficilmente sar\u00e0 arruolabile fin da subito. Il senegalese ha appena smaltito un problema muscolare e per questo nell\u2019ultimo periodo non si \u00e8 praticamente mai allenato con gli Spurs del tecnico Roberto De Zerbi.<\/p>\n<p><a class=\"is-partner-link\" href=\"https:\/\/ad.doubleclick.net\/ddm\/trackclk\/N1792338.340088CAIRORCSMEDIAS.P.\/B28038690.452531709;dc_trk_aid=646241311;dc_trk_cid=173665161;dc_lat=;dc_rdid=;tag_for_child_directed_treatment=;tfua=;gdpr=%24%7BGDPR%7D;gdpr_consent=%24%7BGDPR_CONSENT_755%7D;ltd=;dc_tdv=1\" rel=\"nofollow noopener\" target=\"_blank\">Guarda tutte le partite di Serie A Enilive in esclusiva nei locali Sky! Trova il locale pi\u00f9 vicino a te.<\/a><\/p>\n<p>    Gli altri lungodegenti\u2014 \u00a0<\/p>\n<p class=\"paragraph is-inline\" spellcheck=\"true\">\u00a0Stagione in salita per la Juventus, che a inizio settembre deve fare i conti gi\u00e0 con tre lungodegenti. Se Khephren Thuram avr\u00e0 bisogno di almeno quattro mesi per tornare protagonista dopo l\u2019operazione di domani, il conto alla rovescia di Yildiz \u00e8 iniziato luned\u00ec dalla clinica di Augsburg dove \u00e8 stato operato per risolvere la frattura al quinto metatarso del piede sinistro. Il dieci turco, se tutto andr\u00e0 per il meglio, dovrebbe rivedere il campo nel giro di novanta giorni. Negli ambienti bianconeri sperano di riabbracciare il fantasista durante la pausa di novembre. Rientrer\u00e0 prima Jeff Ekhator, di nuovo ko domenica durante l\u2019allenamento alla Continassa davanti a circa trecento tifosi. L\u2019attaccante dell\u2019Under 21 si \u00e8 infortunato alla coscia e ne avr\u00e0 per almeno 45-50 giorni. Secondo stop in meno di due mesi per l\u2019ex Genoa. Ekhator si \u00e8 fatto male il 18 luglio a Basilea nella prima amichevole della stagione, ma non ha fatto in tempo a ritrovare la convocazione (e la panchina) contro il Parma che nemmeno ventiquattro ore dopo ha dovuto alzare nuovamente bandiera bianca.<\/p>\n<p class=\"is-copyright\">\u00a9 RIPRODUZIONE RISERVATA<\/p>\n","protected":false},"excerpt":{"rendered":"Il centrocampista francese soffre per un problema al ginocchio dalla primavera e ha dato l\u2019ok all\u2019intervento: torner\u00e0 nel&hellip;\n","protected":false},"author":3,"featured_media":661094,"comment_status":"","ping_status":"","sticky":false,"template":"","format":"standard","meta":{"footnotes":"","_share_on_mastodon":"0"},"categories":[176],"tags":[839,67006,1856,3153,361350,1690,50853,1426,3368,5281,15829,6990,327,1537,90,89,558,55412,72848,7125,180792,1691,364537,87826,10211,811,3484,6301,7776,116005,1885,364538,331126,12917,3096,361352,245,244,33591],"class_list":["post-661093","post","type-post","status-publish","format-standard","has-post-thumbnail","category-sport","tag-almeno","tag-calvario","tag-campionato","tag-centrocampista","tag-cottet","tag-domani","tag-ekhator","tag-finale","tag-francese","tag-frosinone","tag-ginocchio","tag-iniziato","tag-intervento","tag-it","tag-italia","tag-italy","tag-juventus","tag-khephren","tag-khephren-thuram","tag-lione","tag-luminare","tag-lunedi","tag-lungodegenti","tag-menisco","tag-operato","tag-operazione","tag-panchina","tag-parma","tag-piede","tag-piede-sinistro","tag-problema","tag-riabbracciare","tag-rotulea","tag-scorsi","tag-sinistro","tag-sonnery","tag-sport","tag-sports","tag-thuram"],"share_on_mastodon":{"url":"https:\/\/pubeurope.com\/@it\/117200546820978141","error":""},"_links":{"self":[{"href":"https:\/\/www.europesays.com\/it\/wp-json\/wp\/v2\/posts\/661093","targetHints":{"allow":["GET"]}}],"collection":[{"href":"https:\/\/www.europesays.com\/it\/wp-json\/wp\/v2\/posts"}],"about":[{"href":"https:\/\/www.europesays.com\/it\/wp-json\/wp\/v2\/types\/post"}],"author":[{"embeddable":true,"href":"https:\/\/www.europesays.com\/it\/wp-json\/wp\/v2\/users\/3"}],"replies":[{"embeddable":true,"href":"https:\/\/www.europesays.com\/it\/wp-json\/wp\/v2\/comments?post=661093"}],"version-history":[{"count":0,"href":"https:\/\/www.europesays.com\/it\/wp-json\/wp\/v2\/posts\/661093\/revisions"}],"wp:featuredmedia":[{"embeddable":true,"href":"https:\/\/www.europesays.com\/it\/wp-json\/wp\/v2\/media\/661094"}],"wp:attachment":[{"href":"https:\/\/www.europesays.com\/it\/wp-json\/wp\/v2\/media?parent=661093"}],"wp:term":[{"taxonomy":"category","embeddable":true,"href":"https:\/\/www.europesays.com\/it\/wp-json\/wp\/v2\/categories?post=661093"},{"taxonomy":"post_tag","embeddable":true,"href":"https:\/\/www.europesays.com\/it\/wp-json\/wp\/v2\/tags?post=661093"}],"curies":[{"name":"wp","href":"https:\/\/api.w.org\/{rel}","templated":true}]}}