{"id":661118,"date":"2026-09-02T08:58:19","date_gmt":"2026-09-02T08:58:19","guid":{"rendered":"https:\/\/www.europesays.com\/it\/661118\/"},"modified":"2026-09-02T08:58:19","modified_gmt":"2026-09-02T08:58:19","slug":"mctominay-fermato-dallaritmia-ma-non-sono-preoccupato-faccio-lintervento-e-poi-torno-piu-forte-linter-non-e-meglio-del-napoli","status":"publish","type":"post","link":"https:\/\/www.europesays.com\/it\/661118\/","title":{"rendered":"McTominay: \u00abFermato dall&#8217;aritmia, ma non sono preoccupato. Faccio l&#8217;intervento e poi torno pi\u00f9 forte. L&#8217;Inter non \u00e8 meglio del Napoli\u00bb"},"content":{"rendered":"<p>    di<br \/>\n    Monica Scozzafava<\/p>\n<p class=\"summary-art is-line-h-12\">Il centrocampista del Napoli dovr\u00e0 operarsi e rientrer\u00e0 dopo la sosta: \u00abMi sento un leader, non mangio la pizza ma adoro il mare. I social? Le persone intelligenti non ne hanno bisogno\u00bb<\/p>\n<p class=\"chapter-paragraph\"><b>Come sta, Scott?<\/b><br \/>\u00abBene, grazie. Lei?\u00bb.<br \/>Il colorito del viso \u00e8 dorato, gli occhi sorridono. \u00c8 in tenuta da allenamento, si muove con pacatezza, eleganza: Scott McTominay ha appena saputo che dovr\u00e0 operarsi al cuore, e la sua tranquillit\u00e0 ci spiazza. Ci concede l\u2019intervista come se nulla stesse per accadere. Ha un\u2019aritmia benigna, riscontrata gi\u00e0 da qualche tempo, dovr\u00e0 sottoporsi a un intervento di ablazione per regolarizzare il battito cardiaco.<\/p>\n<p class=\"chapter-paragraph\"><b>Preoccupato?<\/b><br \/>\u00abNo, \u00e8 un problema che devo affrontare. L\u2019ho saputo ora dell\u2019operazione. Ma ci vedremo presto, prestissimo. Pi\u00f9 forte di prima\u00bb.<br \/>Lo scozzese rientrer\u00e0  dopo la sosta di campionato.    &#13;<br \/>\n&#13;<br \/>\n&#13;<br \/>\n&#13;<br \/>\n&#13;<br \/>\n&#13;<br \/>\n&#13;<br \/>\n&#13;<br \/>\n&#13;<br \/>\n&#13;<br \/>\n&#13;<br \/>\n&#13;<br \/>\n&#13;<br \/>\n&#13;<br \/>\n&#13;<br \/>\n&#13;<br \/>\n&#13;<br \/>\n&#13;<br \/>\n&#13;<br \/>\n&#13;<br \/>\n&#13;<br \/>\n&#13;<br \/>\n&#13;<br \/>\n&#13;<br \/>\n&#13;<br \/>\n&#13;<br \/>\n&#13;<br \/>\n&#13;<br \/>\n&#13;<br \/>\n&#13;<br \/>\n&#13;<br \/>\n&#13;<br \/>\n&#13;<br \/>\n&#13;<br \/>\n&#13;<br \/>\n&#13;<br \/>\n&#13;<br \/>\n&#13;<br \/>\n&#13;<br \/>\n&#13;<br \/>\n&#13;<br \/>\n&#13;<br \/>\n&#13;<br \/>\n&#13;<br \/>\n&#13;<br \/>\n&#13;<br \/>\n&#13;<br \/>\n&#13;<br \/>\n&#13;<br \/>\n&#13;<br \/>\n&#13;<br \/>\n&#13;<br \/>\n&#13;\n<\/p>\n<p class=\"chapter-paragraph\"><b>Alla vigilia di Inter e Arsenal non \u00e8 proprio una gran notizia.<\/b><br \/>\u00abVero, vorrei sempre dare il mio contributo alla squadra, ma ci sono cose non prevedibili e non controllabili.  I miei compagni saranno concentrati, l\u2019Inter non \u00e8 pi\u00f9 forte di noi\u00bb.<\/p>\n<p class=\"chapter-paragraph\"><b>Le era successo anche al Mondiale di non star bene.<\/b><br \/>\u00abS\u00ec ed  \u00e8 stato molto pi\u00f9 difficile. Due giorni prima della prima partita sono stato male e non sapevo se avrei giocato o meno. \u00c8 stata dura prepararmi mentalmente. Poi, le temperature alte hanno reso la situazione ancora pi\u00f9 difficile. Guardando indietro, \u00e8 un grande rimpianto della mia carriera\u00bb.<\/p>\n<p class=\"chapter-paragraph\"><b>Scott, qual \u00e8 il suo primo ricordo da bambino?<\/b><br \/>\u00abHo avuto un\u2019infanzia bellissima con la mia famiglia. Sono cresciuto praticando sport. Solo ricordi felici\u00bb.<\/p>\n<p class=\"chapter-paragraph\"><b>Uno in particolare?<\/b><br \/>\u00abIl calcio, ho giocato sempre. A casa, per strada. Con un pallone piccolo come me che non ero cos\u00ec alto e grosso\u00bb.<br \/><b><br \/>Si immagini, ora, in un posto che le piace e la rilassa, dove si vede?<\/b><br \/>\u00abA giocare a golf\u00bb.<\/p>\n<p class=\"chapter-paragraph\"><b>Lei \u00e8 sempre  molto attento al recupero fisico: terapie con luce rossa, bagni nel ghiaccio, lenti  per dormire.<\/b><br \/>\u00abQuando non mi alleno, sono a casa a fare recupero per assicurarmi il massimo benessere. \u00c8 una cosa molto importante nel calcio\u00bb.<br \/>L\u2019Inter arriva dopo la sconfitta col Como. Lei non ci sar\u00e0.<br \/>\u00abPurtroppo. \u00c8 una partita importante, una sfida enorme. Dobbiamo arrivarci con la piena convinzione di poter andare l\u00ec e vincere. Li abbiamo gi\u00e0 battuti una volta quindi non vedo perch\u00e9 non dovremmo riuscirci di nuovo\u00bb.<\/p>\n<p class=\"chapter-paragraph\"><b>Forse perch\u00e9 l\u2019Inter ha una rosa pi\u00f9 forte?<\/b><br \/>\u00abNo. Non mi siederei mai qui a dire che altri sono migliori di noi, che hanno giocatori pi\u00f9 forti, perch\u00e9 non \u00e8 cos\u00ec che vedo il calcio. Ammettere una cosa del genere sarebbe un segnale di debolezza\u00bb.<\/p>\n<p class=\"chapter-paragraph\"><b>Un giocatore che toglierebbe all\u2019Inter.<\/b><br \/>\u00abUno solo?! Direi Lautaro, perch\u00e9 segna tantissimi gol\u00bb.<\/p>\n<p class=\"chapter-paragraph\"><b>Da Conte ad Allegri, che cosa \u00e8 cambiato.<\/b><br \/>\u00abSono allenatori diversi. Conte era molto orientato sulla tattica e ci allenavamo molto. Ho vissuto due anni bellissimi con lui. \u00c8  straordinario, un vincente seriale. Solo il tempo dir\u00e0 come andr\u00e0 con il nuovo allenatore, ma finora \u00e8 una brava persona e ha buone idee tattiche. Abbiamo solo bisogno di tempo per metterle in pratica e giocare un po\u2019 meglio\u00bb.<br \/><b><br \/>Il Napoli che aspettative ha in questa stagione?<\/b><br \/>\u00abPer ora vogliamo andare avanti in Champions, per noi \u00e8 molto importante\u00bb.<\/p>\n<p class=\"chapter-paragraph\"><b>\u00c8   in contatto con Ferguson? <\/b><br \/>\u00abHo parlato con lui l\u2019ultima  volta al telefono un anno fa. \u00c8 un uomo molto impegnato ma sono sicuro che se avessi  bisogno mi aiuterebbe\u00bb.<\/p>\n<p class=\"chapter-paragraph\"><b>Ha esordito in Premier con Mourinho, se la chiamasse per andare al Real Madrid, ci andrebbe?<\/b><br \/>\u00abSe succedesse, ci penserei\u00bb.<\/p>\n<p class=\"chapter-paragraph\"><b>Pizza, mare e sole: cosa preferisce?<\/b><br \/>\u00abNon mangio la pizza, l\u2019ho provata una volta sola da quando sono a Napoli. Mi piace invece il mare. Ma in questo periodo la temperatura \u00e8 alta, se rimani troppo a lungo al sole puoi disidratarti e non fa bene al recupero quando ti alleni ogni singolo giorno\u00bb.<\/p>\n<p class=\"chapter-paragraph\"><b>In Champions salter\u00e0 l\u2019Arsenal, non il derby con il City.<\/b><br \/>\u00abOgni partita di Champions   \u00e8 dura. Quest\u2019anno abbiamo un allenatore pi\u00f9 adattabile al calcio della Champions e questo dovrebbe aiutarci molto\u00bb.<\/p>\n<p class=\"chapter-paragraph\"><b>McTominay e De Bruyne, insieme si pu\u00f2?<\/b><br \/>\u00abCerto. Kevin \u00e8 straordinario e ci conosciamo molto bene. Abbiamo un ottimo rapporto anche fuori dal campo, questo aiuta. Ovviamente dipende dall\u2019allenatore e dalla formazione che sceglie\u00bb.<\/p>\n<p class=\"chapter-paragraph\"><b>Alcuni dei suoi gol sono diventati iconici. La rovesciata, per esempio.<\/b><br \/>\u00abLa provo solo quando sento che il momento \u00e8 quello giusto. Non la farei mai solo per esibirmi o per cercare di segnare un gol spettacolare\u00bb.<\/p>\n<p class=\"chapter-paragraph\"><b>Ha tranquillizzato i tifosi sui social, li usa spesso?<\/b><br \/>\u00abSul mio telefono non ho app di social media.   Le persone intelligenti non sentono il bisogno di sentirsi amati o odiati\u00bb.<br \/><b><br \/>Famiglia, calcio, fidanzata: dia una priorit\u00e0<\/b><br \/>\u00abVorrei presto un figlio\u00bb.<\/p>\n<p class=\"chapter-paragraph\"><b>Quante chat di gruppo ha sul telefono?<\/b><br \/>\u00abTroppe. Ma sono pessimo con il telefono.  Le uniche persone a cui scrivo e  rispondo  sono mia madre e la mia ragazza\u00bb.<\/p>\n<p class=\"chapter-paragraph\"><b>Il gol pi\u00f9 bello.<\/b><br \/>\u00abQuello dello scudetto, non lo dimenticher\u00f2 mai per il resto della mia vita\u00bb.<\/p>\n<p class=\"chapter-paragraph\"><b>Si considera un leader? <\/b><br \/>\u00abIl mio stile non \u00e8 quello di urlare molto. La mia idea per la squadra \u00e8 avere standard elevati, alzare sempre il livello e assicurarsi che ogni dettaglio sia curato. Non mi piace quando durante gli allenamenti ci sono troppe risate e si scherza troppo. Quindi s\u00ec, mi sento un leader, ma ce ne  sono altri nel gruppo\u00bb.<\/p>\n<p class=\"chapter-paragraph\"><b>Ci dica la verit\u00e0, il suo cuore per chi batte  forte?<\/b><br \/>\u00abIl mio cuore \u00e8 grande cos\u00ec. A presto\u00bb.<\/p>\n<p class=\"is-last-update\" datetime=\"2026-09-02T07:11:22+02:00\">2 settembre 2026 ( modifica il 2 settembre 2026 | 07:11)<\/p>\n<p class=\"is-copyright\">\n            \u00a9 RIPRODUZIONE RISERVATA\n        <\/p>\n","protected":false},"excerpt":{"rendered":"di Monica Scozzafava Il centrocampista del Napoli dovr\u00e0 operarsi e rientrer\u00e0 dopo la sosta: \u00abMi sento un leader,&hellip;\n","protected":false},"author":3,"featured_media":661119,"comment_status":"","ping_status":"","sticky":false,"template":"","format":"standard","meta":{"footnotes":"","_share_on_mastodon":"0"},"categories":[1452],"tags":[30457,364543,364544,16403,364545,364546,34624,364547,364548,12089,364549,1960,32,211006,5365,37,721,1969,2790,6036,6927,6543,1909,1740,3440,1889,2267,1976,48,9657,350,327,1537,90,89,381,15264,210888,2050,50651,248,358327,1290,4958,18409,37935,2895,3279,257961,364541,4310,8327,27675,364542,2434,1739,1686,360,17462,245,244,1857,1414,5485,72869,10022,5325],"class_list":["post-661118","post","type-post","status-publish","format-standard","has-post-thumbnail","category-calcio","tag-ablazione","tag-ablazione-regolarizzare","tag-ablazione-regolarizzare-battito","tag-accadere","tag-accadere-aritmia","tag-accadere-aritmia-benigna","tag-adattabile","tag-adattabile-calcio","tag-adattabile-calcio-champions","tag-adoro","tag-adoro-mare","tag-allenatore","tag-andare","tag-aritmia","tag-arsenal","tag-bisogno","tag-calcio","tag-champions","tag-conte","tag-cuore","tag-difficile","tag-dura","tag-famiglia","tag-football","tag-forte","tag-giocare","tag-giocato","tag-gol","tag-importante","tag-intelligenti","tag-inter","tag-intervento","tag-it","tag-italia","tag-italy","tag-leader","tag-mangio","tag-mangio-pizza","tag-mare","tag-mctominay","tag-napoli","tag-operarsi","tag-partita","tag-piace","tag-pizza","tag-preoccupato","tag-presto","tag-recupero","tag-rientrera","tag-rientrera-sosta","tag-saputo","tag-scott","tag-sento","tag-sento-leader","tag-si","tag-soccer","tag-social","tag-sole","tag-sosta","tag-sport","tag-sports","tag-squadra","tag-straordinario","tag-telefono","tag-troppe","tag-vedo","tag-vorrei"],"share_on_mastodon":{"url":"","error":"Validation failed: Text character limit of 500 exceeded"},"_links":{"self":[{"href":"https:\/\/www.europesays.com\/it\/wp-json\/wp\/v2\/posts\/661118","targetHints":{"allow":["GET"]}}],"collection":[{"href":"https:\/\/www.europesays.com\/it\/wp-json\/wp\/v2\/posts"}],"about":[{"href":"https:\/\/www.europesays.com\/it\/wp-json\/wp\/v2\/types\/post"}],"author":[{"embeddable":true,"href":"https:\/\/www.europesays.com\/it\/wp-json\/wp\/v2\/users\/3"}],"replies":[{"embeddable":true,"href":"https:\/\/www.europesays.com\/it\/wp-json\/wp\/v2\/comments?post=661118"}],"version-history":[{"count":0,"href":"https:\/\/www.europesays.com\/it\/wp-json\/wp\/v2\/posts\/661118\/revisions"}],"wp:featuredmedia":[{"embeddable":true,"href":"https:\/\/www.europesays.com\/it\/wp-json\/wp\/v2\/media\/661119"}],"wp:attachment":[{"href":"https:\/\/www.europesays.com\/it\/wp-json\/wp\/v2\/media?parent=661118"}],"wp:term":[{"taxonomy":"category","embeddable":true,"href":"https:\/\/www.europesays.com\/it\/wp-json\/wp\/v2\/categories?post=661118"},{"taxonomy":"post_tag","embeddable":true,"href":"https:\/\/www.europesays.com\/it\/wp-json\/wp\/v2\/tags?post=661118"}],"curies":[{"name":"wp","href":"https:\/\/api.w.org\/{rel}","templated":true}]}}