{"id":661122,"date":"2026-09-02T09:00:28","date_gmt":"2026-09-02T09:00:28","guid":{"rendered":"https:\/\/www.europesays.com\/it\/661122\/"},"modified":"2026-09-02T09:00:28","modified_gmt":"2026-09-02T09:00:28","slug":"il-metropolitan-di-new-york-cancella-la-mostra-su-john-galliano","status":"publish","type":"post","link":"https:\/\/www.europesays.com\/it\/661122\/","title":{"rendered":"Il Metropolitan di New York cancella la mostra su John Galliano"},"content":{"rendered":"<p>Ascolta la versione audio dell&#8217;articolo<\/p>\n<p class=\"atext\">Colpo di scena al Metropolitan Museum of Art di New York: il museo ha deciso di cancellare la mostra dedicata a John Galliano, inizialmente prevista per la primavera del 2027 come appuntamento annuale del Costume Institute, la sezione del museo dedicata alla storia della moda e del costume, in concomitanza con il Met Gala, evento, anch\u2019esso annuale, che raccoglie fondi per il museo.<\/p>\n<p>Domande di approfondimento generate da 24Ore AI<\/p>\n<p>Mesi di dubbi<\/p>\n<p class=\"atext\">La decisione arriva dopo mesi di polemiche legate al passato dello stilista britannico, il cui ultimo incarico era stato quello di direttore creativo di Maison Margiela (gruppo Otb). In particolare le polemiche e i dubbi sulla mostra &#8211; fortemente voluta e rivendicata da Anna Wintour, anima del Costume Institut ed ex direttrice di Vogue America (ora direttrice editoriale delle edizioni globali della rivista) alle dichiarazioni antisemite e anti-asiatiche pronunciate oltre un decennio fa. Nel 2011 Galliano, per quelle dichiarazioni, era stato condannato in Francia per reato d\u2019odio. Lo stilista si era successivamente scusato per le proprie parole e aveva intrapreso un percorso di recupero personale, anche attraverso un sostegno psicologico.<\/p>\n<p>Confronto preventico con la comunit\u00e0 ebraica<\/p>\n<p class=\"atext\">Il Metropolitan aveva inoltre fatto sapere di essersi confrontato con organizzazioni e rappresentanti della comunit\u00e0 ebraica durante la preparazione dell\u2019esposizione. Gli sforzi, tuttavia, non sono bastati a placare le critiche di politici e personalit\u00e0 pubbliche che, fin dall\u2019annuncio della mostra alla fine di luglio, avevano chiesto al museo di rinunciare al progetto. La cancellazione \u00e8 stata annunciata pochi giorni dopo un\u2019inchiesta del New York Times che aveva ricostruito le pressioni esercitate sul museo, soprattutto attraverso comunicazioni rivolte ai curatori e ai vertici dell\u2019istituzione. Tra i critici figurava anche Arne Glimcher, fondatore della Pace Gallery, che secondo il quotidiano avrebbe minacciato di ritirare alcune opere che aveva intenzione di lasciare in eredit\u00e0 al Met. Secondo il New York Times, il consiglio di amministrazione del museo avrebbe dovuto discutere proprio nei giorni scorsi il futuro e l\u2019impostazione della mostra.<\/p>\n<p>Calendario \u201csfavorevole\u201d<\/p>\n<p class=\"atext\">A complicare ulteriormente il quadro c\u2019\u00e8 anche la coincidenza del calendario. Il Met Gala, tradizionalmente organizzato il primo luned\u00ec di maggio insieme alla mostra primaverile del Costume Institute, nel 2027 cadr\u00e0 infatti durante lo Yom HaShoah, la giornata dedicata alla commemorazione internazionale delle vittime dell\u2019Olocausto. In una dichiarazione, il direttore del Metropolitan, Max Hollein, ha spiegato che la decisione \u00e8 stata presa al termine di \u201criflessioni e discussioni approfondite con John Galliano\u201d. Lo stesso stilista ha espresso \u201cgrande tristezza\u201d per la cancellazione, ribadendo per\u00f2 la propria responsabilit\u00e0 per le dichiarazioni del passato e chiedendo nuovamente scusa alle comunit\u00e0 ebraica e asiatica.<\/p>\n<p><a class=\"aprev aprev--acor aprev--acor-small aprev--shline\" href=\"https:\/\/consigli24.ilsole24ore.com\/argomento\/fashion\/\" rel=\"nofollow noopener\" target=\"_blank\"><img src=\"https:\/\/www.europesays.com\/it\/wp-content\/uploads\/2026\/04\/258x258.png\" alt=\"Scopri di pi\u00f9\" width=\"90\" height=\"90\" class=\"img-fluid\" loading=\"lazy\" decoding=\"async\"\/><\/a><a class=\"aprev aprev--acor aprev--acor-small aprev--shline\" href=\"https:\/\/abbonamenti.ilsole24ore.com\/addToCart?sku=Z.SP_AXXAY8&amp;tipoAbbonamento=annuale&amp;tipoConsegna=noConsegna&amp;utm_source=posizioni_marketing\" rel=\"nofollow noopener\" target=\"_blank\"><img src=\"https:\/\/www.europesays.com\/it\/wp-content\/uploads\/2026\/04\/258x258.png\" alt=\"Scopri di pi\u00f9\" width=\"90\" height=\"90\" class=\"img-fluid\" loading=\"lazy\" decoding=\"async\"\/><\/a><\/p>\n","protected":false},"excerpt":{"rendered":"Ascolta la versione audio dell&#8217;articolo Colpo di scena al Metropolitan Museum of Art di New York: il museo&hellip;\n","protected":false},"author":3,"featured_media":661123,"comment_status":"","ping_status":"","sticky":false,"template":"","format":"standard","meta":{"footnotes":"","_share_on_mastodon":"0"},"categories":[1446],"tags":[1615,1613,1614,1611,1610,1612,203,204,1537,90,89],"class_list":["post-661122","post","type-post","status-publish","format-standard","has-post-thumbnail","category-arte-e-design","tag-arte","tag-arte-e-design","tag-arteedesign","tag-arts","tag-arts-and-design","tag-design","tag-entertainment","tag-intrattenimento","tag-it","tag-italia","tag-italy"],"share_on_mastodon":{"url":"https:\/\/pubeurope.com\/@it\/117200633325839207","error":""},"_links":{"self":[{"href":"https:\/\/www.europesays.com\/it\/wp-json\/wp\/v2\/posts\/661122","targetHints":{"allow":["GET"]}}],"collection":[{"href":"https:\/\/www.europesays.com\/it\/wp-json\/wp\/v2\/posts"}],"about":[{"href":"https:\/\/www.europesays.com\/it\/wp-json\/wp\/v2\/types\/post"}],"author":[{"embeddable":true,"href":"https:\/\/www.europesays.com\/it\/wp-json\/wp\/v2\/users\/3"}],"replies":[{"embeddable":true,"href":"https:\/\/www.europesays.com\/it\/wp-json\/wp\/v2\/comments?post=661122"}],"version-history":[{"count":0,"href":"https:\/\/www.europesays.com\/it\/wp-json\/wp\/v2\/posts\/661122\/revisions"}],"wp:featuredmedia":[{"embeddable":true,"href":"https:\/\/www.europesays.com\/it\/wp-json\/wp\/v2\/media\/661123"}],"wp:attachment":[{"href":"https:\/\/www.europesays.com\/it\/wp-json\/wp\/v2\/media?parent=661122"}],"wp:term":[{"taxonomy":"category","embeddable":true,"href":"https:\/\/www.europesays.com\/it\/wp-json\/wp\/v2\/categories?post=661122"},{"taxonomy":"post_tag","embeddable":true,"href":"https:\/\/www.europesays.com\/it\/wp-json\/wp\/v2\/tags?post=661122"}],"curies":[{"name":"wp","href":"https:\/\/api.w.org\/{rel}","templated":true}]}}