{"id":661126,"date":"2026-09-02T09:03:13","date_gmt":"2026-09-02T09:03:13","guid":{"rendered":"https:\/\/www.europesays.com\/it\/661126\/"},"modified":"2026-09-02T09:03:13","modified_gmt":"2026-09-02T09:03:13","slug":"il-tormentone-dellestate-e-dei-pinguini-tattici-nucleari-una-vittoria-che-ha-il-sapore-di-rivincita","status":"publish","type":"post","link":"https:\/\/www.europesays.com\/it\/661126\/","title":{"rendered":"Il tormentone dell&#8217;estate \u00e8 dei Pinguini Tattici Nucleari: \u00abUna vittoria che ha il sapore di rivincita\u00bb"},"content":{"rendered":"<p>    di<br \/>\n    Federica Maccotta<\/p>\n<p class=\"summary-art is-line-h-12\">Il brano \u00abSorry Scusa Lo Siento\u00bb incoronato a Verona nella finale di Power Hits di Rtl 102.5: \u00e8 il pi\u00f9 amato e tramesso dalle radio<\/p>\n<p class=\"chapter-paragraph\">Ci sono fantasmi e spettri, anzich\u00e9 caipirinha e mare, nel tormentone radiofonico dell\u2019estate 2026. I Pinguini Tattici Nucleari, campioni di record e miti transgenerazionali, portano a casa<b> il premio di brano pi\u00f9 amato dalle radio con Sorry Scusa Lo Siento<\/b>. A incoronarli, l&#8217;1 settembre in diretta all\u2019Arena di Verona, la finale di Power Hits Estate di Rtl 102.5, che dal lancio al Centrale del Foro Italico di Roma lo scorso 31 maggio monitora chi \u00abbuca\u00bb le radio fino a diventare la colonna sonora dell\u2019estate degli italiani.\u00a0<\/p>\n<p class=\"chapter-paragraph\">In un\u2019epoca di ascolti spezzettati e di streaming, i Pinguini guidati da Riccardo Zanotti si portano a casa la decima edizione del premio pi\u00f9 \u00abvecchio stile\u00bb (ideato dal presidente dell\u2019emittente Lorenzo Suraci), che unisce  <b>i dati sull\u2019airplay radiofonico raccolti in tempo reale  e i voti degli ascoltatori<\/b>.  E lo fanno con un tormentone dai temi apparentemente poco estivi, tra spettri e cimiteri, ma con un ritmo travolgente di festa ed evocando i balbettii che hanno accompagnato tanti incontri sul lungomare.\u00a0    &#13;<br \/>\n&#13;<br \/>\n&#13;<br \/>\n&#13;<br \/>\n&#13;<br \/>\n&#13;<br \/>\n&#13;<br \/>\n&#13;<br \/>\n&#13;<br \/>\n&#13;<br \/>\n&#13;<br \/>\n&#13;<br \/>\n&#13;<br \/>\n&#13;<br \/>\n&#13;<br \/>\n&#13;<br \/>\n&#13;<br \/>\n&#13;<br \/>\n&#13;<br \/>\n&#13;<br \/>\n&#13;<br \/>\n&#13;<br \/>\n&#13;<br \/>\n&#13;<br \/>\n&#13;<br \/>\n&#13;<br \/>\n&#13;<br \/>\n&#13;<br \/>\n&#13;<br \/>\n&#13;<br \/>\n&#13;<br \/>\n&#13;<br \/>\n&#13;<br \/>\n&#13;<br \/>\n&#13;<br \/>\n&#13;<br \/>\n&#13;<br \/>\n&#13;<br \/>\n&#13;<br \/>\n&#13;<br \/>\n&#13;<br \/>\n&#13;<br \/>\n&#13;<br \/>\n&#13;<br \/>\n&#13;<br \/>\n&#13;<br \/>\n&#13;<br \/>\n&#13;<br \/>\n&#13;<br \/>\n&#13;<br \/>\n&#13;<br \/>\n&#13;<br \/>\n&#13;\n<\/p>\n<p class=\"chapter-paragraph\">\u00ab<b>E allora sorry, scusa, lo siento, conosco mille lingue, ma non la tua<\/b>. Son qui da tanto, troppo tempo. E mi ricordi una, mi ricordi Dua\u00bb, cantano i Pinguini nel brano certificato \u00abPower Hit dell\u2019estate 2026\u00bb. E ancora, sentimento universale: \u00abL\u2019estate arriva sempre, ma senza avvisare. Come la polizia che ci chiude il locale\u00bb.\u00a0<\/p>\n<p class=\"chapter-paragraph\">\u00abQuando iniziammo, le occasioni per suonare dal vivo erano sempre poche e, per questo, ci iscrivevamo ai \u201cconcorsi musicali\u201d \u2014, spiegano i vincitori \u2014. <b>Per un motivo o per l\u2019altro, non ne abbiamo mai vinto uno<\/b>: ci veniva detto che l\u2019immagine sbagliata, l\u2019attitudine era sbagliata, la musica era sbagliata. Non ne abbiamo mai sofferto perch\u00e9 ci serv\u00ec da gavetta, ma oggi <b>questa vittoria ha un sapore particolare: non sa solo di vittoria, ma anche di rivincita<\/b>\u00bb.<\/p>\n<p class=\"chapter-paragraph\">Durante la serata da tutto esaurito, condotta da Paola Di Benedetto, Matteo Campese, Giulia Laura Abbiati e Jessica Brugali, <b>si sono esibiti tanti degli artisti che hanno accompagnato le vacanze di quest\u2019anno<\/b>: giusto per citarne qualcuno, Fred De Palma, Gianna Nannini, Samurai Jay (premiato come singolo pi\u00f9 venduto dell\u2019estate con \u00abRtl 102.5 Power Hits Estate 2026 \u2013 Fimi\u00bb), Serena Brancale con Levante e Delia, Anna, Angelina Mango, Gaia, Fabri Fibra, Noemi, J-Ax, TonyPitony.\u00a0<\/p>\n<p class=\"chapter-paragraph\">All\u2019Arena sono stati consegnati anche altri premi: \u00abRtl 102.5 Power Hits Estate 2026 \u2013 Pmi\u00bb al singolo indipendente pi\u00f9 suonato dalle radio \u00e8 andato ad Angelina Mango e Marco Mengoni per Canto d\u2019Amore, il premio \u00abRtl 102.5 Power Hits Estate 2026 \u2013 Siae\u00bb <b>al brano pi\u00f9 suonato negli eventi musicali in Italia  \u00e8 toccato a Sal Da Vinci per Rossetto e Caff\u00e8 <\/b>e il premio \u00abRtl 102.5 Power Hits Top Album 2026\u00bb ha incoronato il disco pi\u00f9 venduto negli ultimi dodici mesi, che \u00e8 Tutta Vita di Olly.\u00a0<\/p>\n<p class=\"chapter-paragraph\">\u00ab<b>Siamo giunti ai 10 anni di Power Hits Estate, sembra ieri quando abbiamo iniziato e gli anni sono volati <\/b>\u2014 commenta il presidente di Rtl 102.5 Lorenzo Suraci \u2014. Abbiamo sempre incoronato le hits del momento con la classifica in diretta dopo l\u2019apertura a Roma. E ieri l\u2019Italia ha cantato con l\u2019Arena di Verona il tormentone estivo dei Pinguini Tattici Nucleari\u00bb.\u00a0<\/p>\n<p class=\"chapter-paragraph\"><b>Mercoled\u00ec 2 settembre si replica, sempre all\u2019Arena, con Future Hits Live 2026 di Radio Zeta<\/b> (in diretta anche in radio e tv dalle 20.30), con gli artisti pi\u00f9 amati dalle nuove generazioni, tra cui Gabry Ponte che apre il suo tour facendo ballare i 13 mila spettatori, gli stessi Pinguini e Marco Mengoni.\u00a0<\/p>\n<p class=\"is-last-update\" datetime=\"2026-09-01T19:45:05+02:00\">2 settembre 2026<\/p>\n<p class=\"is-copyright\">\n            \u00a9 RIPRODUZIONE RISERVATA\n        <\/p>\n","protected":false},"excerpt":{"rendered":"di Federica Maccotta Il brano \u00abSorry Scusa Lo Siento\u00bb incoronato a Verona nella finale di Power Hits di&hellip;\n","protected":false},"author":3,"featured_media":661127,"comment_status":"","ping_status":"","sticky":false,"template":"","format":"standard","meta":{"footnotes":"","_share_on_mastodon":"0"},"categories":[1443],"tags":[5413,5466,15248,9047,5295,28536,8807,14096,5631,203,1533,364554,364555,364556,1426,364557,364558,5232,364552,109208,204,1537,90,89,3417,1538,1539,891,261618,261619,87477,2693,364551,61081,776,4061,61838,364553,61840,16412,7701,268972,268973,45220,268974,268975,268968,268969,36840,6302,2224],"class_list":["post-661126","post","type-post","status-publish","format-standard","has-post-thumbnail","category-musica","tag-accompagnato","tag-amato","tag-angelina","tag-angelina-mango","tag-arena","tag-arena-verona","tag-artisti","tag-brano","tag-diretta","tag-entertainment","tag-estate","tag-estate-pinguini","tag-estate-pinguini-tattici","tag-estate-rtl","tag-finale","tag-finale-power","tag-finale-power-hits","tag-hits","tag-hits-estate","tag-incoronato","tag-intrattenimento","tag-it","tag-italia","tag-italy","tag-lorenzo","tag-music","tag-musica","tag-nucleari","tag-pinguini","tag-pinguini-tattici","tag-pinguini-tattici-nucleari","tag-power","tag-power-hits","tag-power-hits-estate","tag-premio","tag-radio","tag-rtl","tag-rtl-power","tag-rtl-power-hits","tag-sbagliata","tag-scusa","tag-scusa-siento","tag-siento","tag-sorry","tag-sorry-scusa","tag-sorry-scusa-siento","tag-tattici","tag-tattici-nucleari","tag-tormentone","tag-verona","tag-vittoria"],"share_on_mastodon":{"url":"","error":"Validation failed: Text character limit of 500 exceeded"},"_links":{"self":[{"href":"https:\/\/www.europesays.com\/it\/wp-json\/wp\/v2\/posts\/661126","targetHints":{"allow":["GET"]}}],"collection":[{"href":"https:\/\/www.europesays.com\/it\/wp-json\/wp\/v2\/posts"}],"about":[{"href":"https:\/\/www.europesays.com\/it\/wp-json\/wp\/v2\/types\/post"}],"author":[{"embeddable":true,"href":"https:\/\/www.europesays.com\/it\/wp-json\/wp\/v2\/users\/3"}],"replies":[{"embeddable":true,"href":"https:\/\/www.europesays.com\/it\/wp-json\/wp\/v2\/comments?post=661126"}],"version-history":[{"count":0,"href":"https:\/\/www.europesays.com\/it\/wp-json\/wp\/v2\/posts\/661126\/revisions"}],"wp:featuredmedia":[{"embeddable":true,"href":"https:\/\/www.europesays.com\/it\/wp-json\/wp\/v2\/media\/661127"}],"wp:attachment":[{"href":"https:\/\/www.europesays.com\/it\/wp-json\/wp\/v2\/media?parent=661126"}],"wp:term":[{"taxonomy":"category","embeddable":true,"href":"https:\/\/www.europesays.com\/it\/wp-json\/wp\/v2\/categories?post=661126"},{"taxonomy":"post_tag","embeddable":true,"href":"https:\/\/www.europesays.com\/it\/wp-json\/wp\/v2\/tags?post=661126"}],"curies":[{"name":"wp","href":"https:\/\/api.w.org\/{rel}","templated":true}]}}