{"id":661130,"date":"2026-09-02T09:05:18","date_gmt":"2026-09-02T09:05:18","guid":{"rendered":"https:\/\/www.europesays.com\/it\/661130\/"},"modified":"2026-09-02T09:05:18","modified_gmt":"2026-09-02T09:05:18","slug":"karl-heinz-riedle-intervista-woltemade-e-un-9-e-mezzo-e-puo-segnare-15-gol","status":"publish","type":"post","link":"https:\/\/www.europesays.com\/it\/661130\/","title":{"rendered":"Karl-Heinz Riedle intervista: &#8220;Woltemade \u00e8 un 9 e mezzo e pu\u00f2 segnare 15 gol&#8221;"},"content":{"rendered":"<p>                                L\u2019ex attaccante  della Germania e della Lazio commenta il nuovo acquisto bianconero. &#8220;Lo vedo bene in coppia con Kolo Muani. Se sentir\u00e0 la fiducia del gruppo far\u00e0 bene, pu\u00f2 andare in doppia cifra&#8221;<\/p>\n<p class=\"paragraph\" spellcheck=\"true\">La Juventus ha avuto fior di tedeschi nella sua storia \u2013 da Haller a Kohler, da Moeller a Khedira \u2013 ma alla collezione mancava un centravanti come Nick Woltemade, una figura di gran moda in Serie A negli anni ottanta, novanta e duemila. Tra il Pallone d\u2019Oro Rummenigge (Inter) e i goleador Klinsmann (Inter), Voeller (Roma) e Bierhoff (Udinese e Milan), c\u2019\u00e8 stato anche Karl-Heinz Riedle, 30 reti con la Lazio tra il 1990 e il 1993. Campione del mondo con la Germania a Italia \u201890 e sul tetto d\u2019Europa col Borussia Dortmund nel 1997, con tanto di gol alla Juventus di Marcello Lippi nella finale di Monaco. Riedle ha giocato anche nel Werder Brema (1987-1990), il club da dove \u00e8 partito il nuovo gigante bianconero Woltemade, poi esploso a Stoccarda tanto da convincere il Newcastle un anno fa a investire 75 milioni per portarlo in Premier.<\/p>\n<p class=\"paragraph\" spellcheck=\"true\"><b>Woltemade \u00e8 alto 198 centimetri, ma non segna tanto di testa: che attaccante trova Spalletti?\u00a0<\/b><\/p>\n<p class=\"paragraph\" spellcheck=\"true\">&#8220;\u00c8 pi\u00f9 un nove e mezzo che un centravanti tradizionale. \u00c8 molto alto, \u00e8 vero, ma possiede piedi delicati: state tranquilli che sa bene dove si trova la porta&#8221;.\u00a0<\/p>\n<p class=\"paragraph\" spellcheck=\"true\"><b>A quale grande centravanti tedesco accosterebbe Woltemade?\u00a0<\/b><\/p>\n<p class=\"paragraph\" spellcheck=\"true\">&#8220;Ha caratteristiche abbastanza uniche. Dura  paragonarlo a un attaccante tedesco. Piuttosto, con le dovute proporzioni, in certi movimenti ricorda  il giovane Ibrahimovic. Ibra, per\u00f2, \u00e8 Ibra&#8230;&#8221;.\u00a0<\/p>\n<p class=\"paragraph\" spellcheck=\"true\"><b>Capelli biondi e baffi: d\u2019aspetto Woltemade sembra Voeller&#8230;\u00a0<\/b><\/p>\n<p class=\"paragraph\" spellcheck=\"true\">&#8220;Di viso,  s\u00ec, ma le similitudini finiscono l\u00ec: sono punte diverse&#8221;.\u00a0<\/p>\n<p class=\"paragraph\" spellcheck=\"true\"><b>La Juve gioca col 4-2-3-1 e in attacco ha anche Kolo Muani: come immagina il suo connazionale in bianconero?<\/b><\/p>\n<p class=\"paragraph\" spellcheck=\"true\">&#8220;Woltemade \u00e8 un attaccante mobile e duttile, pu\u00f2 partire anche da seconda punta e giocare in coppia con Kolo Muani in una sorta di 4-4-2&#8221;<\/p>\n<p class=\"paragraph\" spellcheck=\"true\"><b>Qual \u00e8 il vero Woltemade: quello liberato a zero dal Werder Brema, quello dei tanti gol con lo Stoccarda o quello altalenante del 2025-26 a Newcastle?\u00a0<\/b><\/p>\n<p class=\"paragraph\" spellcheck=\"true\">&#8220;In Inghilterra \u00e8 partito bene, poi non so cosa sia successo nella seconda parte di stagione. Woltemade ha segnato molto a Stoccarda, ma ha realizzato gol importanti anche con la Germania prima del Mondiale&#8221;.\u00a0<\/p>\n<p class=\"paragraph\" spellcheck=\"true\"><b>Quante reti pu\u00f2 realizzare Woltemade alla Juventus?\u00a0<\/b><\/p>\n<p><a class=\"is-partner-link\" href=\"https:\/\/ad.doubleclick.net\/ddm\/trackclk\/N1792338.340088CAIRORCSMEDIAS.P.\/B28038690.452531709;dc_trk_aid=646241311;dc_trk_cid=173665161;dc_lat=;dc_rdid=;tag_for_child_directed_treatment=;tfua=;gdpr=%24%7BGDPR%7D;gdpr_consent=%24%7BGDPR_CONSENT_755%7D;ltd=;dc_tdv=1\" rel=\"nofollow noopener\" target=\"_blank\">Guarda tutte le partite di Serie A Enilive in esclusiva nei locali Sky! Trova il locale pi\u00f9 vicino a te.<\/a><\/p>\n<p class=\"paragraph\" spellcheck=\"true\">&#8220;Se sentir\u00e0 la fiducia di Spalletti, andr\u00e0 in doppia cifra: magari una quindicina. Mio figlio conosce personalmente Woltemade e mi dice che \u00e8 un bravo ragazzo, solare e divertente come voi italiani&#8221;.\u00a0<\/p>\n<p class=\"is-copyright\">\u00a9 RIPRODUZIONE RISERVATA<\/p>\n","protected":false},"excerpt":{"rendered":"L\u2019ex attaccante della Germania e della Lazio commenta il nuovo acquisto bianconero. &#8220;Lo vedo bene in coppia con&hellip;\n","protected":false},"author":3,"featured_media":661131,"comment_status":"","ping_status":"","sticky":false,"template":"","format":"standard","meta":{"footnotes":"","_share_on_mastodon":"0"},"categories":[176],"tags":[4197,562,10575,96746,12837,5370,2235,364560,364561,434,104576,3593,3044,1976,94951,350,1537,90,89,558,572,573,5188,576,32893,29,15313,9452,364559,2521,364562,245,244,33546,360141],"class_list":["post-661130","post","type-post","status-publish","format-standard","has-post-thumbnail","category-sport","tag-alto","tag-attaccante","tag-bianconero","tag-brema","tag-centravanti","tag-cifra","tag-coppia","tag-coppia-kolo","tag-coppia-kolo-muani","tag-doppia","tag-doppia-cifra","tag-fiducia","tag-germania","tag-gol","tag-ibra","tag-inter","tag-it","tag-italia","tag-italy","tag-juventus","tag-kolo","tag-kolo-muani","tag-lazio","tag-muani","tag-newcastle","tag-partito","tag-reti","tag-ricorda","tag-riedle","tag-seconda","tag-sentira","tag-sport","tag-sports","tag-stoccarda","tag-woltemade"],"share_on_mastodon":{"url":"https:\/\/pubeurope.com\/@it\/117200651904712853","error":""},"_links":{"self":[{"href":"https:\/\/www.europesays.com\/it\/wp-json\/wp\/v2\/posts\/661130","targetHints":{"allow":["GET"]}}],"collection":[{"href":"https:\/\/www.europesays.com\/it\/wp-json\/wp\/v2\/posts"}],"about":[{"href":"https:\/\/www.europesays.com\/it\/wp-json\/wp\/v2\/types\/post"}],"author":[{"embeddable":true,"href":"https:\/\/www.europesays.com\/it\/wp-json\/wp\/v2\/users\/3"}],"replies":[{"embeddable":true,"href":"https:\/\/www.europesays.com\/it\/wp-json\/wp\/v2\/comments?post=661130"}],"version-history":[{"count":0,"href":"https:\/\/www.europesays.com\/it\/wp-json\/wp\/v2\/posts\/661130\/revisions"}],"wp:featuredmedia":[{"embeddable":true,"href":"https:\/\/www.europesays.com\/it\/wp-json\/wp\/v2\/media\/661131"}],"wp:attachment":[{"href":"https:\/\/www.europesays.com\/it\/wp-json\/wp\/v2\/media?parent=661130"}],"wp:term":[{"taxonomy":"category","embeddable":true,"href":"https:\/\/www.europesays.com\/it\/wp-json\/wp\/v2\/categories?post=661130"},{"taxonomy":"post_tag","embeddable":true,"href":"https:\/\/www.europesays.com\/it\/wp-json\/wp\/v2\/tags?post=661130"}],"curies":[{"name":"wp","href":"https:\/\/api.w.org\/{rel}","templated":true}]}}