{"id":661162,"date":"2026-09-02T09:29:15","date_gmt":"2026-09-02T09:29:15","guid":{"rendered":"https:\/\/www.europesays.com\/it\/661162\/"},"modified":"2026-09-02T09:29:15","modified_gmt":"2026-09-02T09:29:15","slug":"un-posto-al-sole-le-anticipazioni-di-giovedi-3-settembre-anna-confessa-tutto-ad-alberto","status":"publish","type":"post","link":"https:\/\/www.europesays.com\/it\/661162\/","title":{"rendered":"Un Posto al Sole, le anticipazioni di gioved\u00ec 3 settembre: Anna confessa tutto ad Alberto"},"content":{"rendered":"<p>Il dramma di Anna arriva al momento della verit\u00e0 nella nuova puntata di <a href=\"https:\/\/www.ilmattino.it\/t\/un-posto-al-sole\" rel=\"nofollow noopener\" target=\"_blank\">Un Posto al Sole<\/a>, in onda alle 20.50 su <a href=\"https:\/\/www.ilmattino.it\/t\/rai-3\" rel=\"nofollow noopener\" target=\"_blank\">Rai 3<\/a>. Dopo quanto accaduto, le anticipazioni della puntata di domani rivelano che la confessione della ragazza metter\u00e0 Alberto davanti alle proprie responsabilit\u00e0, mentre Clara prover\u00e0 a ripartire con un progetto sociale sul quale incombe per\u00f2 l&#8217;ombra di <strong>Eduardo.<\/strong><\/p>\n<p>Vediamo di seguito le anticipazioni di gioved\u00ec 3 settembre di Un Posto al Sole.<\/p>\n","protected":false},"excerpt":{"rendered":"Il dramma di Anna arriva al momento della verit\u00e0 nella nuova puntata di Un Posto al Sole, in&hellip;\n","protected":false},"author":3,"featured_media":661163,"comment_status":"","ping_status":"","sticky":false,"template":"","format":"standard","meta":{"footnotes":"","_share_on_mastodon":"0"},"categories":[1444],"tags":[1518,203,204,1537,90,89,2655,253,2657,4664],"class_list":["post-661162","post","type-post","status-publish","format-standard","has-post-thumbnail","category-tv","tag-anticipazioni","tag-entertainment","tag-intrattenimento","tag-it","tag-italia","tag-italy","tag-rai-3","tag-tv","tag-un-posto-al-sole","tag-upas"],"share_on_mastodon":{"url":"https:\/\/pubeurope.com\/@it\/117200746191511316","error":""},"_links":{"self":[{"href":"https:\/\/www.europesays.com\/it\/wp-json\/wp\/v2\/posts\/661162","targetHints":{"allow":["GET"]}}],"collection":[{"href":"https:\/\/www.europesays.com\/it\/wp-json\/wp\/v2\/posts"}],"about":[{"href":"https:\/\/www.europesays.com\/it\/wp-json\/wp\/v2\/types\/post"}],"author":[{"embeddable":true,"href":"https:\/\/www.europesays.com\/it\/wp-json\/wp\/v2\/users\/3"}],"replies":[{"embeddable":true,"href":"https:\/\/www.europesays.com\/it\/wp-json\/wp\/v2\/comments?post=661162"}],"version-history":[{"count":0,"href":"https:\/\/www.europesays.com\/it\/wp-json\/wp\/v2\/posts\/661162\/revisions"}],"wp:featuredmedia":[{"embeddable":true,"href":"https:\/\/www.europesays.com\/it\/wp-json\/wp\/v2\/media\/661163"}],"wp:attachment":[{"href":"https:\/\/www.europesays.com\/it\/wp-json\/wp\/v2\/media?parent=661162"}],"wp:term":[{"taxonomy":"category","embeddable":true,"href":"https:\/\/www.europesays.com\/it\/wp-json\/wp\/v2\/categories?post=661162"},{"taxonomy":"post_tag","embeddable":true,"href":"https:\/\/www.europesays.com\/it\/wp-json\/wp\/v2\/tags?post=661162"}],"curies":[{"name":"wp","href":"https:\/\/api.w.org\/{rel}","templated":true}]}}