{"id":661164,"date":"2026-09-02T09:30:15","date_gmt":"2026-09-02T09:30:15","guid":{"rendered":"https:\/\/www.europesays.com\/it\/661164\/"},"modified":"2026-09-02T09:30:15","modified_gmt":"2026-09-02T09:30:15","slug":"la-star-da-oltre-20-milioni-di-dischi-a-cena-a-trieste-la-serata-alle-bracerie-venete","status":"publish","type":"post","link":"https:\/\/www.europesays.com\/it\/661164\/","title":{"rendered":"La star da oltre 20 milioni di dischi a cena a Trieste: la serata alle Bracerie Venete"},"content":{"rendered":"<p>&#8220;Ci sono serate che ti lasciano davvero senza parole. Ieri sera \u00e8 successa una di quelle cose che non vi risulterebbero facili da credere se non ci fosse una foto a testimoniarlo: \u00e8 venuta a trovarci Cardi B. Vedere una star internazionale di questo calibro sedersi ai nostri tavoli \u00e8 un&#8217;emozione enorme e un grandissimo onore. Ma la cosa che ci rende pi\u00f9 orgogliosi in assoluto non \u00e8 solo la sua presenza, ma il luogo in cui \u00e8 successo. Nessun vanto, solo tanta gratitudine per chi sceglie di condividerci un pezzo della propria serata, che arrivi dall&#8217;altra parte della strada o dall&#8217;altra parte dell&#8217;oceano&#8221;. Le parole sono quelle pubblicate in un post apparso nei giorni scorsi sulla pagina delle Bracerie venete, ristorante triestino di via Madonnina.\u00a0<\/p>\n<p>Cardi B, per chi non lo sapesse, \u00e8 una rapper statunitense vincitrice del Grammy Awards nel 2018 con l&#8217;album Invasion of Privacy. Nella sua carriera, stando a quanto riporta Chart Masters (tra i portali pi\u00f9 accreditati in merito ai dati di vendita e performance digitali) ha venduto oltre 23 milioni di dischi. Il suo singolo I like it, pubblicato sempre nel 2018, ha superato i due miliardi di streaming su Spotify. In Italia ha vinto un disco di platino.\u00a0<\/p>\n","protected":false},"excerpt":{"rendered":"&#8220;Ci sono serate che ti lasciano davvero senza parole. Ieri sera \u00e8 successa una di quelle cose che&hellip;\n","protected":false},"author":3,"featured_media":661165,"comment_status":"","ping_status":"","sticky":false,"template":"","format":"standard","meta":{"footnotes":"","_share_on_mastodon":"0"},"categories":[1443],"tags":[364572,203,204,1537,90,89,1538,1539,2399,6687],"class_list":["post-661164","post","type-post","status-publish","format-standard","has-post-thumbnail","category-musica","tag-cardi","tag-entertainment","tag-intrattenimento","tag-it","tag-italia","tag-italy","tag-music","tag-musica","tag-rapper","tag-trieste"],"share_on_mastodon":{"url":"https:\/\/pubeurope.com\/@it\/117200750579836061","error":""},"_links":{"self":[{"href":"https:\/\/www.europesays.com\/it\/wp-json\/wp\/v2\/posts\/661164","targetHints":{"allow":["GET"]}}],"collection":[{"href":"https:\/\/www.europesays.com\/it\/wp-json\/wp\/v2\/posts"}],"about":[{"href":"https:\/\/www.europesays.com\/it\/wp-json\/wp\/v2\/types\/post"}],"author":[{"embeddable":true,"href":"https:\/\/www.europesays.com\/it\/wp-json\/wp\/v2\/users\/3"}],"replies":[{"embeddable":true,"href":"https:\/\/www.europesays.com\/it\/wp-json\/wp\/v2\/comments?post=661164"}],"version-history":[{"count":0,"href":"https:\/\/www.europesays.com\/it\/wp-json\/wp\/v2\/posts\/661164\/revisions"}],"wp:featuredmedia":[{"embeddable":true,"href":"https:\/\/www.europesays.com\/it\/wp-json\/wp\/v2\/media\/661165"}],"wp:attachment":[{"href":"https:\/\/www.europesays.com\/it\/wp-json\/wp\/v2\/media?parent=661164"}],"wp:term":[{"taxonomy":"category","embeddable":true,"href":"https:\/\/www.europesays.com\/it\/wp-json\/wp\/v2\/categories?post=661164"},{"taxonomy":"post_tag","embeddable":true,"href":"https:\/\/www.europesays.com\/it\/wp-json\/wp\/v2\/tags?post=661164"}],"curies":[{"name":"wp","href":"https:\/\/api.w.org\/{rel}","templated":true}]}}