{"id":661206,"date":"2026-09-02T10:01:24","date_gmt":"2026-09-02T10:01:24","guid":{"rendered":"https:\/\/www.europesays.com\/it\/661206\/"},"modified":"2026-09-02T10:01:24","modified_gmt":"2026-09-02T10:01:24","slug":"omicidio-chiara-poggi-la-mamma-di-alberto-stasi-la-verita-trova-sempre-la-sua-strada","status":"publish","type":"post","link":"https:\/\/www.europesays.com\/it\/661206\/","title":{"rendered":"Omicidio Chiara Poggi, la mamma di Alberto Stasi: &#8220;La verit\u00e0 trova sempre la sua strada&#8221;"},"content":{"rendered":"<p>\u201cHo sempre saputo che Alberto era innocente e se avessi avuto un solo dubbio sarei stata la prima a portarlo ad assumersi le sue responsabilit\u00e0\u201d. Sono queste le parole usate da Elisabetta Ligab\u00f2, mamma di Alberto Stasi, in una lettera indirizzata a \u2018Verit\u00e0 nascoste\u2019, il nuovo programma condotto da Milo Infante su Rete 4. La verit\u00e0, ha aggiunto, \u201ctrova sempre la sua strada, anche quando sembra impossibile\u201d.<\/p>\n<p>Nella missiva, Ligab\u00f2 ha ripercorso la storia del figlio, accusato e condannato in via definitiva per l&#8217;omicidio della fidanzata Chiara Poggi avvenuto nell&#8217;estate del 2007 a Garlasco, Pavia. Una vicenda non ancora del tutto chiusa, vista la riapertura delle indagini a carico dell&#8217;amico di Marco Poggi, Andrea Sempio, ora accusato del delitto.\u00a0<\/p>\n<p>\u201cIl silenzio pesa pi\u00f9 di tutto il resto\u201d<\/p>\n<p>\u201cCi sono cose che il tempo non riesce a portare via. Gli anni passano, la vita va avanti, ma certe vicende restano sempre con te\u201d, si legge nella lettera. Ligab\u00f2 ha poi aggiunto: \u201cCi sono stati anni in cui mi sono sentita molto sola. Spesso avevo la sensazione che nessuno potesse capire davvero quello che stavamo vivendo. Quando una vicenda cos\u00ec dolorosa entra nella tua vita, molte cose cambiano. Impari a convivere con gli sguardi, con i giudizi, con le parole dette e con quelle non dette. A volte il silenzio pesa pi\u00f9 di tutto il resto. Perch\u00e9 poi alla fine se tuo figlio viene processato per omicidio &#8216;un motivo ci sar\u00e0&#8217; e anche spiegare che non \u00e8 cos\u00ec sembra inutile\u201d.<\/p>\n<p>Il ricordo di Chiara Poggi<\/p>\n<p>La donna ha ricordato della morte del marito, il suo \u201cpunto di riferimento\u201d. Subito dopo Alberto \u00e8 entrato in carcere. \u201c\u00c8 come vedere la tua vita andare in frantumi. La mia famiglia non c&#8217;era pi\u00f9\u201d. In un passaggio la mamma di Stasti augura un futuro diverso al figlio, e non dimentica Chiara Poggi: \u201cIl tempo passa, ma non cancella le persone che abbiamo conosciuto e che hanno fatto parte della nostra vita. Quello che \u00e8 accaduto resta una tragedia e il pensiero non pu\u00f2 che andare anche a questo\u201d.<\/p>\n<p>Poi la conclusione con il \u201cil desiderio di poter vivere con un po&#8217; di pace nel cuore. Dopo tanti anni di sofferenza, di attese e di solitudine, credo che sia il desiderio pi\u00f9 semplice e pi\u00f9 umano che una persona possa avere\u201d.<\/p>\n","protected":false},"excerpt":{"rendered":"\u201cHo sempre saputo che Alberto era innocente e se avessi avuto un solo dubbio sarei stata la prima&hellip;\n","protected":false},"author":3,"featured_media":661207,"comment_status":"","ping_status":"","sticky":false,"template":"","format":"standard","meta":{"footnotes":"","_share_on_mastodon":"0"},"categories":[174],"tags":[6056,203,204,1537,90,89,18279,2639],"class_list":["post-661206","post","type-post","status-publish","format-standard","has-post-thumbnail","category-intrattenimento","tag-chiara-poggi","tag-entertainment","tag-intrattenimento","tag-it","tag-italia","tag-italy","tag-lettere","tag-omicidi"],"share_on_mastodon":{"url":"https:\/\/pubeurope.com\/@it\/117200872289302940","error":""},"_links":{"self":[{"href":"https:\/\/www.europesays.com\/it\/wp-json\/wp\/v2\/posts\/661206","targetHints":{"allow":["GET"]}}],"collection":[{"href":"https:\/\/www.europesays.com\/it\/wp-json\/wp\/v2\/posts"}],"about":[{"href":"https:\/\/www.europesays.com\/it\/wp-json\/wp\/v2\/types\/post"}],"author":[{"embeddable":true,"href":"https:\/\/www.europesays.com\/it\/wp-json\/wp\/v2\/users\/3"}],"replies":[{"embeddable":true,"href":"https:\/\/www.europesays.com\/it\/wp-json\/wp\/v2\/comments?post=661206"}],"version-history":[{"count":0,"href":"https:\/\/www.europesays.com\/it\/wp-json\/wp\/v2\/posts\/661206\/revisions"}],"wp:featuredmedia":[{"embeddable":true,"href":"https:\/\/www.europesays.com\/it\/wp-json\/wp\/v2\/media\/661207"}],"wp:attachment":[{"href":"https:\/\/www.europesays.com\/it\/wp-json\/wp\/v2\/media?parent=661206"}],"wp:term":[{"taxonomy":"category","embeddable":true,"href":"https:\/\/www.europesays.com\/it\/wp-json\/wp\/v2\/categories?post=661206"},{"taxonomy":"post_tag","embeddable":true,"href":"https:\/\/www.europesays.com\/it\/wp-json\/wp\/v2\/tags?post=661206"}],"curies":[{"name":"wp","href":"https:\/\/api.w.org\/{rel}","templated":true}]}}