{"id":661220,"date":"2026-09-02T10:15:20","date_gmt":"2026-09-02T10:15:20","guid":{"rendered":"https:\/\/www.europesays.com\/it\/661220\/"},"modified":"2026-09-02T10:15:20","modified_gmt":"2026-09-02T10:15:20","slug":"bonvicini-le-corse-ciclistiche-in-centro-creano-danni-al-commercio","status":"publish","type":"post","link":"https:\/\/www.europesays.com\/it\/661220\/","title":{"rendered":"Bonvicini: &#8220;Le corse ciclistiche in centro creano danni al commercio&#8221;"},"content":{"rendered":"<p>Il consigliere di minoranza <strong>Andrea Bonvicini<\/strong> attacca l\u2019amministrazione <strong>Del Rosso<\/strong> per aver deciso di ospitare in viale Verdi il gran finale del <strong>Giro della Toscana donne<\/strong> di ciclismo. &#8220;Organizzare altre corse ciclistiche in centro che non siano il Gran Premio Del Rosso o il Giro d\u2019Italia non lo ritengo una scelta condivisibile, anzi deleteria \u2013 dice Bonvicini nella nota in cui si firma \u2019commerciante\u2019 \u2013. Corse di scarse interesse che bloccano l\u2019accessibilit\u00e0 al centro inteso come commerciale ed impediscono alle attivit\u00e0 di svolgere il proprio lavoro. Ma fatele arrivare in campagna, qui sono dannose. Proprio in concomitanza con il fine settimana: la clientela che con questo caldo torrido che deve trovare parcheggi alternativi \u00e8 disincentivata. Purtroppo questo succede troppo spesso e le attivit\u00e0 non sono supportate n\u00e9 da questa amministrazione, n\u00e9 dalle associazioni che tacciono e sono impalpabili&#8221;.<\/p>\n<p>Bonvicini prosegue il suo intervento sottolineando come non ci sia in citt\u00e0 &#8220;un progetto a tutela del commercio, anzi i negozi chiudono e le scritte affttasi sono ovunque senza che nessuno si domandi il perch\u00e9. Non c\u2019\u00e8 un progetto di rilancio turistico termale e la farsa si compie con l\u2019inutile Dmo che organizza oggi il Natale la manifestazione pi\u00f9 inflazionata d\u2019Italia. Nessuno chiede al mondo del commercio quali sono le necessit\u00e0, anzi si evita perche non si vuol sapere la verit\u00e0 e si preferisce tenere la testa sotto la sabbia&#8221;.<\/p>\n<p>Poi l\u2019affondo finale: &#8220;A breve torneranno le tendopoli del mercato fake fortemarmino \u2013 sottolinea Bonvicini \u2013. Una vergogna assoluta portata avanti da questa giunta e dal sindaco Del Rosso. Ci\u00f2 distrugge il commercio e non rilancia, ma squalifica il centro cittadino e <strong>Montecatini Terme<\/strong>&#8220;.<\/p>\n","protected":false},"excerpt":{"rendered":"Il consigliere di minoranza Andrea Bonvicini attacca l\u2019amministrazione Del Rosso per aver deciso di ospitare in viale Verdi&hellip;\n","protected":false},"author":3,"featured_media":661221,"comment_status":"","ping_status":"","sticky":false,"template":"","format":"standard","meta":{"footnotes":"","_share_on_mastodon":"0"},"categories":[1456],"tags":[149283,104,1824,364584,3707,8776,55506,1825,1537,90,89,245,244],"class_list":["post-661220","post","type-post","status-publish","format-standard","has-post-thumbnail","category-ciclismo","tag-bonvicini","tag-centro","tag-ciclismo","tag-ciclistiche","tag-commercio","tag-corse","tag-creano","tag-cycling","tag-it","tag-italia","tag-italy","tag-sport","tag-sports"],"share_on_mastodon":{"url":"https:\/\/pubeurope.com\/@it\/117200927263933391","error":""},"_links":{"self":[{"href":"https:\/\/www.europesays.com\/it\/wp-json\/wp\/v2\/posts\/661220","targetHints":{"allow":["GET"]}}],"collection":[{"href":"https:\/\/www.europesays.com\/it\/wp-json\/wp\/v2\/posts"}],"about":[{"href":"https:\/\/www.europesays.com\/it\/wp-json\/wp\/v2\/types\/post"}],"author":[{"embeddable":true,"href":"https:\/\/www.europesays.com\/it\/wp-json\/wp\/v2\/users\/3"}],"replies":[{"embeddable":true,"href":"https:\/\/www.europesays.com\/it\/wp-json\/wp\/v2\/comments?post=661220"}],"version-history":[{"count":0,"href":"https:\/\/www.europesays.com\/it\/wp-json\/wp\/v2\/posts\/661220\/revisions"}],"wp:featuredmedia":[{"embeddable":true,"href":"https:\/\/www.europesays.com\/it\/wp-json\/wp\/v2\/media\/661221"}],"wp:attachment":[{"href":"https:\/\/www.europesays.com\/it\/wp-json\/wp\/v2\/media?parent=661220"}],"wp:term":[{"taxonomy":"category","embeddable":true,"href":"https:\/\/www.europesays.com\/it\/wp-json\/wp\/v2\/categories?post=661220"},{"taxonomy":"post_tag","embeddable":true,"href":"https:\/\/www.europesays.com\/it\/wp-json\/wp\/v2\/tags?post=661220"}],"curies":[{"name":"wp","href":"https:\/\/api.w.org\/{rel}","templated":true}]}}