{"id":661222,"date":"2026-09-02T10:18:22","date_gmt":"2026-09-02T10:18:22","guid":{"rendered":"https:\/\/www.europesays.com\/it\/661222\/"},"modified":"2026-09-02T10:18:22","modified_gmt":"2026-09-02T10:18:22","slug":"virtus-fumata-bianca-per-il-nuovo-sponsor-quando-arriva-lannuncio","status":"publish","type":"post","link":"https:\/\/www.europesays.com\/it\/661222\/","title":{"rendered":"Virtus, fumata bianca per il nuovo sponsor: quando arriva l\u2019annuncio"},"content":{"rendered":"<p>Bologna, 1 settembre 2026 \u2013 <strong>La fumata bianca<\/strong>, dopo giorni di attesa, <strong>\u00e8 finalmente arrivata<\/strong>. Il nome, per\u00f2, resta ancora rigorosamente sotto chiave. <strong>La Virtus<\/strong> ha annunciato ieri di aver raggiunto <strong>l\u2019accordo con il nuovo Title Sponsor<\/strong> per la stagione di LBA 2026\/27 e Main Sponsor della prima squadra. \u00c8 dunque arrivata <strong>la conferma ufficiale<\/strong> a quelle voci che da giorni indicavano come ormai definita la trattativa <strong>per il nuovo partner bianconero<\/strong>.<\/p>\n<p>La data della rivelazione <\/p>\n<p>Manca ancora il tassello pi\u00f9 atteso, quello che permetter\u00e0 di <strong>dare un nome al marchio destinato ad accompagnare la V nera nella prossima stagione<\/strong>. Il club, infatti, ha scelto di tenere ancora coperta l\u2019identit\u00e0 dell\u2019azienda, fissando per\u00f2 gi\u00e0 una <strong>data precisa<\/strong> per il momento della rivelazione: <strong>domenica 13 settembre<\/strong>. Sar\u00e0 quello il giorno in cui verranno <strong>tolti i veli al nuovo sponsor<\/strong> che comparir\u00e0 al fianco della Virtus e che legher\u00e0 il proprio nome alla squadra nelle competizioni nazionali.<\/p>\n<p>Come sar\u00e0 il nuovo accordo <\/p>\n<p>Una scelta che aggiunge <strong>un pizzico di suspense<\/strong> a un\u2019operazione che, sul fronte societario, rappresenta uno dei passaggi pi\u00f9 importanti dell\u2019estate bianconera. Il nuovo accordo non sar\u00e0 infatti una semplice sponsorizzazione. <strong>L\u2019azienda assumer\u00e0 il ruolo di Title Sponsor della Virtus in LBA<\/strong> e, contemporaneamente, di Main Sponsor della prima squadra per la stagione 2026\/27.<\/p>\n<p>Un doppio incarico che sottolinea il peso della partnership e che, inevitabilmente, avr\u00e0 una visibilit\u00e0 importante per tutto l\u2019arco della stagione. La societ\u00e0, nel comunicato con cui ha ufficializzato l\u2019intesa, parla di <strong>una collaborazione costruita su valori, ambizioni e una visione condivisa<\/strong>.<\/p>\n<p>Un modo per sottolineare come il rapporto con il nuovo partner voglia andare oltre il semplice abbinamento commerciale, inserendosi nel percorso di crescita e consolidamento intrapreso dalla Virtus. E <strong>proprio la capacit\u00e0 di attirare un marchio di primo piano viene indicata dal club come un ulteriore segnale della solidit\u00e0 del progetto<\/strong>.<\/p>\n<p>Dalle indiscrezioni al conto alla rovescia <\/p>\n<p>Dopo la rivoluzione estiva sul parquet e l\u2019avvio di una nuova fase tecnica, con la squadra affidata ad <strong>Alex Mumbr\u00f9<\/strong>, anche sul fronte commerciale arriva dunque un\u2019operazione destinata a caratterizzare la nuova stagione. Per conoscere il nome, per\u00f2, bisogner\u00e0 aspettare ancora qualche giorno. Le <strong>indiscrezioni<\/strong> avevano gi\u00e0 fatto circolare <strong>un\u2019identit\u00e0<\/strong> e dato per chiusa la partita, ma <strong>la Virtus<\/strong>, almeno ufficialmente, <strong>non ha ancora scoperto le proprie carte<\/strong>. La certezza, adesso, \u00e8 che l\u2019accordo \u00e8 stato firmato. Il conto alla rovescia, quindi, \u00e8 partito.<\/p>\n<p><strong>Domenica 13 settembre il nuovo marchio verr\u00e0 presentato ufficialmente<\/strong> e con esso prender\u00e0 forma anche la nuova identit\u00e0 commerciale della Virtus per il campionato 2026\/27. Sar\u00e0 il momento in cui il mistero dello sponsor tanto atteso verr\u00e0 finalmente risolto e il nome della V nera avr\u00e0 un nuovo compagno di viaggio.<\/p>\n","protected":false},"excerpt":{"rendered":"Bologna, 1 settembre 2026 \u2013 La fumata bianca, dopo giorni di attesa, \u00e8 finalmente arrivata. Il nome, per\u00f2,&hellip;\n","protected":false},"author":3,"featured_media":661223,"comment_status":"","ping_status":"","sticky":false,"template":"","format":"standard","meta":{"footnotes":"","_share_on_mastodon":"0"},"categories":[1453],"tags":[3825,2478,1756,1757,842,79077,1537,90,89,9436,245,244,5284],"class_list":["post-661222","post","type-post","status-publish","format-standard","has-post-thumbnail","category-basket","tag-annuncio","tag-arriva","tag-basket","tag-basketball","tag-bianca","tag-fumata","tag-it","tag-italia","tag-italy","tag-sponsor","tag-sport","tag-sports","tag-virtus"],"share_on_mastodon":{"url":"https:\/\/pubeurope.com\/@it\/117200939249608105","error":""},"_links":{"self":[{"href":"https:\/\/www.europesays.com\/it\/wp-json\/wp\/v2\/posts\/661222","targetHints":{"allow":["GET"]}}],"collection":[{"href":"https:\/\/www.europesays.com\/it\/wp-json\/wp\/v2\/posts"}],"about":[{"href":"https:\/\/www.europesays.com\/it\/wp-json\/wp\/v2\/types\/post"}],"author":[{"embeddable":true,"href":"https:\/\/www.europesays.com\/it\/wp-json\/wp\/v2\/users\/3"}],"replies":[{"embeddable":true,"href":"https:\/\/www.europesays.com\/it\/wp-json\/wp\/v2\/comments?post=661222"}],"version-history":[{"count":0,"href":"https:\/\/www.europesays.com\/it\/wp-json\/wp\/v2\/posts\/661222\/revisions"}],"wp:featuredmedia":[{"embeddable":true,"href":"https:\/\/www.europesays.com\/it\/wp-json\/wp\/v2\/media\/661223"}],"wp:attachment":[{"href":"https:\/\/www.europesays.com\/it\/wp-json\/wp\/v2\/media?parent=661222"}],"wp:term":[{"taxonomy":"category","embeddable":true,"href":"https:\/\/www.europesays.com\/it\/wp-json\/wp\/v2\/categories?post=661222"},{"taxonomy":"post_tag","embeddable":true,"href":"https:\/\/www.europesays.com\/it\/wp-json\/wp\/v2\/tags?post=661222"}],"curies":[{"name":"wp","href":"https:\/\/api.w.org\/{rel}","templated":true}]}}