{"id":661224,"date":"2026-09-02T10:19:28","date_gmt":"2026-09-02T10:19:28","guid":{"rendered":"https:\/\/www.europesays.com\/it\/661224\/"},"modified":"2026-09-02T10:19:28","modified_gmt":"2026-09-02T10:19:28","slug":"il-figlio-di-fabio-paratici-torna-alla-roma-dopo-aver-firmato-il-primo-contratto-da-professionista-con-la-sampdoria","status":"publish","type":"post","link":"https:\/\/www.europesays.com\/it\/661224\/","title":{"rendered":"Il figlio di Fabio Paratici torna alla Roma dopo aver firmato il primo contratto da professionista con la Sampdoria"},"content":{"rendered":"<p data-start=\"343\" data-end=\"1234\" class=\"PDq2pG_selectionAnchorContainer\">Un cognome cos\u00ec arriva sempre qualche secondo prima. <strong data-start=\"402\" data-end=\"414\">Paratici<\/strong> nel calcio italiano significa Juventus, Sampdoria, Tottenham, mercato ai massimi livelli\u00a0 in questo momento soprattutto Fiorentina. Da qualche anno, per\u00f2, quel cognome compare anche sui tabellini delle giovanili. Accanto c\u2019\u00e8 scritto <strong data-start=\"606\" data-end=\"617\">Lorenzo<\/strong>, classe 2008, attaccante. Adesso la sua strada porta fino a <strong data-start=\"678\" data-end=\"690\">Trigoria<\/strong>.\u00a0Un anno fa vi era arrivato quasi in punta di piedi dalla Sampdoria e appena 72 ore dopo aveva segnato <strong data-start=\"1019\" data-end=\"1087\">tre gol in un\u2019amichevole della prima squadra contro il Roma City<\/strong>, presentandosi nel modo pi\u00f9 rumoroso possibile. Poi sono arrivati una stagione in giallorosso, i gol con l\u2019Under 18, qualche apparizione in Primavera e infine il ritorno a Genova per fine prestito, dove \u00e8 da poco arrivata la firma sul primo contratto da professionista fino al 2028.<\/p>\n<p data-start=\"343\" data-end=\"1234\" class=\"PDq2pG_selectionAnchorContainer\">Con la Lupa sembrava finita, invece era soltanto un arrivederci. La <strong data-start=\"1360\" data-end=\"1411\">Roma ha riportato il classe 2008 nella Capitale<\/strong>, sempre con la formula del trasferimento temporaneo e diritto di opzione. Stavolta Lorenzo conosce gi\u00e0 i cancelli di Trigoria e tutto l&#8217;ambiente. Per questo il suo secondo arrivo ha un sapore diverso dal primo. \u00c8 un altro salto in una carriera che a soli 16 anni ha gi\u00e0 attraversato anche Torino, Vercelli e Genova. E per raccontarla bisogna tornare indietro, a quando Lorenzo indossava il numero 9 sui campi regionali piemontesi e segnava praticamente ogni volta che gli capitava un pallone vicino alla porta.<\/p>\n<p><a rel=\"nofollow noopener\" target=\"_blank\" href=\"https:\/\/www.sprintesport.it\/sezioni\/581\/checkout?idProdotto=622\"><br \/>\n <\/a><br \/>\n<strong data-start=\"1239\" data-end=\"1296\">PRIMA DI ROMA C\u2019ERA LA SISPORT: UN GOL OGNI 38 MINUTI<\/strong><\/p>\n<p data-start=\"1298\" data-end=\"1764\">Di\u00a0<strong data-start=\"1324\" data-end=\"1344\">Lorenzo Paratici<\/strong>\u00a0raccontavamo gi\u00e0 nell\u2019aprile del 2022. Aveva 13 anni, giocava nell\u2019Under 14 della <strong data-start=\"1414\" data-end=\"1425\">Sisport<\/strong> e si era conquistato una definizione piuttosto eloquente: il cecchino. In quel campionato aveva raggiunto quota <strong data-start=\"1540\" data-end=\"1551\">14 reti<\/strong>, con una media impressionante di <strong data-start=\"1585\" data-end=\"1610\">un gol ogni 38 minuti<\/strong>. Era un attaccante versatile, con il 9 sulle spalle, gi\u00e0 capace di trasformare pochi palloni in occasioni decisive.\u00a0In tribuna capitava di vedere pap\u00e0 Fabio, allora dirigente del Tottenham. Sul campo, per\u00f2, Lorenzo iniziava a costruire una storia completamente sua. Quella Sisport rappresentava anche un legame particolare con l\u2019ambiente juventino, vista la collaborazione che unisce il club torinese alla Juventus. Proprio da l\u00ec sarebbe partito un percorso che, quasi per gioco del destino, avrebbe riportato Paratici pi\u00f9 avanti davanti ai bianconeri. Stavolta da avversario.<\/p>\n<p><strong data-start=\"2248\" data-end=\"2303\">PRO VERCELLI, I GOL PESANTI E LA VOGLIA DI CRESCERE<\/strong><br \/>\n<a rel=\"nofollow noopener\" target=\"_blank\" href=\"https:\/\/www.sprintesport.it\/sezioni\/581\/checkout?idProdotto=622\"><br \/>\n <\/a><\/p>\n<p data-start=\"2305\" data-end=\"2464\">Il passaggio successivo porta alla <strong data-start=\"2340\" data-end=\"2356\">Pro Vercelli<\/strong>, dove Paratici entra nel calcio dei settori giovanili professionistici. Anche l\u00ec lascia presto una traccia. Nella stagione Under 15 diventa uno degli uomini decisivi della squadra di Riccardo Leardi. Contro il <strong data-start=\"2568\" data-end=\"2578\">Renate<\/strong>, in particolare, costruisce una curiosa storia personale: segna il gol dell\u20191-0 all\u2019andata, in pieno recupero, e decide ancora con lo stesso risultato la gara di ritorno. In mezzo arrivano anche le reti contro <strong data-start=\"2789\" data-end=\"2818\">Sangiuliano City e Novara<\/strong>. Il suo allenatore, dopo un\u2019altra giocata decisiva, ne sottolinea movimento e qualit\u00e0 della conclusione.\u00a0Sono anni importanti perch\u00e9 il cognome smette gradualmente di essere la prima cosa da raccontare. Cominciano a esserci i gol, i movimenti dentro l\u2019area, quella capacit\u00e0 di comparire nel punto giusto che accompagner\u00e0 Paratici anche nelle categorie successive.<\/p>\n<p data-start=\"2305\" data-end=\"2464\" style=\"text-align: center;\"><img loading=\"lazy\" decoding=\"async\" src=\"https:\/\/www.europesays.com\/it\/wp-content\/uploads\/2026\/09\/PARATICI_LORENZO-1788332473865.webp\" alt=\"\" width=\"1200\" height=\"800\" caption=\"false\"\/><strong style=\"color: #a09995; font-family: 'Gill Sans', 'Gill Sans MT', 'Myriad Pro', 'DejaVu Sans Condensed', Helvetica, Arial, sans-serif; font-size: 12px; background-color: #f4f4f4;\">Lorenzo Paratici ai tempi della Pro Vercelli in Under 15<\/strong><\/p>\n<p><strong data-start=\"3226\" data-end=\"3261\"><br \/>ALLA SAMPDORIA ARRIVA LA SVOLTA<\/strong><\/p>\n<p data-start=\"3263\" data-end=\"3335\">Nel 2023 la Sampdoria lo porta a Genova. \u00c8 qui che la crescita accelera. Con l\u2019Under 16 blucerchiata Paratici diventa il riferimento offensivo di una squadra protagonista ai massimi livelli nazionali. Durante la regular season segna <strong data-start=\"3497\" data-end=\"3509\">otto gol<\/strong>, firmando doppiette contro Napoli e Reggiana e trovando anche una rete pesantissima nel derby con il Genoa. Poi arrivano i playoff e una partita che sembra scritta apposta per lui. Nei quarti di finale contro la <strong data-start=\"3723\" data-end=\"3735\">Juventus<\/strong>, Lorenzo firma una doppietta nei primi sedici minuti dell\u2019andata vinta dalla Sampdoria per <strong data-start=\"3827\" data-end=\"3834\">3-1<\/strong>. Prima una conclusione in coordinazione, poi un tap-in da centravanti puro. Sprint e Sport ne sottolinea anche il lavoro lontano dalla porta: palloni difesi, falli conquistati, aiuto alla squadra. Con quelle reti supera la doppia cifra stagionale e diventa il secondo miglior marcatore blucerchiato alle spalle di Giuseppe Forte.\u00a0Al ritorno mette nuovamente piede a <strong data-start=\"4240\" data-end=\"4250\">Vinovo<\/strong>, il luogo legato alla sua prima formazione calcistica. La Juventus vince 1-0, ma la Samp protegge il vantaggio dell\u2019andata e vola in semifinale. Per Paratici \u00e8 una piccola chiusura del cerchio: partire dall\u2019universo bianconero e tornarci da avversario, eliminandolo dalla corsa Scudetto. <\/p>\n<p><strong data-start=\"4581\" data-end=\"4635\">DALLE GIOVANILI ALLA PRIMAVERA, SEMPRE IN ANTICIPO<\/strong><\/p>\n<p data-start=\"4637\" data-end=\"4840\">La stagione 2024-2025 conferma che Paratici pu\u00f2 reggere anche salti di categoria molto rapidi. Parte dall\u2019<strong data-start=\"4743\" data-end=\"4755\">Under 18<\/strong>, poi sale fino alla <strong data-start=\"4776\" data-end=\"4805\">Primavera della Sampdoria<\/strong> pur essendo ancora un classe 2008. Chiude con <strong data-start=\"4853\" data-end=\"4890\">7 gol in 18 presenze in Primavera<\/strong> e 13 reti nelle 36 partite complessivamente disputate nelle varie categorie secondo i dati raccolti da Sprint e Sport. In un\u2019analisi dedicata ai giovani bomber del campionato, \u00e8 addirittura il pi\u00f9 giovane tra i marcatori messi in evidenza: mentre gran parte della competizione \u00e8 ancora dominata dai 2005 e dai 2006, lui riesce a farsi spazio con due anni di anticipo.\u00a0Arrivano anche le chiamate nelle <strong data-start=\"5331\" data-end=\"5354\">Nazionali giovanili<\/strong>, prima nel giro dell\u2019Under 16 e poi dell\u2019Under 17, e nell\u2019estate successiva c\u2019\u00e8 un altro piccolo assaggio di futuro: Massimo Donati lo aggrega alla prima squadra della Sampdoria e gli concede minuti nell\u2019amichevole vinta 8-0 contro la Rosa Camunia.\u00a0Segnali diversi, tutti nella stessa direzione.<\/p>\n<p><strong data-start=\"1727\" data-end=\"1777\">UN ANNO FA LA TRIPLETTA DOPO APPENA TRE GIORNI<\/strong><\/p>\n<p data-start=\"1779\" data-end=\"1840\">Poi il primo impatto con la Roma era stato indimenticabile. Paratici era arrivato dalla Sampdoria negli ultimi giorni del mercato estivo 2025 insieme a <strong data-start=\"1934\" data-end=\"1952\">Giuseppe Forte<\/strong>. Il trasferimento era stato chiuso in prestito con opzione, dopo una stagione in cui Lorenzo aveva gi\u00e0 bruciato alcune tappe nel vivaio blucerchiato.\u00a0Tre giorni dopo il suo arrivo, Gian Piero Gasperini aveva bisogno di giovani per completare il gruppo della prima squadra durante la sosta delle Nazionali. Paratici viene chiamato per l\u2019amichevole contro il Roma City e trasforma quella che poteva essere una semplice occasione in una presentazione da ricordare.\u00a0<strong data-start=\"2455\" data-end=\"2467\">Tre gol.\u00a0<\/strong>Il primo dopo aver recuperato un pallone, il secondo di testa su calcio d\u2019angolo, il terzo girandosi dentro l\u2019area. Sprint e Sport aveva raccontato quella partita come l\u2019esordio sorprendente di un ragazzo appena arrivato nella Capitale. In novanta minuti il nuovo attaccante aveva gi\u00e0 lasciato il segno nel proprio passaggio alla Roma.<\/p>\n<p data-start=\"1779\" data-end=\"1840\"><img loading=\"lazy\" decoding=\"async\" src=\"https:\/\/www.europesays.com\/it\/wp-content\/uploads\/2026\/09\/LORENZO_PARATICI-1788332550600.webp\" alt=\"\" width=\"1200\" height=\"800\" caption=\"false\"\/><\/p>\n<p><strong data-start=\"2842\" data-end=\"2892\">CON L\u2019UNDER 18 DIVENTA UN PUNTO DI RIFERIMENTO<\/strong><\/p>\n<p data-start=\"2894\" data-end=\"3046\">La tripletta con i grandi rimane l\u2019immagine pi\u00f9 spettacolare, ma la stagione di Paratici si costruisce soprattutto lontano dai riflettori della Serie A. Con l\u2019<strong data-start=\"3054\" data-end=\"3077\">Under 18 della Roma<\/strong> trova continuit\u00e0 e gol. Chiude il campionato con <strong data-start=\"3127\" data-end=\"3153\">12 reti in 14 presenze<\/strong>, numeri che raccontano quanto il suo inserimento sia stato rapido e quanto Mattia Scala abbia imparato a conoscerne le caratteristiche.\u00a0In Primavera lo spazio \u00e8 inferiore: secondo le statistiche disponibili colleziona <strong data-start=\"3411\" data-end=\"3435\">12 presenze e un gol<\/strong> nel campionato Primavera 1 2025-26. \u00c8 ancora un 2008 inserito in una categoria popolata prevalentemente da ragazzi pi\u00f9 grandi, e la stagione serve anche a misurarsi con un calcio pi\u00f9 fisico e veloce.\u00a0Intanto rimane nel giro delle Nazionali giovanili. Nel febbraio 2026 viene nuovamente convocato con l\u2019Italia, a conferma di un percorso che continua anche a livello internazionale.<\/p>\n<p><strong data-start=\"5694\" data-end=\"5745\">ANCORA TRIGORIA: IL COGNOME RESTA, LA STORIA \u00c8 SUA<\/strong><\/p>\n<p data-start=\"5747\" data-end=\"6157\">Adesso il ritorno alla Roma. Il trasferimento riguarda nuovamente anche <strong data-start=\"5802\" data-end=\"5820\">Giuseppe Forte<\/strong>, suo compagno di reparto alla Sampdoria: prima della partenza entrambi hanno firmato con il club blucerchiato fino al 2028, quindi si sono trasferiti in giallorosso <strong data-start=\"5986\" data-end=\"6013\">in prestito con opzione<\/strong>. Nella stessa operazione Valerio Cinti e Francesco Ferrara hanno percorso la strada inversa verso Genova.\u00a0Per Lorenzo, per\u00f2, dietro la formula di mercato c\u2019\u00e8 soprattutto un altro gradino da salire. \u00c8 nato a Torino il <strong data-start=\"6271\" data-end=\"6290\">21 ottobre 2008<\/strong>, gioca prevalentemente da centravanti e negli anni si \u00e8 costruito un profilo fatto di mobilit\u00e0, attacco della profondit\u00e0 e concretezza sotto porta. Dalla Sisport alla Pro Vercelli, dalla Sampdoria alle Nazionali, ogni passaggio gli ha chiesto qualcosa in pi\u00f9. In questa stagione anche la Roma gli chieder\u00e0 ancora di pi\u00f9. Pap\u00e0 <strong data-start=\"6590\" data-end=\"6608\">Fabio Paratici <\/strong>sta trascorrendo\u00a0la carriera cercando calciatori, costruendo squadre e immaginando il futuro degli altri, pi\u00f9 che mai dopo l&#8217;approdo alla Fiorentina che l&#8217;ha visto mai cos\u00ec attivo sul mercato. Lorenzo invece sta vivendo il calcio sul campo. Corre, lotta e soprattutto segna. Il cognome sar\u00e0 inevitabilmente sempre parte del racconto. <strong data-start=\"6862\" data-end=\"6969\">A Trigoria, per\u00f2, arriva un ragazzo che da quattro anni prova a riempire quel cognome con i propri gol.<\/strong><\/p>\n<p><a href=\"https:\/\/www.sprintesport.it\/nazionali\/2026\/09\/02\/news\/il-lecce-guarda-al-futuro-e-piazza-un-colpo-internazionale-dal-porto-arriva-un-centravanti-classe-2007-758636\/?utm_source=VCMS_correlati\" class=\"vc_cont_image\" rel=\"nofollow noopener\" target=\"_blank\"><img decoding=\"async\" class=\"vc_image\" src=\"https:\/\/www.europesays.com\/it\/wp-content\/uploads\/2026\/09\/Leonardo_Fajardo-1788282830142.jpg--leonardo_fajardo.webp\"\/><\/a><\/p>\n<p><a href=\"https:\/\/www.sprintesport.it\/nazionali\/2026\/09\/02\/news\/ha-vinto-leuropeo-giocato-la-youth-league-e-ora-cambia-vita-il-talento-dellinter-va-tra-i-professionisti-758635\/?utm_source=VCMS_correlati\" class=\"vc_cont_image\" rel=\"nofollow noopener\" target=\"_blank\"><img decoding=\"async\" class=\"vc_image\" src=\"https:\/\/www.europesays.com\/it\/wp-content\/uploads\/2026\/09\/Lamine_Ballo-1788279602972.jpg--lamine_ballo.webp\"\/><\/a><\/p>\n<p><a href=\"https:\/\/www.sprintesport.it\/dilettanti\/2026\/09\/02\/news\/ha-giocato-per-12-anni-tra-milan-e-juventus-ora-scende-nei-dilettanti-il-difensore-rimane-ambizioso-758668\/?utm_source=VCMS_correlati\" class=\"vc_cont_image\" rel=\"nofollow noopener\" target=\"_blank\"><img decoding=\"async\" class=\"vc_image\" src=\"https:\/\/sprintesport.cdn.m33cloud.com\/resizer\/150\/-1\/true\/2026_09_02\/VIRTUS_FRANCAVILLA_SERIE_D_-_ALESSANDRO_CITI-1788304150289.jpg--virtus_francavilla_serie_d___alessandro_citi.webp?1788304150376\"\/><\/a><\/p>\n","protected":false},"excerpt":{"rendered":"Un cognome cos\u00ec arriva sempre qualche secondo prima. Paratici nel calcio italiano significa Juventus, Sampdoria, Tottenham, mercato ai&hellip;\n","protected":false},"author":3,"featured_media":661225,"comment_status":"","ping_status":"","sticky":false,"template":"","format":"standard","meta":{"footnotes":"","_share_on_mastodon":"0"},"categories":[1452],"tags":[721,63904,2263,1740,32815,1537,90,89,558,63905,196165,987,43518,1739,245,244,48385],"class_list":["post-661224","post","type-post","status-publish","format-standard","has-post-thumbnail","category-calcio","tag-calcio","tag-fabio-paratici","tag-fiorentina","tag-football","tag-gian-piero-gasperini","tag-it","tag-italia","tag-italy","tag-juventus","tag-lorenzo-paratici","tag-primavera-1","tag-roma","tag-sampdoria","tag-soccer","tag-sport","tag-sports","tag-under-18"],"share_on_mastodon":{"url":"https:\/\/pubeurope.com\/@it\/117200944259140685","error":""},"_links":{"self":[{"href":"https:\/\/www.europesays.com\/it\/wp-json\/wp\/v2\/posts\/661224","targetHints":{"allow":["GET"]}}],"collection":[{"href":"https:\/\/www.europesays.com\/it\/wp-json\/wp\/v2\/posts"}],"about":[{"href":"https:\/\/www.europesays.com\/it\/wp-json\/wp\/v2\/types\/post"}],"author":[{"embeddable":true,"href":"https:\/\/www.europesays.com\/it\/wp-json\/wp\/v2\/users\/3"}],"replies":[{"embeddable":true,"href":"https:\/\/www.europesays.com\/it\/wp-json\/wp\/v2\/comments?post=661224"}],"version-history":[{"count":0,"href":"https:\/\/www.europesays.com\/it\/wp-json\/wp\/v2\/posts\/661224\/revisions"}],"wp:featuredmedia":[{"embeddable":true,"href":"https:\/\/www.europesays.com\/it\/wp-json\/wp\/v2\/media\/661225"}],"wp:attachment":[{"href":"https:\/\/www.europesays.com\/it\/wp-json\/wp\/v2\/media?parent=661224"}],"wp:term":[{"taxonomy":"category","embeddable":true,"href":"https:\/\/www.europesays.com\/it\/wp-json\/wp\/v2\/categories?post=661224"},{"taxonomy":"post_tag","embeddable":true,"href":"https:\/\/www.europesays.com\/it\/wp-json\/wp\/v2\/tags?post=661224"}],"curies":[{"name":"wp","href":"https:\/\/api.w.org\/{rel}","templated":true}]}}