{"id":661237,"date":"2026-09-02T10:27:19","date_gmt":"2026-09-02T10:27:19","guid":{"rendered":"https:\/\/www.europesays.com\/it\/661237\/"},"modified":"2026-09-02T10:27:19","modified_gmt":"2026-09-02T10:27:19","slug":"sonno-sotto-accusa-tre-verita-che-smontano-il-mito-del-recupero","status":"publish","type":"post","link":"https:\/\/www.europesays.com\/it\/661237\/","title":{"rendered":"Sonno sotto accusa: tre verit\u00e0 che smontano il mito del recupero"},"content":{"rendered":"<p><strong>I segreti del riposo: tre verit\u00e0 sul sonno che molti ignorano<\/strong> Un approfondimento del <strong>Washington Post<\/strong>, firmato dalla giornalista <strong>Lindsey Bever<\/strong>, mette in discussione idee consolidate sul dormire bene, smonta il mito del <strong>\u00absonno di recupero\u00bb<\/strong> ed esamina gli effetti profondi del riposo sulla salute fisica e mentale. <strong>Comprendere i meccanismi biologici<\/strong> che regolano il sonno significa andare oltre il semplice \u201cchiudere gli occhi\u201d e adottare abitudini capaci di sostenere il benessere complessivo.<\/p>\n<p><strong>Il falso mito del \u00absonno di recupero\u00bb e il debito di sonno<\/strong> La convinzione di poter compensare le notti corte della settimana con lunghe dormite nel weekend non regge alla prova dei fatti. Affidarsi al cosiddetto <strong>\u00absonno di recupero\u00bb<\/strong> non \u00e8 una strategia efficace: quando non si raggiunge il fabbisogno notturno, si accumula un vero <strong>debito di sonno<\/strong> che non si azzera con una sola mattinata trascorsa a letto. Anzi, prolungare il riposo fuori orario nel fine settimana altera il <strong>ritmo circadiano<\/strong> e pu\u00f2 generare una forma di <strong>\u00abjet lag sociale\u00bb<\/strong>, lasciandoci pi\u00f9 stanchi e disallineati all\u2019inizio della nuova settimana. A determinare energia e lucidit\u00e0 non \u00e8 la quantit\u00e0 di ore sommate in modo irregolare, ma la <strong>costanza di orari di addormentamento e risveglio<\/strong>.<\/p>\n<p><strong>Cervello al lavoro: memoria, apprendimento ed equilibrio emotivo<\/strong> Di notte il sistema nervoso non va in stand-by: il sonno adeguato sostiene le funzioni cognitive superiori \u2014 <strong>memoria, attenzione, capacit\u00e0 di apprendere<\/strong> \u2014 e, nelle fasi pi\u00f9 profonde, il cervello rielabora le esperienze, consolida i ricordi e <strong>\u201cpulisce\u201d metaboliti<\/strong> accumulati durante la veglia. Il riposo \u00e8 inoltre cruciale per la <strong>regolazione emotiva<\/strong>: la deprivazione cronica altera l\u2019attivit\u00e0 dell\u2019<strong>amigdala<\/strong>, rendendo pi\u00f9 facile reagire in modo impulsivo, irritabile e vulnerabile allo stress. <strong>Continuit\u00e0 e profondit\u00e0 del sonno<\/strong> sono quindi leve essenziali per la salute psicologica e per un sistema immunitario efficiente.<\/p>\n<p><strong>Le ricadute sulla salute: metabolismo, diabete e cuore<\/strong> La carenza protratta di sonno non provoca soltanto spossatezza diurna. Le evidenze indicano un aumento del rischio di patologie croniche: maggiore predisposizione all\u2019<strong>obesit\u00e0<\/strong>, favorita dallo squilibrio degli ormoni che regolano fame e saziet\u00e0; incremento dell\u2019incidenza del <strong>diabete di tipo 2<\/strong>, per alterazioni della sensibilit\u00e0 all\u2019insulina; e seri pericoli <strong>cardiovascolari<\/strong>, dall\u2019<strong>ipertensione<\/strong> ad altre malattie del cuore e dei vasi. L\u2019<strong>apparato cardiocircolatorio<\/strong> ha bisogno delle ore notturne per rallentare, ridurre la pressione e riparare i tessuti: negare stabilmente questo tempo di recupero significa imporre uno <strong>stress continuo<\/strong> e potenzialmente dannoso.<\/p>\n<p><strong>Come proteggere il sonno: igiene quotidiana e ritmi regolari<\/strong> Invertire la rotta richiede un approccio proattivo. Oltre alla regolarit\u00e0 degli orari, \u00e8 <strong>decisivo coltivare un\u2019igiene del sonno rigorosa<\/strong>: <strong>routine serale distensiva<\/strong>; <strong>camera fresca, silenziosa e buia<\/strong>; <strong>dispositivi elettronici spenti almeno un\u2019ora prima di coricarsi<\/strong>, poich\u00e9 la luce blu inibisce la produzione di <strong>melatonina<\/strong>, l\u2019ormone che segnala al corpo che \u00e8 tempo di dormire. <strong>Allineare i ritmi di vita alle esigenze biologiche<\/strong> trasforma il riposo notturno da abitudine trascurata a strumento concreto di prevenzione e benessere quotidiano.<\/p>\n<p><img loading=\"lazy\" decoding=\"async\" src=\"https:\/\/www.europesays.com\/it\/wp-content\/uploads\/2026\/09\/ChatGPT_Image_1_set_2026,_19_34_05-1788284055355.webp\" alt=\"\" width=\"1199\" height=\"1312\" caption=\"false\"\/><\/p>\n","protected":false},"excerpt":{"rendered":"I segreti del riposo: tre verit\u00e0 sul sonno che molti ignorano Un approfondimento del Washington Post, firmato dalla&hellip;\n","protected":false},"author":3,"featured_media":661238,"comment_status":"","ping_status":"","sticky":false,"template":"","format":"standard","meta":{"footnotes":"","_share_on_mastodon":"0"},"categories":[175],"tags":[2131,341344,60994,239,364594,1537,90,89,364593,120426,335175,240,1718,3714,58194],"class_list":["post-661237","post","type-post","status-publish","format-standard","has-post-thumbnail","category-salute","tag-amigdala","tag-debito-di-sonno","tag-diabete-di-tipo-2","tag-health","tag-igiene-del-sonno","tag-it","tag-italia","tag-italy","tag-lindsey-bever","tag-melatonina","tag-ritmo-circadiano","tag-salute","tag-sonno","tag-washington","tag-washington-post"],"share_on_mastodon":{"url":"https:\/\/pubeurope.com\/@it\/117200975496203621","error":""},"_links":{"self":[{"href":"https:\/\/www.europesays.com\/it\/wp-json\/wp\/v2\/posts\/661237","targetHints":{"allow":["GET"]}}],"collection":[{"href":"https:\/\/www.europesays.com\/it\/wp-json\/wp\/v2\/posts"}],"about":[{"href":"https:\/\/www.europesays.com\/it\/wp-json\/wp\/v2\/types\/post"}],"author":[{"embeddable":true,"href":"https:\/\/www.europesays.com\/it\/wp-json\/wp\/v2\/users\/3"}],"replies":[{"embeddable":true,"href":"https:\/\/www.europesays.com\/it\/wp-json\/wp\/v2\/comments?post=661237"}],"version-history":[{"count":0,"href":"https:\/\/www.europesays.com\/it\/wp-json\/wp\/v2\/posts\/661237\/revisions"}],"wp:featuredmedia":[{"embeddable":true,"href":"https:\/\/www.europesays.com\/it\/wp-json\/wp\/v2\/media\/661238"}],"wp:attachment":[{"href":"https:\/\/www.europesays.com\/it\/wp-json\/wp\/v2\/media?parent=661237"}],"wp:term":[{"taxonomy":"category","embeddable":true,"href":"https:\/\/www.europesays.com\/it\/wp-json\/wp\/v2\/categories?post=661237"},{"taxonomy":"post_tag","embeddable":true,"href":"https:\/\/www.europesays.com\/it\/wp-json\/wp\/v2\/tags?post=661237"}],"curies":[{"name":"wp","href":"https:\/\/api.w.org\/{rel}","templated":true}]}}