{"id":661247,"date":"2026-09-02T10:32:15","date_gmt":"2026-09-02T10:32:15","guid":{"rendered":"https:\/\/www.europesays.com\/it\/661247\/"},"modified":"2026-09-02T10:32:15","modified_gmt":"2026-09-02T10:32:15","slug":"allarme-maranza-in-vacanza-prigionieri-dei-vandali-della-movida-i-genitori-devono-pagare-i-danni","status":"publish","type":"post","link":"https:\/\/www.europesays.com\/it\/661247\/","title":{"rendered":"Allarme maranza in vacanza, prigionieri dei vandali della movida: \u201cI genitori devono pagare i danni\u201d"},"content":{"rendered":"<p>Pesaro, 2 settembre 2026 \u2013\u00a0<strong>Un cocktail tos<\/strong><strong>sico<\/strong> di <strong>noia, alcol e spavalderia da social network.<\/strong> La chiamano \u201cmovida\u201d, ma assomiglia sempre pi\u00f9 a un bollettino di guerra. Weekend dopo weekend: \u00e8 la firma dei <strong>baby vandali, <\/strong>un\u2019onda d\u2019urto di teppismo giovanile che sta mandando in cortocircuito le notti (brave) della riviera Adriatica. Da Pesaro ai Lidi Ferraresi, passando per quelli <strong>ravennati.<\/strong> E proprio la citt\u00e0 di Rossini \u00e8 stata protagonista dei telegiornali nazionali in questi giorni, per gli episodi dell\u2019ultimo fine settimana.<\/p>\n<p>Approfondisci:<\/p>\n<p><a href=\"https:\/\/www.ilrestodelcarlino.it\/pesaro\/cronaca\/notti-brave-e-furto-di-9dee359f\" class=\"ArticleEmbed_article__embed__content__Jzqnz\" rel=\"nofollow noopener\" target=\"_blank\">Notti brave e furto di auto: &#8220;Presi i teppisti della citt\u00e0&#8221;<img alt=\"Notti brave e furto di auto: &quot;Presi i teppisti della citt\u00e0&quot;\" loading=\"lazy\" width=\"140\" height=\"78\" decoding=\"async\" data-nimg=\"1\" style=\"color:transparent\"  src=\"https:\/\/www.europesays.com\/it\/wp-content\/uploads\/2026\/09\/notti-brave-e-furto-di-auto-presi-i-teppisti-della-citta.webp\"\/><\/a><br \/>\nMaranza in azione\u00a0 <\/p>\n<p>Il copione: <strong>ombrelloni e lettini danneggiati, cartelloni pubblicitari sfondati a calci, arredi urbani devastati e schiamazzi <\/strong>che tirano all\u2019alba. Il film dell\u2019incivilt\u00e0 \u00e8 iniziato la notte tra venerd\u00ec 28 e sabato 29 agosto con tre giovani ripresi da telecamere e cellulari mentre distruggevano tutto ci\u00f2 che si trovavano davanti in zona mare. Ed \u00e8 proseguito\u00a0con danneggiamenti in spiaggia e schiamazzi, oltre al furto di un\u2019auto nella notte tra sabato e domenica.<\/p>\n<p> <img alt=\"Lettini e ombrelloni danneggiati dai vandali\" loading=\"lazy\" width=\"1600\" height=\"1066\" decoding=\"async\" data-nimg=\"1\" style=\"color:transparent;max-width:100%;height:auto\"   src=\"https:\/\/www.europesays.com\/it\/wp-content\/uploads\/2026\/09\/lettini-e-ombrelloni-danneggiati-dai-vandali.webp\"\/><\/p>\n<p>Lettini e ombrelloni danneggiati dai vandali<\/p>\n<p>Tre vandali individuati <\/p>\n<p><strong>Tre di loro, <\/strong>sono stati<strong> individuati <\/strong>ieri in serata. \u201cSono stati<strong> identificati i responsabili della serie di vandalismi<\/strong> che hanno interessato Pesaro nell\u2019ultimo fine settimana, tra il 28 e il 31 agosto\u201d. Lo annuncia il sindaco di Pesaro<strong> Andrea Biancani<\/strong> che spiega: \u201cUn\u2019attivit\u00e0 d\u2019indagine rapida e coordinata, resa possibile dalla stretta collaborazione tra Questura, forze dell\u2019ordine e polizia locale, con il supporto determinante del sistema di videosorveglianza del Comune di Pesaro\u201d.<\/p>\n<p>Approfondisci:<\/p>\n<p><a href=\"https:\/\/www.ilrestodelcarlino.it\/pesaro\/cronaca\/clara-rossi-sorella-valentino-intervista-graziano-gvugvr7u\" class=\"ArticleEmbed_article__embed__content__Jzqnz\" rel=\"nofollow noopener\" target=\"_blank\">Clara Rossi: \u201cNon chiamatemi solo \u2018sorella di Vale\u2019. Pap\u00e0 Graziano? Gli voglio bene\u201d<img alt=\"Clara Rossi: \u201cNon chiamatemi solo \u2018sorella di Vale\u2019. Pap\u00e0 Graziano? Gli voglio bene\u201d\" loading=\"lazy\" width=\"140\" height=\"78\" decoding=\"async\" data-nimg=\"1\" style=\"color:transparent\"  src=\"https:\/\/www.europesays.com\/it\/wp-content\/uploads\/2026\/09\/clara-rossi-in-arte-clari-29-anni-cantante-e-sorella-di-valentino-rossi-figlia-di-graziano-a-destra-.webp\"\/><\/a><br \/>\n\u201cLe immagini delle telecamere\u00a0hanno consentito agli investigatori di ricostruire gli spostamenti&#8221; <\/p>\n<p>Gli autori sono tre giovani pesaresi, <strong>due maggiorenni e un minorenne.<\/strong> Ricordiamo che il gruppo aveva danneggiato a calci diversi pannelli pubblicitari per poi spostarsi nel centro storico, dove erano stati presi di mira alcuni scooter in sosta. \u201c<strong>Le immagini delle telecamere pubbliche e private<\/strong> hanno <strong>consentito agli investigatori di ricostruire gli spostamenti <\/strong>e individuare i responsabili\u201d.<\/p>\n<p>Approfondisci:<\/p>\n<p><a href=\"https:\/\/www.ilrestodelcarlino.it\/pesaro\/cronaca\/linea-dura-maranza-vandali-xazcyu8p\" class=\"ArticleEmbed_article__embed__content__Jzqnz\" rel=\"nofollow noopener\" target=\"_blank\">Scatta la linea dura anti maranza in spiaggia, notti brave e danni sul lungomare: \u201cStangata alle famiglie dei vandali\u201d<img alt=\"Scatta la linea dura anti maranza in spiaggia, notti brave e danni sul lungomare: \u201cStangata alle famiglie dei vandali\u201d\" loading=\"lazy\" width=\"140\" height=\"78\" decoding=\"async\" data-nimg=\"1\" style=\"color:transparent\"  src=\"https:\/\/www.europesays.com\/it\/wp-content\/uploads\/2026\/09\/i-cartelloni-pubblicitari-presi-a-calci-da-tre-ragazzi-la-movida-sul-lungomare-nazario-sauro-ripresa.webp\"\/><\/a><br \/>\nFurto di un\u2019auto e inseguimento <\/p>\n<p><strong>E, come se<\/strong> non bastasse, la notte successiva, tra sabato 29 e domenica 30 agosto, tre giovani sono stati intercettati dalle forze dell\u2019ordine dopo il furto di un\u2019auto. Ne \u00e8 nato un <strong>inseguimento<\/strong> terminato con lo schianto contro un muro e l\u2019intervento della polizia, che li ha poi arrestati. Gli accertamenti successivi hanno permesso di verificare che<strong> due dei giovani fermati <\/strong>\u2013 un maggiorenne e un minorenne, entrambi residenti a Pesaro \u2013 erano<strong> gli stessi coinvolti nei vandalismi<\/strong> della notte precedente.<\/p>\n<p>Vertice convocato dal Prefetto <\/p>\n<p>Per fare il punto sull\u2019escalation e lanciare una contromisura organica, luned\u00ec si \u00e8 tenuto un vertice di emergenza, convocato dal Prefetto di Pesaro e Urbino, <strong>Emanuela Saveria Greco<\/strong>. Che ha sottolineato la ferma volont\u00e0 di non limitarsi alla sola repressione, ma di attaccare il fenomeno su pi\u00f9 fronti, partendo dal nucleo della questione:<strong> la famiglia e l\u2019educazione.<\/strong> Greco ha sottolineato con forza \u201cla necessit\u00e0 di coinvolgere direttamente i genitori dei minori coinvolti nelle scorribande, ricordando l\u2019importanza della responsabilizzazione familiare anche sul piano delle sanzioni e dei risarcimenti per i danni causati dai figli\u201d.<\/p>\n<p>Il caso dei Lidi Ferraresi <img alt=\"Le baby gang ai Lidi. Fabbri: &quot;Cari sindaci, non siate ipocriti&quot;\" loading=\"lazy\" width=\"1472\" height=\"1088\" decoding=\"async\" data-nimg=\"1\" style=\"color:transparent;max-width:100%;height:auto\"   src=\"https:\/\/www.europesays.com\/it\/wp-content\/uploads\/2026\/09\/le-baby-gang-ai-lidi-fabbri-cari-sindaci-non-siate-ipocriti.webp\"\/><\/p>\n<p>Ferrara, il primo cittadino pungola i colleghi dell\u2019Emilia-Romagna &#8220;Il problema maranza esiste ed \u00e8 grosso: serve un giro di vite&#8221;.<\/p>\n<p><strong>Una cartolina<\/strong> fotocopia \u00e8 quella che stanno mostrando i <strong>Lidi Ferraresi<\/strong>, in particolare<strong> Lido di Spina e Lido degli Estensi,<\/strong> da settimane teatro di sistematici raid notturni e all\u2019alba. Qui le spiagge si trasformano ogni notte nel terreno di sfogo di veri e propri sciami di vandali. I danni materiali per i balneari sono enormi: intere prime file di ombrelloni strappati e divelti, pali spezzati a met\u00e0, lettini distrutti o accatastati per gioco a formare precari \u2019castelli di carte\u2019.<\/p>\n<p>Per i gestori degli stabilimenti la misura \u00e8 colma, dalle Marche all\u2019Emilia Romagna. Oltre alla devastazione economica, l\u2019incivilt\u00e0 costringe gli operatori a <strong>perdere preziose ore di lavoro ogni mattina all\u2019alba per ripristinare le strutture prima dell\u2019arrivo dei bagnanti.<\/strong> Una difesa disperata per presidiare il territorio di fronte a un fenomeno sociale che richiede ormai una risposta corale e incisiva da parte di tutte le istituzioni.<\/p>\n","protected":false},"excerpt":{"rendered":"Pesaro, 2 settembre 2026 \u2013\u00a0Un cocktail tossico di noia, alcol e spavalderia da social network. La chiamano \u201cmovida\u201d,&hellip;\n","protected":false},"author":3,"featured_media":661248,"comment_status":"","ping_status":"","sticky":false,"template":"","format":"standard","meta":{"footnotes":"","_share_on_mastodon":"0"},"categories":[79],"tags":[2271,14,93,94,822,2753,1537,90,89,75556,94682,7,15,14283,4515,11,84,91,12,85,92,2100,45054],"class_list":["post-661247","post","type-post","status-publish","format-standard","has-post-thumbnail","category-italia","tag-allarme","tag-cronaca","tag-cronaca-italiana","tag-cronacaitaliana","tag-devono","tag-genitori","tag-it","tag-italia","tag-italy","tag-maranza","tag-movida","tag-news","tag-notizie","tag-pagare","tag-prigionieri","tag-ultime-notizie","tag-ultime-notizie-e-news-di-oggi","tag-ultime-notizie-italia","tag-ultimenotizie","tag-ultimenotizieenewsdioggi","tag-ultimenotizieitalia","tag-vacanza","tag-vandali"],"share_on_mastodon":{"url":"https:\/\/pubeurope.com\/@it\/117200995390096906","error":""},"_links":{"self":[{"href":"https:\/\/www.europesays.com\/it\/wp-json\/wp\/v2\/posts\/661247","targetHints":{"allow":["GET"]}}],"collection":[{"href":"https:\/\/www.europesays.com\/it\/wp-json\/wp\/v2\/posts"}],"about":[{"href":"https:\/\/www.europesays.com\/it\/wp-json\/wp\/v2\/types\/post"}],"author":[{"embeddable":true,"href":"https:\/\/www.europesays.com\/it\/wp-json\/wp\/v2\/users\/3"}],"replies":[{"embeddable":true,"href":"https:\/\/www.europesays.com\/it\/wp-json\/wp\/v2\/comments?post=661247"}],"version-history":[{"count":0,"href":"https:\/\/www.europesays.com\/it\/wp-json\/wp\/v2\/posts\/661247\/revisions"}],"wp:featuredmedia":[{"embeddable":true,"href":"https:\/\/www.europesays.com\/it\/wp-json\/wp\/v2\/media\/661248"}],"wp:attachment":[{"href":"https:\/\/www.europesays.com\/it\/wp-json\/wp\/v2\/media?parent=661247"}],"wp:term":[{"taxonomy":"category","embeddable":true,"href":"https:\/\/www.europesays.com\/it\/wp-json\/wp\/v2\/categories?post=661247"},{"taxonomy":"post_tag","embeddable":true,"href":"https:\/\/www.europesays.com\/it\/wp-json\/wp\/v2\/tags?post=661247"}],"curies":[{"name":"wp","href":"https:\/\/api.w.org\/{rel}","templated":true}]}}