{"id":661259,"date":"2026-09-02T10:46:18","date_gmt":"2026-09-02T10:46:18","guid":{"rendered":"https:\/\/www.europesays.com\/it\/661259\/"},"modified":"2026-09-02T10:46:18","modified_gmt":"2026-09-02T10:46:18","slug":"el-shaarawy-genoa-affare-fatto-il-faraone-torna-a-genova-16-anni-dopo","status":"publish","type":"post","link":"https:\/\/www.europesays.com\/it\/661259\/","title":{"rendered":"El Shaarawy-Genoa, affare fatto: il Faraone torna a Genova 16 anni dopo"},"content":{"rendered":"<p>                                L&#8217;attaccante esord\u00ec in Serie A proprio con il Grifone: era il lontano 2008, al Bentegodi contro il Chievo, lanciato da Gasperini. E da domani sar\u00e0 di nuovo rossobl\u00f9<\/p>\n<p class=\"paragraph\" spellcheck=\"true\">&#8220;Amici mai&#8221;? Non esattamente. Anzi, \u00e8 proprio vero che &#8220;certi amori non finiscono, fanno dei giri immensi e poi ritornano&#8221;. E allora ci aveva visto lungo Antonello Venditti, seppur inconsapevole, anche per quanto riguarda la storia d&#8217;amore tra il Genoa e Stephan El Shaarawy. Perch\u00e9 dopo 16 anni lontano dalla Liguria in cui \u00e8 nato e &#8220;giri immensi&#8221; tra Padova, Milano, Montecarlo, Roma, Shanghai e ancora Roma, il Faraone \u00e8 pronto ad indossare nuovamente il rossobl\u00f9. Il calciomercato ha ufficialmente chiuso nella serata di ieri, ma spazio e tempo per inserire in rosa uno svincolato (di lusso) ci sono ancora. E l&#8217;accordo tra il Grifone ed El Shaarawy \u00e8 cosa fatta. L&#8217;annuncio arriver\u00e0 tra il pomeriggio di oggi e la giornata di domani, e non \u00e8 da escludere nemmeno una convocazione &#8211; simbolica &#8211; per la partita in programma venerd\u00ec sera contro il Como. Anche se appare decisamente pi\u00f9 probabile che ElSha si sistemi in tribuna ad osservare i futuri compagni di squadra, con l&#8217;obiettivo di riacquisire quel ritmo partita un po&#8217; smarrito negli ultimi tre mesi per tornare subito protagonista.<\/p>\n<p>        tornato a casa\u2014 \u00a0<\/p>\n<p class=\"paragraph\" spellcheck=\"true\">Decisiva \u00e8 stata la volont\u00e0 di El Shaarawy stesso, che s\u00ec ha ricevuto altre proposte nelle ultime settimane (dalla ricca Arabia Saudita soprattutto) ma mai ha giocato al rialzo con la dirigenza rossobl\u00f9. Troppo forte il desiderio di tornare a casa &#8211; Stephan \u00e8 nato a Savona ma cresciuto a Genova -, troppo grande la curiosit\u00e0 di ritrovare l&#8217;amico Daniele De Rossi, non pi\u00f9 come compagno di squadra ma nuovamente come allenatore.\u00a0<\/p>\n<p class=\"paragraph\" spellcheck=\"true\">Cos\u00ec il cerchio si chiude: il Faraone esord\u00ec in Serie A proprio con la maglia del Genoa nel lontanissimo 2008, appena prima di Natale, lanciato da Gasperini al posto di Bosko Jankovic nel finale della partita vinta al Bentegodi con gol allo scadere di Ruben &#8220;El Pollo&#8221; Olivera. Poi un altro paio di presenze nella stagione successiva contro Juventus e Bari mentre si divideva tra prima squadra e Primavera, il proficuo prestito al Padova con cui sfior\u00f2 la clamorosa promozione in Serie A sfumata solo in finale playoff e la discussa cessione dal Genoa al Milan per la cifra record di 20 milioni circa, l&#8217;esplosione e un lungo girovagare. Che tra oggi e domani riporter\u00e0 El Shaarawy al Genoa. Semplicemente a casa.<\/p>\n","protected":false},"excerpt":{"rendered":"L&#8217;attaccante esord\u00ec in Serie A proprio con il Grifone: era il lontano 2008, al Bentegodi contro il Chievo,&hellip;\n","protected":false},"author":3,"featured_media":661260,"comment_status":"","ping_status":"","sticky":false,"template":"","format":"standard","meta":{"footnotes":"","_share_on_mastodon":"0"},"categories":[1452],"tags":[77075,721,2206,1690,2730,13655,43332,364619,59170,7216,1426,1740,5301,6298,6236,364620,23941,217025,1537,90,89,959,364621,2737,87500,1290,38571,1821,13667,1739,245,244,1857],"class_list":["post-661259","post","type-post","status-publish","format-standard","has-post-thumbnail","category-calcio","tag-bentegodi","tag-calcio","tag-chiuso","tag-domani","tag-el","tag-el-shaarawy","tag-esordi","tag-esordi-serie","tag-faraone","tag-fatta","tag-finale","tag-football","tag-gasperini","tag-genoa","tag-giri","tag-giri-immensi","tag-grifone","tag-immensi","tag-it","tag-italia","tag-italy","tag-lanciato","tag-lanciato-gasperini","tag-nato","tag-nuovamente","tag-partita","tag-rossoblu","tag-serie","tag-shaarawy","tag-soccer","tag-sport","tag-sports","tag-squadra"],"share_on_mastodon":{"url":"https:\/\/pubeurope.com\/@it\/117201049263348890","error":""},"_links":{"self":[{"href":"https:\/\/www.europesays.com\/it\/wp-json\/wp\/v2\/posts\/661259","targetHints":{"allow":["GET"]}}],"collection":[{"href":"https:\/\/www.europesays.com\/it\/wp-json\/wp\/v2\/posts"}],"about":[{"href":"https:\/\/www.europesays.com\/it\/wp-json\/wp\/v2\/types\/post"}],"author":[{"embeddable":true,"href":"https:\/\/www.europesays.com\/it\/wp-json\/wp\/v2\/users\/3"}],"replies":[{"embeddable":true,"href":"https:\/\/www.europesays.com\/it\/wp-json\/wp\/v2\/comments?post=661259"}],"version-history":[{"count":0,"href":"https:\/\/www.europesays.com\/it\/wp-json\/wp\/v2\/posts\/661259\/revisions"}],"wp:featuredmedia":[{"embeddable":true,"href":"https:\/\/www.europesays.com\/it\/wp-json\/wp\/v2\/media\/661260"}],"wp:attachment":[{"href":"https:\/\/www.europesays.com\/it\/wp-json\/wp\/v2\/media?parent=661259"}],"wp:term":[{"taxonomy":"category","embeddable":true,"href":"https:\/\/www.europesays.com\/it\/wp-json\/wp\/v2\/categories?post=661259"},{"taxonomy":"post_tag","embeddable":true,"href":"https:\/\/www.europesays.com\/it\/wp-json\/wp\/v2\/tags?post=661259"}],"curies":[{"name":"wp","href":"https:\/\/api.w.org\/{rel}","templated":true}]}}