{"id":661292,"date":"2026-09-02T11:12:12","date_gmt":"2026-09-02T11:12:12","guid":{"rendered":"https:\/\/www.europesays.com\/it\/661292\/"},"modified":"2026-09-02T11:12:12","modified_gmt":"2026-09-02T11:12:12","slug":"grande-attesa-per-il-ritorno-di-scafati-in-serie-a-ecco-perche","status":"publish","type":"post","link":"https:\/\/www.europesays.com\/it\/661292\/","title":{"rendered":"Grande attesa per il ritorno di Scafati in Serie A: ecco perch\u00e9!"},"content":{"rendered":"<p>\t\t\t26<\/p>\n<p>Lo Scafati Basket ha presentato ufficialmente la squadra che sar\u00e0 chiamata ad affrontare il prossimo <a href=\"https:\/\/www.liratv.it\/news\/sport\/salernitana-ecco-la-rosa-dopo-il-mercato\/\" rel=\"nofollow noopener\" target=\"_blank\">campionato di Serie A1 2026\/27<\/a>. La serata, condotta da Anna Pettinelli e Lucio Pierri, al PalaMangano, ha potuto contare sull\u2019intrattenimento per i tanti tifosi presenti da parte dei Soul Food Vocalist, ed ha celebrato il ritorno del club campano in massima serie dopo la promozione ottenuta la scorsa primavera. \u00a0Il patron Nello Longobardi ha sottolineato che la societ\u00e0 ha affrontato investimenti importanti per allestire un roster competitivo in una realt\u00e0 sempre pi\u00f9 livellata verso l\u2019alto: \u201cSar\u00e0 il campionato tecnicamente pi\u00f9 forte e difficile degli ultimi anni \u2013 ha detto il numero uno del club gialloblu \u2013 ma abbiamo lavorato tanto per farci trovare pronti. A Scafati arriveranno i top team della pallacanestro italiana, da Milano a Bologna fino alle due romane tanto per citarne qualcuna. Sar\u00e0 una vetrina importante per il territorio e una sfida per tutti noi. Abbiamo allestito un roster adeguato, con investimenti importanti, per far fronte al campionato di serie A\u201d. \u00a0Scafati avr\u00e0 la possibilit\u00e0 di ospitare nuovamente le grandi potenze della pallacanestro italiana come Milano, Bologna e le due nuove realt\u00e0 romane, proiettate verso la NBA Europe. Il campionato inizier\u00e0 il prossimo 27 settembre con la trasferta di Udine e coach Bucchi ed il suo staff stanno cercando di lavorare sodo affinch\u00e8 la squadra si presenti nelle migliori condizioni possibili sin dal debutto. \u00a0Lo scrimmage con Avellino \u00e8 durato solo due quarti, ma ha rappresentato un altro passaggio della <a href=\"https:\/\/www.liratv.it\/news\/sport\/salerno-guiscards-inizia-una-nuova-settimana-di-lavoro\/\" rel=\"nofollow noopener\" target=\"_blank\">preparazione<\/a> delle due squadre, entrambe ancora appesantite dai carichi di lavoro di queste prime settimane. Gli staff si sono concentrati soprattutto su rotazioni, condizione fisica e primi automatismi da sistemare. Scafati ha fatto valere la maggiore fisicit\u00e0 sotto canestro ed \u00e8 parsa pi\u00f9 avanti rispetto agli irpini, pur avendo ancora tante cose da mettere a punto.<\/p>\n","protected":false},"excerpt":{"rendered":"26 Lo Scafati Basket ha presentato ufficialmente la squadra che sar\u00e0 chiamata ad affrontare il prossimo campionato di&hellip;\n","protected":false},"author":3,"featured_media":661293,"comment_status":"","ping_status":"","sticky":false,"template":"","format":"standard","meta":{"footnotes":"","_share_on_mastodon":"0"},"categories":[1453],"tags":[351165,1756,1757,364657,364658,1537,90,89,364659,297218,31001,82080,18406,364660,245,244],"class_list":["post-661292","post","type-post","status-publish","format-standard","has-post-thumbnail","category-basket","tag-eseiprotagonista","tag-basket","tag-basketball","tag-campionato-di-basket","tag-coach-bucchi","tag-it","tag-italia","tag-italy","tag-nello-longobardi","tag-palamangano","tag-scafati","tag-scafati-basket","tag-serie-a1","tag-soul-food-vocalist","tag-sport","tag-sports"],"share_on_mastodon":{"url":"https:\/\/pubeurope.com\/@it\/117201151512658287","error":""},"_links":{"self":[{"href":"https:\/\/www.europesays.com\/it\/wp-json\/wp\/v2\/posts\/661292","targetHints":{"allow":["GET"]}}],"collection":[{"href":"https:\/\/www.europesays.com\/it\/wp-json\/wp\/v2\/posts"}],"about":[{"href":"https:\/\/www.europesays.com\/it\/wp-json\/wp\/v2\/types\/post"}],"author":[{"embeddable":true,"href":"https:\/\/www.europesays.com\/it\/wp-json\/wp\/v2\/users\/3"}],"replies":[{"embeddable":true,"href":"https:\/\/www.europesays.com\/it\/wp-json\/wp\/v2\/comments?post=661292"}],"version-history":[{"count":0,"href":"https:\/\/www.europesays.com\/it\/wp-json\/wp\/v2\/posts\/661292\/revisions"}],"wp:featuredmedia":[{"embeddable":true,"href":"https:\/\/www.europesays.com\/it\/wp-json\/wp\/v2\/media\/661293"}],"wp:attachment":[{"href":"https:\/\/www.europesays.com\/it\/wp-json\/wp\/v2\/media?parent=661292"}],"wp:term":[{"taxonomy":"category","embeddable":true,"href":"https:\/\/www.europesays.com\/it\/wp-json\/wp\/v2\/categories?post=661292"},{"taxonomy":"post_tag","embeddable":true,"href":"https:\/\/www.europesays.com\/it\/wp-json\/wp\/v2\/tags?post=661292"}],"curies":[{"name":"wp","href":"https:\/\/api.w.org\/{rel}","templated":true}]}}