{"id":661295,"date":"2026-09-02T11:14:18","date_gmt":"2026-09-02T11:14:18","guid":{"rendered":"https:\/\/www.europesays.com\/it\/661295\/"},"modified":"2026-09-02T11:14:18","modified_gmt":"2026-09-02T11:14:18","slug":"eleonora-pedron-e-fabio-troiano-la-romantica-vacanza-a-new-york","status":"publish","type":"post","link":"https:\/\/www.europesays.com\/it\/661295\/","title":{"rendered":"Eleonora Pedron e Fabio Troiano: la romantica vacanza a New York"},"content":{"rendered":"<p>                                La coppia si sta godendo la Grande Mela tra romantiche passeggiate, grattacieli, relax e progetti futuri<\/p>\n<p>                    2 settembre &#8211; 10:15  &#8211; MILANO<\/p>\n<p class=\"paragraph\" spellcheck=\"true\"><b>New York<\/b> fa da sempre sfondo per i grandi amori, e quello tra <a href=\"https:\/\/www.gazzetta.it\/spettacolo-tv-gossip\/21-08-2026\/eleonora-pedron-cosa-fa-oggi-l-ex-compagna-di-max-biaggi.shtml?intcmp=hyperlink-articolo-gazit\" title=\"Eleonora Pedron: \" la=\"\" mia=\"\" non=\"\" una=\"\" famiglia=\"\" allargata=\"\" ma=\"\" fabio=\"\" e=\"\" max=\"\" biaggi=\"\" si=\"\" rispettano=\"\" rel=\"nofollow noopener\" target=\"_blank\">Eleonora Pedron e Fabio Troiano<\/a> non fa eccezione. La splendida <b>ex Miss Italia<\/b> e l&#8217;attore si sono regalati una <b>fuga romantica nella Grande Mela<\/b>, documentando il viaggio sui social con scatti da cartolina. Tra le luci scintillanti di Manhattan viste dal ponte di Brooklyn, passeggiate nei quartieri pi\u00f9 iconici e momenti di pura spensieratezza &#8211; inclusi i musei e un classico hamburger americano -, la coppia <b>appare pi\u00f9 affiatata che mai dopo ben sette anni d&#8217;amore<\/b>.<\/p>\n<p>    eleonora pedron e fabio troiano a new york\u2014 \u00a0<\/p>\n<p class=\"paragraph is-inline\" spellcheck=\"true\">La vacanza americana \u00e8 stata anche l&#8217;occasione per staccare la spina e <b>concedersi un po&#8217; di sano relax<\/b>, come testimoniano le foto che li immortalano in accappatoio, pronti per una pausa di benessere in hotel. Un vero e proprio pieno di energia per la showgirl, che non ha nascosto il suo <b>profondo legame con la metropoli<\/b>: &#8220;New York, la mia dose di energia. <b>Ogni volta, come fosse la prima<\/b>&#8220;, ha scritto la Pedron a corredo del carosello di immagini condiviso su Instagram, conquistando immediatamente i cuori dei fan.<\/p>\n<p>        <img decoding=\"async\" loading=\"lazy\" alt=\"\" src=\"https:\/\/dimages2.gazzettaobjects.it\/files\/image_527_789_h\/uploads\/2026\/09\/02\/6a97d91d1add7.png\" data-full-src=\"https:\/\/www.europesays.com\/it\/wp-content\/uploads\/2026\/09\/6a97d91d1add7.png\"\/><\/p>\n<p>    matrimonio in vista? non ancora\u2014 \u00a0<\/p>\n<p class=\"paragraph is-inline\" spellcheck=\"true\">Nonostante la solida unione che va avanti dal 2019, l<b>a questione matrimonio sembra non essere una priorit\u00e0 per la coppia<\/b>. Ospite del podcast di Luca Zaia poco tempo fa, l&#8217;ex reginetta di bellezza ha ammesso di <b>non sentire il &#8220;s\u00ec&#8221; come un bisogno essenziale<\/b>, pur ricordando i sogni d&#8217;infanzia legati all&#8217;abito bianco. Mamma di <b>Ines<\/b> e <b>Leon<\/b> (nati dalla <b>passata relazione con Max Biaggi<\/b>), Eleonora ha ribadito una grande verit\u00e0: quando c&#8217;\u00e8 un equilibrio cos\u00ec profondo, quello \u00e8 gi\u00e0, a tutti gli effetti, un gran bel matrimonio.<\/p>\n<p class=\"is-above-copyright is-mr-r-10\" spellcheck=\"true\">La Gazzetta dello Sport<\/p>\n<p class=\"is-copyright\">\u00a9 RIPRODUZIONE RISERVATA<\/p>\n","protected":false},"excerpt":{"rendered":"La coppia si sta godendo la Grande Mela tra romantiche passeggiate, grattacieli, relax e progetti futuri 2 settembre&hellip;\n","protected":false},"author":3,"featured_media":661296,"comment_status":"","ping_status":"","sticky":false,"template":"","format":"standard","meta":{"footnotes":"","_share_on_mastodon":"0"},"categories":[1451],"tags":[87,1621,1620,2235,23514,330292,364661,3566,203,15504,354790,2242,204,1537,90,89,8866,27766,11040,11041,26816,330291,364662,364663,354813,16860],"class_list":["post-661295","post","type-post","status-publish","format-standard","has-post-thumbnail","category-celebrita","tag-amore","tag-celebrita","tag-celebrities","tag-coppia","tag-eleonora","tag-eleonora-pedron","tag-eleonora-pedron-fabio","tag-energia","tag-entertainment","tag-fabio","tag-fabio-troiano","tag-fuga","tag-intrattenimento","tag-it","tag-italia","tag-italy","tag-matrimonio","tag-mela","tag-new","tag-new-york","tag-passeggiate","tag-pedron","tag-pedron-fabio","tag-pedron-fabio-troiano","tag-troiano","tag-york"],"share_on_mastodon":{"url":"https:\/\/pubeurope.com\/@it\/117201160273259313","error":""},"_links":{"self":[{"href":"https:\/\/www.europesays.com\/it\/wp-json\/wp\/v2\/posts\/661295","targetHints":{"allow":["GET"]}}],"collection":[{"href":"https:\/\/www.europesays.com\/it\/wp-json\/wp\/v2\/posts"}],"about":[{"href":"https:\/\/www.europesays.com\/it\/wp-json\/wp\/v2\/types\/post"}],"author":[{"embeddable":true,"href":"https:\/\/www.europesays.com\/it\/wp-json\/wp\/v2\/users\/3"}],"replies":[{"embeddable":true,"href":"https:\/\/www.europesays.com\/it\/wp-json\/wp\/v2\/comments?post=661295"}],"version-history":[{"count":0,"href":"https:\/\/www.europesays.com\/it\/wp-json\/wp\/v2\/posts\/661295\/revisions"}],"wp:featuredmedia":[{"embeddable":true,"href":"https:\/\/www.europesays.com\/it\/wp-json\/wp\/v2\/media\/661296"}],"wp:attachment":[{"href":"https:\/\/www.europesays.com\/it\/wp-json\/wp\/v2\/media?parent=661295"}],"wp:term":[{"taxonomy":"category","embeddable":true,"href":"https:\/\/www.europesays.com\/it\/wp-json\/wp\/v2\/categories?post=661295"},{"taxonomy":"post_tag","embeddable":true,"href":"https:\/\/www.europesays.com\/it\/wp-json\/wp\/v2\/tags?post=661295"}],"curies":[{"name":"wp","href":"https:\/\/api.w.org\/{rel}","templated":true}]}}