{"id":661318,"date":"2026-09-02T11:27:20","date_gmt":"2026-09-02T11:27:20","guid":{"rendered":"https:\/\/www.europesays.com\/it\/661318\/"},"modified":"2026-09-02T11:27:20","modified_gmt":"2026-09-02T11:27:20","slug":"juve-lagente-di-kessie-contro-carnevali-cosa-ha-detto","status":"publish","type":"post","link":"https:\/\/www.europesays.com\/it\/661318\/","title":{"rendered":"Juve, l&#8217;agente di Kessie contro Carnevali: cosa ha detto"},"content":{"rendered":"<p>                                In un lungo comunicato il procuratore del centrocampista, Atangana, punta il dito contro l&#8217;a.d bianconero: &#8220;Ha scelto il calciatore&#8221;. Per\u00f2 ringrazia Spalletti<\/p>\n<p>            <a class=\"image is-50x50\" href=\"https:\/\/www.gazzetta.it\/redazione\/matteo-nava\/\" rel=\"nofollow noopener\" target=\"_blank\"><br \/>\n                <img decoding=\"async\" class=\"is-rounded\" src=\"https:\/\/www.europesays.com\/it\/wp-content\/uploads\/2025\/11\/matteo_nava_avatar.png\" alt=\"Matteo Nava\"\/><br \/>\n            <\/a><\/p>\n<p>Giornalista<\/p>\n<p>                    2 settembre &#8211; 11:24  &#8211; MILANO<\/p>\n<p class=\"paragraph\" spellcheck=\"true\">Franck Kessie-Juventus non \u00e8 finita. O, meglio, la trattativa \u00e8 naufragata la scorsa settimana quando il centrocampista ha firmato per l&#8217;Atalanta, ma il caso \u00e8 ancora aperto. E tutto, di fatto, nasce dalle dichiarazioni dell&#8217;amministratore delegato bianconero Giovanni Carnevali che risalgono a sabato, prima di Juventus-Parma: &#8220;Si pensava che ci fosse la possibilit\u00e0 di chiudere l&#8217;operazione &#8211; aveva commentato -, ma probabilmente non era cos\u00ec il suo grande interesse a vestire la maglia della Juventus. O forse il procuratore ha curato i suoi interessi&#8230;&#8221;. Ecco, quest&#8217;ultima frase non \u00e8 piaciuta al diretto interessato, George Atangana, che ha diffuso un comunicato.<\/p>\n<p>    il comunicato\u2014 \u00a0<\/p>\n<p class=\"paragraph is-inline\" spellcheck=\"true\">&#8220;La trattativa &#8211; si legge nel comunicato di risposta- con la Juventus non \u00e8 nata negli ultimi giorni di mercato.  \u00c8 una storia iniziata molte settimane prima, quando Franck, scaduto il contratto, aveva sostanzialmente deciso che avrebbe voluto sposare il progetto Juventus.  Non \u00e8 stata una semplice dichiarazione d\u2019intenti. Franck ha dimostrato concretamente, con i fatti e con rinunce economiche enormi, quanto desiderasse vestire la maglia della Juventus. Ha detto no a diverse proposte provenienti da altri club, alcune delle quali a cifre che sarebbero state oggettivamente irrinunciabili per la quasi totalit\u00e0 dei calciatori. Ha mantenuto la volont\u00e0 di approdare alla Juventus nonostante avesse ricevuto offerte economicamente molto superiori rispetto a ci\u00f2 che avrebbe accettato dal club bianconero. Questo \u00e8 un punto fondamentale per comprendere tutta la vicenda. Franck non ha aspettato la Juventus perch\u00e9 non avesse alternative; ha aspettato per tutta l\u2019estate che la Juventus desse seguito al forte interesse manifestato nei suoi confronti, perch\u00e9 era convinto della sua scelta.  Nel seguire le indicazioni di Franck, ho lavorato con l\u2019obiettivo di trovare un accordo di mutua soddisfazione. Abbiamo compreso le esigenze del club, abbiamo accettato di aspettare e abbiamo dato alla Juventus il tempo necessario per effettuare alcune operazioni in uscita e creare le condizioni economiche e tecniche per formulare una proposta. Tutto questo, lo ripeto, per parecchie settimane, con pazienza, rispetto e discrezione.  Ma la proposta concreta della Juventus \u00e8 maturata soltanto negli ultimissimi giorni di mercato. E nonostante fosse sensibilmente inferiore rispetto alle condizioni inizialmente ipotizzate, avevo avuto l\u2019assenso del calciatore a rivedere le sue richieste, abbassandole proprio per andare incontro alle esigenze e alle difficolt\u00e0 della Juventus: la sua priorit\u00e0, a quel punto, non era massimizzare il proprio guadagno, ma andare alla Juventus.  Su queste basi si \u00e8 cercato da ambo i lati di trovare un compromesso accettabile, e, come pu\u00f2 accadere, pur con grande flessibilit\u00e0 da parte di Franck per trovare una soluzione compatibile con le esigenze finanziarie della Juventus, non si \u00e8 raggiunto un punto d\u2019equilibrio.   Ritenendo di aver fatto il massimo per andare incontro al club, consapevole del proprio percorso, del proprio valore e al tempo stesso delle rinunce fatte per mantenere la priorit\u00e0 data alla Juventus, Franck, alla fine di agosto, ha tratto alcune lecite e ragionevoli conclusioni sull\u2019effettiva determinazione del club nel volerlo. Era diventata una questione di considerazione, di fiducia nei suoi mezzi e, soprattutto, di dignit\u00e0.   C\u2019\u00e8 un proverbio africano che credo rappresenti perfettamente il senso di questa vicenda:\u00a0&#8220;Desiderare e apprezzare profondamente qualcosa non significa essere disposti ad accettarla a qualsiasi costo. Ogni cosa ha i suoi limiti&#8221;. Franck desiderava realmente la Juventus e lo ha dimostrato con i fatti, con l\u2019attesa e con importanti rinunce economiche. Ma desiderare una maglia non pu\u00f2 significare rinunciare alla propria dignit\u00e0 o alla considerazione che un professionista del suo percorso ritiene di meritare&#8221;.<\/p>\n<p>        pazienza finita\u2014 \u00a0<\/p>\n<p class=\"paragraph\" spellcheck=\"true\">&#8220;Nelle dichiarazioni pubbliche dell\u2019amministratore delegato della Juventus si \u00e8 fatto riferimento &#8211; continua Atangana -, oltre a probabili responsabilit\u00e0 dell\u2019agente, a una presunta mancanza di determinazione del giocatore nel voler vestire la maglia bianconera.  Rispetto naturalmente il diritto di ciascuno di esprimere la propria posizione, ma su questo punto ritengo necessario ristabilire i fatti.   Franck Kessi\u00e9 ha aspettato la Juventus per settimane, anche quando ci si sarebbe aspettati che, ferme le condizioni di cui ai paletti della sostenibilit\u00e0 finanziaria, il dialogo fosse mantenuto attivo per finalizzare le intese. Invece, solo negli ultimissimi giorni di mercato vi \u00e8 stata la disponibilit\u00e0 del club a sedersi concretamente a un tavolo.  Ogni club ha naturalmente il diritto di compiere le proprie valutazioni e stabilire le proprie priorit\u00e0. Ma anche un calciatore ha il diritto, a un certo punto, di fare lo stesso, e Franck, alla fine, ha visto confermata la progressiva percezione, che forse la convinzione nei suoi confronti non fosse quella che aveva immaginato per tutto il tempo in cui aveva aspettato la Juventus&#8221;.<\/p>\n<p>        nessuna influenza\u2014 \u00a0<\/p>\n<p class=\"paragraph\" spellcheck=\"true\">&#8220;Su questo voglio essere molto chiaro.  Franck Kessi\u00e9 \u00e8 un uomo e un calciatore di altissimo valore. Ha giocato e vinto ai massimi livelli internazionali, possiede personalit\u00e0, esperienza e una piena consapevolezza delle proprie decisioni. Non \u00e8 un uomo influenzabile e nessuno decide al posto suo.  Il compito di un agente, e a maggior ragione quello di un intermediario, non \u00e8 quello di convincere il calciatore ad accettare la proposta del club pur di concludere l\u2019operazione. Il compito \u00e8 consigliare, negoziare, aiutare a trovare un giusto equilibrio tra aspettative economiche e considerazioni tecniche di ambo le parti.   Per quanto mi riguarda, gli interessi dei miei assistiti vengono prima dei miei. Sempre.  La decisione di interrompere la trattativa \u00e8 arrivata quando, di fronte alle rigidit\u00e0 e alle difficolt\u00e0 incontrate, Franck ha ritenuto che non esistessero pi\u00f9 le condizioni per arrivare a una conclusione positiva; e questo \u00e8 nato dalla sensazione che fossero venute a mancare, o non fossero mai state del tutto presenti, convinzione e determinazione da parte della dirigenza del club.  Tengo, per\u00f2, a rivolgere un ringraziamento sincero all\u2019allenatore della Juventus, che ha dimostrato grande considerazione per Franck, motivandolo fortemente. \u00c8 stata una delle ragioni, se non la principale, per cui Franck \u00e8 rimasto disponibile fino all\u2019ultimo&#8221;.\u00a0<\/p>\n<p><a class=\"is-partner-link\" href=\"https:\/\/fantacampionato.gazzetta.it\/?intcmp=FC2627_CTArticolo2627\" rel=\"nofollow noopener\" target=\"_blank\">60 milioni di fantallenatori, un&#8217;unica classifica nazionale: sfida l&#8217;Italia intera su Fantacampionato! Oltre 340.000\u20ac di montepremi. Gioca ora!<\/a><\/p>\n<p>        la scelta dell&#8217;atalanta\u2014 \u00a0<\/p>\n<p class=\"paragraph\" spellcheck=\"true\">&#8220;Ed \u00e8 qui che questa storia cambia completamente significato.  Nella vita e nel calcio si incontrano persone capaci di ricordarti che, prima dei contratti, dei bonus e delle trattative, esistono i rapporti umani.  La famiglia Percassi aveva percepito il disagio del ragazzo. Conosce Franck, la sua storia, il suo carattere e i suoi valori.  Ha parlato con me e ha parlato con lui, e in quelle conversazioni non \u00e8 mai stato messo al centro l\u2019aspetto economico. Si \u00e8 parlato della storia tra Kessi\u00e9 e l\u2019Atalanta, del ragazzo arrivato a Bergamo tanti anni fa e dell\u2019uomo che \u00e8 diventato. Qualche volta sono proprio certi \u201cdettagli\u201d a fare la differenza.  Ai tifosi dell&#8217;Atalanta voglio dire una cosa: Franck Kessi\u00e9 non ha scelto l\u2019Atalanta perch\u00e9 non aveva alternative. \u00c8 importante dirlo con chiarezza. Ne aveva, anche da club prestigiosi e a condizioni economiche estremamente importanti.  Ha scelto Bergamo perch\u00e9 l\u00ec si \u00e8 sentito desiderato, rispettato e valorizzato; sia come persona sia come calciatore.  E soprattutto non ha dimenticato da dove \u00e8 partito e quanto abbia ricevuto.  Avrebbe potuto scegliere di tornare a Bergamo a 35 anni, alla fine della carriera, per chiudere romanticamente un cerchio. E sono convinto che la famiglia Percassi lo avrebbe accolto anche allora. Ha scelto invece di tornarci adesso, nel pieno della propria maturit\u00e0 calcistica, per provare a restituire qualcosa all\u2019Atalanta.  A tutti i tifosi bergamaschi rivolgiamo quindi un messaggio semplice e sincero: Franck \u00e8 tornato, con gratitudine verso il passato, rispetto per il presente e fiducia nel futuro&#8221;.<\/p>\n<p class=\"is-copyright\">\u00a9 RIPRODUZIONE RISERVATA<\/p>\n","protected":false},"excerpt":{"rendered":"In un lungo comunicato il procuratore del centrocampista, Atangana, punta il dito contro l&#8217;a.d bianconero: &#8220;Ha scelto il&hellip;\n","protected":false},"author":3,"featured_media":661319,"comment_status":"","ping_status":"","sticky":false,"template":"","format":"standard","meta":{"footnotes":"","_share_on_mastodon":"0"},"categories":[6],"tags":[8398,7169,3960,2901,316061,6964,6965,32,126977,34859,364669,569,329934,1687,10575,2281,6963,3153,5682,554,12576,2275,187282,3858,303886,4539,23442,26944,4162,14,15151,149769,10799,1102,5376,1107,2145,806,4937,9606,7976,1909,167584,4031,3593,846,97828,18233,8,2666,399,5292,6501,1537,90,89,558,364670,14653,2219,364671,92793,1412,39602,364672,9787,7,15,82,9,83,10,66,26060,1398,9608,20174,494,10802,1270,1702,8910,1567,13,2981,5186,11,80,84,12,81,85,63832,183629],"class_list":["post-661318","post","type-post","status-publish","format-standard","has-post-thumbnail","category-ultime-notizie","tag-accettato","tag-agente","tag-alcune","tag-alternative","tag-ambo","tag-amministratore","tag-amministratore-delegato","tag-andare","tag-andare-incontro","tag-aspettato","tag-aspettato-juventus","tag-atalanta","tag-atangana","tag-bergamo","tag-bianconero","tag-calciatore","tag-carnevali","tag-centrocampista","tag-chiudere","tag-club","tag-compito","tag-comunicato","tag-concretamente","tag-condizioni","tag-condizioni-economiche","tag-confronti","tag-considerazione","tag-convinto","tag-convinzione","tag-cronaca","tag-delegato","tag-desiderare","tag-determinazione","tag-dichiarazioni","tag-difficolta","tag-dignita","tag-dimostrato","tag-diritto","tag-economiche","tag-equilibrio","tag-esigenze","tag-famiglia","tag-famiglia-percassi","tag-fatti","tag-fiducia","tag-finita","tag-franck","tag-franck-kessie","tag-headlines","tag-importanti","tag-incontro","tag-interesse","tag-interessi","tag-it","tag-italia","tag-italy","tag-juventus","tag-juventus-dimostrato","tag-kessie","tag-maglia","tag-maglia-juventus","tag-mantenuto","tag-mercato","tag-naturalmente","tag-naturalmente-diritto","tag-necessario","tag-news","tag-notizie","tag-notizie-di-cronaca","tag-notizie-principali","tag-notiziedicronaca","tag-notizieprincipali","tag-parlato","tag-priorita","tag-proposta","tag-propria","tag-proprie","tag-punto","tag-rinunce","tag-rispetto","tag-scelto","tag-settimane","tag-storia","tag-titoli","tag-trattativa","tag-trovare","tag-ultime-notizie","tag-ultime-notizie-di-cronaca","tag-ultime-notizie-e-news-di-oggi","tag-ultimenotizie","tag-ultimenotiziedicronaca","tag-ultimenotizieenewsdioggi","tag-vestire","tag-vestire-maglia"],"share_on_mastodon":{"url":"","error":"Validation failed: Text character limit of 500 exceeded"},"_links":{"self":[{"href":"https:\/\/www.europesays.com\/it\/wp-json\/wp\/v2\/posts\/661318","targetHints":{"allow":["GET"]}}],"collection":[{"href":"https:\/\/www.europesays.com\/it\/wp-json\/wp\/v2\/posts"}],"about":[{"href":"https:\/\/www.europesays.com\/it\/wp-json\/wp\/v2\/types\/post"}],"author":[{"embeddable":true,"href":"https:\/\/www.europesays.com\/it\/wp-json\/wp\/v2\/users\/3"}],"replies":[{"embeddable":true,"href":"https:\/\/www.europesays.com\/it\/wp-json\/wp\/v2\/comments?post=661318"}],"version-history":[{"count":0,"href":"https:\/\/www.europesays.com\/it\/wp-json\/wp\/v2\/posts\/661318\/revisions"}],"wp:featuredmedia":[{"embeddable":true,"href":"https:\/\/www.europesays.com\/it\/wp-json\/wp\/v2\/media\/661319"}],"wp:attachment":[{"href":"https:\/\/www.europesays.com\/it\/wp-json\/wp\/v2\/media?parent=661318"}],"wp:term":[{"taxonomy":"category","embeddable":true,"href":"https:\/\/www.europesays.com\/it\/wp-json\/wp\/v2\/categories?post=661318"},{"taxonomy":"post_tag","embeddable":true,"href":"https:\/\/www.europesays.com\/it\/wp-json\/wp\/v2\/tags?post=661318"}],"curies":[{"name":"wp","href":"https:\/\/api.w.org\/{rel}","templated":true}]}}