{"id":66134,"date":"2025-08-24T12:42:09","date_gmt":"2025-08-24T12:42:09","guid":{"rendered":"https:\/\/www.europesays.com\/it\/66134\/"},"modified":"2025-08-24T12:42:09","modified_gmt":"2025-08-24T12:42:09","slug":"venezia-bimbo-di-un-anno-cade-dal-quinto-piano-di-un-palazzo-di-mestre-e-urta-una-tettoia-e-grave","status":"publish","type":"post","link":"https:\/\/www.europesays.com\/it\/66134\/","title":{"rendered":"Venezia, bimbo di un anno cade dal quinto piano di un palazzo di Mestre e urta una tettoia: \u00e8 grave"},"content":{"rendered":"<p>Un bambino di un anno e mezzo \u00e8 precipitato dal balcone al quinto piano di un palazzo a Mestre (Venezia), in corso del Popolo. Si \u00e8 infilato tra lastra di vetro smerigliato e l\u2019altra, cadendo poi ha urtato una tettoia in plastica, prima di finire sul terreno. \u00c8 successo ieri sera intorno alle 20.30. <\/p>\n<p>    <img decoding=\"async\" src=\"https:\/\/www.europesays.com\/it\/wp-content\/uploads\/2025\/08\/105900290-d42610f6-2cef-449d-a0ae-3c509b20d35d.jpg\" alt=\"Il balcone da cui \u00e8 caduto il piccolo\" class=\"lazyload\"\/><\/p>\n<p>      Il balcone da cui \u00e8 caduto il piccolo\u00a0<\/p>\n<p>\u00c8 stato trasportato dai sanitari del 118 all&#8217;ospedale di Padova, dove \u00e8 ricoverato in condizioni gravissime. Ancora da ricostruire la dinamica dell&#8217;accaduto: si sarebbe infilato tra le sbarre di ferro del parapetto, precipitando nel vuoto fino all&#8217;urto con la tettoia, finendo poi a terra.<\/p>\n<p>Secondo quanto riportato dalla stampa locale, la famiglia del bimbo \u00e8 di origini bengalesi e vive in quel condominio da circa dieci anni; in quel momento il padre era al lavoro, mentre in casa era presente la madre, ora sotto shock. I carabinieri stanno indagando per capire meglio la dinamica.<\/p>\n","protected":false},"excerpt":{"rendered":"Un bambino di un anno e mezzo \u00e8 precipitato dal balcone al quinto piano di un palazzo a&hellip;\n","protected":false},"author":3,"featured_media":66135,"comment_status":"","ping_status":"","sticky":false,"template":"","format":"standard","meta":{"footnotes":""},"categories":[79],"tags":[14,93,94,1537,90,89,7,15,11,84,91,12,85,92],"class_list":{"0":"post-66134","1":"post","2":"type-post","3":"status-publish","4":"format-standard","5":"has-post-thumbnail","7":"category-italia","8":"tag-cronaca","9":"tag-cronaca-italiana","10":"tag-cronacaitaliana","11":"tag-it","12":"tag-italia","13":"tag-italy","14":"tag-news","15":"tag-notizie","16":"tag-ultime-notizie","17":"tag-ultime-notizie-e-news-di-oggi","18":"tag-ultime-notizie-italia","19":"tag-ultimenotizie","20":"tag-ultimenotizieenewsdioggi","21":"tag-ultimenotizieitalia"},"share_on_mastodon":{"url":"","error":""},"_links":{"self":[{"href":"https:\/\/www.europesays.com\/it\/wp-json\/wp\/v2\/posts\/66134","targetHints":{"allow":["GET"]}}],"collection":[{"href":"https:\/\/www.europesays.com\/it\/wp-json\/wp\/v2\/posts"}],"about":[{"href":"https:\/\/www.europesays.com\/it\/wp-json\/wp\/v2\/types\/post"}],"author":[{"embeddable":true,"href":"https:\/\/www.europesays.com\/it\/wp-json\/wp\/v2\/users\/3"}],"replies":[{"embeddable":true,"href":"https:\/\/www.europesays.com\/it\/wp-json\/wp\/v2\/comments?post=66134"}],"version-history":[{"count":0,"href":"https:\/\/www.europesays.com\/it\/wp-json\/wp\/v2\/posts\/66134\/revisions"}],"wp:featuredmedia":[{"embeddable":true,"href":"https:\/\/www.europesays.com\/it\/wp-json\/wp\/v2\/media\/66135"}],"wp:attachment":[{"href":"https:\/\/www.europesays.com\/it\/wp-json\/wp\/v2\/media?parent=66134"}],"wp:term":[{"taxonomy":"category","embeddable":true,"href":"https:\/\/www.europesays.com\/it\/wp-json\/wp\/v2\/categories?post=66134"},{"taxonomy":"post_tag","embeddable":true,"href":"https:\/\/www.europesays.com\/it\/wp-json\/wp\/v2\/tags?post=66134"}],"curies":[{"name":"wp","href":"https:\/\/api.w.org\/{rel}","templated":true}]}}