{"id":661362,"date":"2026-09-02T12:07:14","date_gmt":"2026-09-02T12:07:14","guid":{"rendered":"https:\/\/www.europesays.com\/it\/661362\/"},"modified":"2026-09-02T12:07:14","modified_gmt":"2026-09-02T12:07:14","slug":"piero-ausilio-lascia-linter-dopo-28-anni-il-nodo-contratto-ecco-i-motivi","status":"publish","type":"post","link":"https:\/\/www.europesays.com\/it\/661362\/","title":{"rendered":"Piero Ausilio lascia l&#8217;Inter dopo 28 anni: il nodo contratto, ecco i motivi"},"content":{"rendered":"<p>    di<br \/>\n    Monica Colombo<\/p>\n<p class=\"summary-art is-line-h-12\">Lo storico dirigente nerazzurro ha il contratto in scadenza nel 2027, non rinnover\u00e0 con il club<\/p>\n<p class=\"chapter-paragraph\">Non sono bastate <b>due finali di Champions League<\/b> nell\u2019arco di ventiquattro mesi e il recente tricolore per mettere le basi per un matrimonio lungo. Piero Ausilio ha in animo di salutare l\u2019Inter dopo 29 anni. \u00abEra il \u201897, Moratti mi ha chiesto di andare a fare il segretario del settore giovanile. Erano solo sei mesi di contratto, correvo un piccolo rischio ma ho accettato\u00bb ha dichiarato di recente in un\u2019intervista. \u00abPoi non sono mai pi\u00f9 venuto via da qui, crescendo in modo graduale all\u2019interno della societ\u00e0\u00bb.<\/p>\n<p>    Ausilio:\u00a0\u00abL&#8217;Inter una grande scuola, ho provato tutto\u00bb<\/p>\n<p class=\"chapter-paragraph\">Di fatto il <b>direttore sportivo dei nerazzurri <\/b>\u00e8 il dirigente di pi\u00f9 lungo corso nella sala dei comandi. Una storia d\u2019amore lunghissima, che ha attraversato quattro diverse gestioni. \u00abL\u2019Inter \u00e8 stata una grande scuola, ho provato tutto. Comprese quattro propriet\u00e0 profondamente diverse, perfino per nazionalit\u00e0: la solidit\u00e0 e la competenza assoluta di Moratti, le difficolt\u00e0 dell\u2019era Thohir, le incertezze iniziali con Suning cancellate dall\u2019arrivo di Steven Zhang. E Oaktree, adesso. Non mi pare che mi manchino le esperienze, anche se le ho vissute tutte all\u2019Inter\u00bb.    &#13;<br \/>\n&#13;<br \/>\n&#13;<br \/>\n&#13;<br \/>\n&#13;<br \/>\n&#13;<br \/>\n&#13;<br \/>\n&#13;<br \/>\n&#13;<br \/>\n&#13;<br \/>\n&#13;<br \/>\n&#13;<br \/>\n&#13;<br \/>\n&#13;<br \/>\n&#13;<br \/>\n&#13;<br \/>\n&#13;<br \/>\n&#13;<br \/>\n&#13;<br \/>\n&#13;<br \/>\n&#13;<br \/>\n&#13;<br \/>\n&#13;<br \/>\n&#13;<br \/>\n&#13;<br \/>\n&#13;<br \/>\n&#13;<br \/>\n&#13;<br \/>\n&#13;<br \/>\n&#13;<br \/>\n&#13;<br \/>\n&#13;<br \/>\n&#13;<br \/>\n&#13;<br \/>\n&#13;<br \/>\n&#13;<br \/>\n&#13;<br \/>\n&#13;<br \/>\n&#13;<br \/>\n&#13;<br \/>\n&#13;<br \/>\n&#13;<br \/>\n&#13;<br \/>\n&#13;<br \/>\n&#13;<br \/>\n&#13;<br \/>\n&#13;<br \/>\n&#13;<br \/>\n&#13;<br \/>\n&#13;<br \/>\n&#13;<br \/>\n&#13;<br \/>\n&#13;\n<\/p>\n<p>    Il nodo contratto<\/p>\n<p class=\"chapter-paragraph\">E allora <b>cosa \u00e8 venuto a mancare <\/b>per poter proseguire ancora insieme? Il contratto di Ausilio scade nel 2027 e percepisce uno stipendio da 1,3 milioni netti  pi\u00f9 bonus (nell\u2019ultima stagione la busta paga \u00e8 stata alla fine da 1,5). La societ\u00e0 gli ha proposto un rinnovo che per\u00f2 il ds ha considerato offensivo: vale a dire l\u2019allungamento di un anno, fino al 2028 adeguandosi alla scadenza dei contratti degli appartenenti allo staff tecnico, con offerta di stipendio leggermente superiore. Vale a dire 1,4 pi\u00f9 bonus. Ausilio si \u00e8 sentito poco stimato, aspettandosi un prolungamento del contratto pi\u00f9 lungo e soprattutto a cifre diverse.<\/p>\n<p class=\"chapter-paragraph\">Il <b>fondo americano ritiene di aver fatto il massimo<\/b>.  In viale della Liberazione sono rimasti stupiti: lo strappo \u00e8 ormai consumato. Resta solo da capire quando verr\u00e0 ufficializzato. Agli amici Ausilio ha confidato di non avere proposte sul tavolo: chiss\u00e0 se l\u2019<b>Arabia o la Premier<\/b> gli strizzeranno l\u2019occhio.\u00a0<\/p>\n<p class=\"is-last-update\" datetime=\"2026-09-02T12:53:04+02:00\">2 settembre 2026 ( modifica il 2 settembre 2026 | 12:53)<\/p>\n<p class=\"is-copyright\">\n            \u00a9 RIPRODUZIONE RISERVATA\n        <\/p>\n","protected":false},"excerpt":{"rendered":"di Monica Colombo Lo storico dirigente nerazzurro ha il contratto in scadenza nel 2027, non rinnover\u00e0 con il&hellip;\n","protected":false},"author":3,"featured_media":661363,"comment_status":"","ping_status":"","sticky":false,"template":"","format":"standard","meta":{"footnotes":"","_share_on_mastodon":"0"},"categories":[1452],"tags":[8398,28828,587,721,6693,2283,5115,1740,350,364679,364680,364681,364682,1537,90,89,14468,10363,364683,1987,85239,3672,1438,2061,364684,1739,1359,245,244,5391,24355],"class_list":["post-661362","post","type-post","status-publish","format-standard","has-post-thumbnail","category-calcio","tag-accettato","tag-ausilio","tag-bonus","tag-calcio","tag-contratto","tag-dirigente","tag-diverse","tag-football","tag-inter","tag-inter-nodo","tag-inter-nodo-contratto","tag-inter-scuola","tag-inter-scuola-provato","tag-it","tag-italia","tag-italy","tag-moratti","tag-nodo","tag-nodo-contratto","tag-piero","tag-piero-ausilio","tag-provato","tag-scadenza","tag-scuola","tag-scuola-provato","tag-soccer","tag-societa","tag-sport","tag-sports","tag-stipendio","tag-venuto"],"share_on_mastodon":{"url":"https:\/\/pubeurope.com\/@it\/117201367460076258","error":""},"_links":{"self":[{"href":"https:\/\/www.europesays.com\/it\/wp-json\/wp\/v2\/posts\/661362","targetHints":{"allow":["GET"]}}],"collection":[{"href":"https:\/\/www.europesays.com\/it\/wp-json\/wp\/v2\/posts"}],"about":[{"href":"https:\/\/www.europesays.com\/it\/wp-json\/wp\/v2\/types\/post"}],"author":[{"embeddable":true,"href":"https:\/\/www.europesays.com\/it\/wp-json\/wp\/v2\/users\/3"}],"replies":[{"embeddable":true,"href":"https:\/\/www.europesays.com\/it\/wp-json\/wp\/v2\/comments?post=661362"}],"version-history":[{"count":0,"href":"https:\/\/www.europesays.com\/it\/wp-json\/wp\/v2\/posts\/661362\/revisions"}],"wp:featuredmedia":[{"embeddable":true,"href":"https:\/\/www.europesays.com\/it\/wp-json\/wp\/v2\/media\/661363"}],"wp:attachment":[{"href":"https:\/\/www.europesays.com\/it\/wp-json\/wp\/v2\/media?parent=661362"}],"wp:term":[{"taxonomy":"category","embeddable":true,"href":"https:\/\/www.europesays.com\/it\/wp-json\/wp\/v2\/categories?post=661362"},{"taxonomy":"post_tag","embeddable":true,"href":"https:\/\/www.europesays.com\/it\/wp-json\/wp\/v2\/tags?post=661362"}],"curies":[{"name":"wp","href":"https:\/\/api.w.org\/{rel}","templated":true}]}}