{"id":661384,"date":"2026-09-02T12:19:14","date_gmt":"2026-09-02T12:19:14","guid":{"rendered":"https:\/\/www.europesays.com\/it\/661384\/"},"modified":"2026-09-02T12:19:14","modified_gmt":"2026-09-02T12:19:14","slug":"germania-esplosione-vicino-alla-stazione-centrale-di-augusta-due-feriti-lievi-trovato-un-altro-oggetto-sospetto","status":"publish","type":"post","link":"https:\/\/www.europesays.com\/it\/661384\/","title":{"rendered":"Germania, esplosione vicino alla stazione centrale di Augusta: due feriti lievi. Trovato un altro oggetto sospetto"},"content":{"rendered":"<p>    di<br \/>\n    Giulia Taviani<\/p>\n<p class=\"summary-art is-line-h-12\">Dopo due ore di indagini \u00e8 ripresa la circolazione dei treni. Un ragazzo di 18 anni e una ragazza di 17 hanno riportato un trauma acustico. La polizia indaga sulla criminalit\u00e0 organizzata<\/p>\n<p class=\"chapter-paragraph\">Un <b>oggetto\u00a0\u00abnon identificato\u00bb<\/b> <b>\u00e8 esploso <\/b>nella notte nei pressi della stazione centrale di <b>Augusta<\/b>, in Baviera, mentre <b>un secondo oggetto sospetto <\/b>\u00e8 stato ritrovato in mattinata durante le operazioni di polizia.<\/p>\n<p class=\"chapter-paragraph\">Secondo la Bild, l&#8217;esplosione \u00e8 stata segnalata alle 3.15 di questa notte. Si tratterrebbe di una <b>granata a mano esplosa davanti a una gioielleria turca<\/b>. Le autorit\u00e0 sono giunte sul posto alle 5 avviando una vasta operazione che ha portato, poco dopo le 8, al ritrovamento di un secondo oggetto\u00a0\u00absospetto\u00bb e alla <b>chiusura della stazione<\/b>. Secondo il giornale, un cane addestrato a individuare esplosivi avrebbe segnalato la presenza di una bomba in un cestino.\u00a0    &#13;<br \/>\n&#13;<br \/>\n&#13;<br \/>\n&#13;<br \/>\n&#13;<br \/>\n&#13;<br \/>\n&#13;<br \/>\n&#13;<br \/>\n&#13;<br \/>\n&#13;<br \/>\n&#13;<br \/>\n&#13;<br \/>\n&#13;<br \/>\n&#13;<br \/>\n&#13;<br \/>\n&#13;<br \/>\n&#13;<br \/>\n&#13;<br \/>\n&#13;<br \/>\n&#13;<br \/>\n&#13;<br \/>\n&#13;<br \/>\n&#13;<br \/>\n&#13;<br \/>\n&#13;<br \/>\n&#13;<br \/>\n&#13;<br \/>\n&#13;<br \/>\n&#13;<br \/>\n&#13;<br \/>\n&#13;<br \/>\n&#13;<br \/>\n&#13;<br \/>\n&#13;<br \/>\n&#13;<br \/>\n&#13;<br \/>\n&#13;<br \/>\n&#13;<br \/>\n&#13;<br \/>\n&#13;<br \/>\n&#13;<br \/>\n&#13;<br \/>\n&#13;<br \/>\n&#13;<br \/>\n&#13;<br \/>\n&#13;<br \/>\n&#13;<br \/>\n&#13;<br \/>\n&#13;<br \/>\n&#13;<br \/>\n&#13;<br \/>\n&#13;<br \/>\n&#13;\n<\/p>\n<p class=\"chapter-paragraph\">Il<b> traffico ferroviario ad Augusta \u00e8 ripreso dopo due ore<\/b>, intorno alle 10, mentre gli agenti hanno iniziano pian piano a lasciare la zona. Le indagini comunque proseguono.<\/p>\n<p class=\"chapter-paragraph\">Le autorit\u00e0 non hanno ancora confermato la natura degli oggetti n\u00e9 la dinamica dei fatti, ma pare stiano indagando su un collegamento con la <b>criminalit\u00e0 organizzata<\/b>. A quanto sembra, la stazione non sarebbe stata l&#8217;0biettivo principale. La gioielleria si trova, infatti, in un passaggio che conduce alla stazione.<\/p>\n<p class=\"chapter-paragraph\">Per l&#8217;esplosione sono rimaste <b>ferite lievemente due persone<\/b>, che hanno riportato un trauma acustico. Si tratta di un ragazzo di 18 anni e di una ragazza di 17, di passaggio durante l&#8217;esplosione. Per l&#8217;impatto si sono rotte anche alcune finestre.<\/p>\n<p class=\"is-last-update\" datetime=\"2026-09-02T11:58:51+02:00\">2 settembre 2026 ( modifica il 2 settembre 2026 | 11:58)<\/p>\n<p class=\"is-copyright\">\n            \u00a9 RIPRODUZIONE RISERVATA\n        <\/p>\n","protected":false},"excerpt":{"rendered":"di Giulia Taviani Dopo due ore di indagini \u00e8 ripresa la circolazione dei treni. Un ragazzo di 18&hellip;\n","protected":false},"author":3,"featured_media":661385,"comment_status":"","ping_status":"","sticky":false,"template":"","format":"standard","meta":{"footnotes":"","_share_on_mastodon":"0"},"categories":[160],"tags":[104715,36878,917,925,364691,2687,12850,14,164,165,9439,48638,486,166,7,15,4476,20460,364690,15837,535,11,167,12,168,161,162,163],"class_list":["post-661384","post","type-post","status-publish","format-standard","has-post-thumbnail","category-mondo","tag-acustico","tag-augusta","tag-autorita","tag-centrale","tag-centrale-augusta","tag-criminalita","tag-criminalita-organizzata","tag-cronaca","tag-dal-mondo","tag-dalmondo","tag-esplosione","tag-gioielleria","tag-indagini","tag-mondo","tag-news","tag-notizie","tag-notte","tag-oggetto","tag-oggetto-sospetto","tag-sospetto","tag-stazione","tag-ultime-notizie","tag-ultime-notizie-di-mondo","tag-ultimenotizie","tag-ultimenotiziedimondo","tag-world","tag-world-news","tag-worldnews"],"share_on_mastodon":{"url":"https:\/\/pubeurope.com\/@it\/117201414800785012","error":""},"_links":{"self":[{"href":"https:\/\/www.europesays.com\/it\/wp-json\/wp\/v2\/posts\/661384","targetHints":{"allow":["GET"]}}],"collection":[{"href":"https:\/\/www.europesays.com\/it\/wp-json\/wp\/v2\/posts"}],"about":[{"href":"https:\/\/www.europesays.com\/it\/wp-json\/wp\/v2\/types\/post"}],"author":[{"embeddable":true,"href":"https:\/\/www.europesays.com\/it\/wp-json\/wp\/v2\/users\/3"}],"replies":[{"embeddable":true,"href":"https:\/\/www.europesays.com\/it\/wp-json\/wp\/v2\/comments?post=661384"}],"version-history":[{"count":0,"href":"https:\/\/www.europesays.com\/it\/wp-json\/wp\/v2\/posts\/661384\/revisions"}],"wp:featuredmedia":[{"embeddable":true,"href":"https:\/\/www.europesays.com\/it\/wp-json\/wp\/v2\/media\/661385"}],"wp:attachment":[{"href":"https:\/\/www.europesays.com\/it\/wp-json\/wp\/v2\/media?parent=661384"}],"wp:term":[{"taxonomy":"category","embeddable":true,"href":"https:\/\/www.europesays.com\/it\/wp-json\/wp\/v2\/categories?post=661384"},{"taxonomy":"post_tag","embeddable":true,"href":"https:\/\/www.europesays.com\/it\/wp-json\/wp\/v2\/tags?post=661384"}],"curies":[{"name":"wp","href":"https:\/\/api.w.org\/{rel}","templated":true}]}}