{"id":661400,"date":"2026-09-02T12:36:15","date_gmt":"2026-09-02T12:36:15","guid":{"rendered":"https:\/\/www.europesays.com\/it\/661400\/"},"modified":"2026-09-02T12:36:15","modified_gmt":"2026-09-02T12:36:15","slug":"foto-album-da-aurora-e-barriera-la-storia-dei-quartieri-in-mostra-sui-muri-di-torino-nord","status":"publish","type":"post","link":"https:\/\/www.europesays.com\/it\/661400\/","title":{"rendered":"&#8216;Foto album da Aurora e Barriera&#8217;: la storia dei quartieri in mostra sui muri di Torino Nord"},"content":{"rendered":"<p>Il 25 settembre verr\u00e0 inaugurata \u2018Foto album da Aurora e Barriera\u2019, la nuova installazione fotografica diffusa dell&#8217;artista Bruno Boudjelal, allestita sulle facciate dei Bagni Pubblici, CAMERA e Dorado. Un&#8217;opera collettiva nata dalle fotografie e dai ricordi condivisi dagli abitanti dei quartieri Aurora e Barriera di Milano, che restituisce un ritratto autentico della citt\u00e0 attraverso le vite, le memorie e le storie di chi la abita ogni giorno.<\/p>\n<p>Un&#8217;esperienza fotografica pensata per stimolare il dialogo tra gli abitanti, favorire il racconto personale e far emergere traiettorie di vita che si intrecciano. La mostra \u00e8 parte di Urban Frame, tra i progetti vincitori dell\u2019Avviso pubblico Torino, che cultura!. E&#8217; stato ideato da Stratosferica e CAMERA, il progetto promuove la fotografia come linguaggio capace di raccontare la citt\u00e0, le sue trasformazioni e la ricchezza delle comunit\u00e0 che ne costituiscono il tessuto sociale.<\/p>\n<p>Le fotografie degli abitanti<\/p>\n<p>\u2018Foto album da Aurora e Barriera\u2019, la mostra fotografica dell\u2019artista franco-algerino Bruno Boudjelal, sar\u00e0 per\u00f2 inaugurata il 25 settembre e si svilupper\u00e0 sulle facciate di tre luoghi di Torino: i Bagni Pubblici di via Agli\u00e8 9, CAMERA di via delle Rosine 18 e Dorado di lungo Dora Firenze 37.<\/p>\n<p>Realizzata insieme agli abitanti dei quartieri Aurora e Barriera di Milano, la mostra \u00e8 un racconto corale che invita a osservare la citt\u00e0 attraverso i volti, le vite e le memorie di chi la abita. L\u2019opera nasce da una moltitudine di fotografie private, condivise dalle persone del quartiere e riunite dallo sguardo creativo di Bruno Boudjelal in una grande installazione fotografica diffusa a cielo aperto.<\/p>\n<p>L&#8217;esordio italiano dell&#8217;artista<\/p>\n<p>Per il suo primo intervento in Italia, il fotografo \u2013 noto per la sua ricerca sui temi dell\u2019identit\u00e0 e dei confini \u2013 realizza un progetto site specific che mette al centro la comunit\u00e0 e interpreta lo spazio urbano come un organismo vivo, fatto di ricordi personali, relazioni e nuove appartenenze. Dai ricordi d\u2019infanzia agli scatti realizzati con lo smartphone, dalle fotografie in bianco e nero a quelle a colori, ogni immagine custodisce una storia e un frammento di vita.<\/p>\n<p>Accostate tra loro, queste fotografie restituiscono un ritratto autentico dei quartieri, costruito a partire dallo sguardo di chi li vive ogni giorno. Pi\u00f9 che una mostra, \u2018Foto album da Aurora e Barriera\u2019 \u00e8 un\u2019esperienza collettiva che favorisce il dialogo tra gli abitanti, valorizza il racconto personale e fa emergere le molteplici traiettorie di vita che si intrecciano nei quartieri di Aurora e Barriera di Milano.<\/p>\n","protected":false},"excerpt":{"rendered":"Il 25 settembre verr\u00e0 inaugurata \u2018Foto album da Aurora e Barriera\u2019, la nuova installazione fotografica diffusa dell&#8217;artista Bruno&hellip;\n","protected":false},"author":3,"featured_media":661401,"comment_status":"","ping_status":"","sticky":false,"template":"","format":"standard","meta":{"footnotes":"","_share_on_mastodon":"0"},"categories":[1446],"tags":[1615,1613,1614,1611,1610,6178,125612,1612,203,204,1537,90,89,59554],"class_list":["post-661400","post","type-post","status-publish","format-standard","has-post-thumbnail","category-arte-e-design","tag-arte","tag-arte-e-design","tag-arteedesign","tag-arts","tag-arts-and-design","tag-aurora","tag-barriera-milano","tag-design","tag-entertainment","tag-intrattenimento","tag-it","tag-italia","tag-italy","tag-mostre-fotografiche"],"share_on_mastodon":{"url":"https:\/\/pubeurope.com\/@it\/117201481405855113","error":""},"_links":{"self":[{"href":"https:\/\/www.europesays.com\/it\/wp-json\/wp\/v2\/posts\/661400","targetHints":{"allow":["GET"]}}],"collection":[{"href":"https:\/\/www.europesays.com\/it\/wp-json\/wp\/v2\/posts"}],"about":[{"href":"https:\/\/www.europesays.com\/it\/wp-json\/wp\/v2\/types\/post"}],"author":[{"embeddable":true,"href":"https:\/\/www.europesays.com\/it\/wp-json\/wp\/v2\/users\/3"}],"replies":[{"embeddable":true,"href":"https:\/\/www.europesays.com\/it\/wp-json\/wp\/v2\/comments?post=661400"}],"version-history":[{"count":0,"href":"https:\/\/www.europesays.com\/it\/wp-json\/wp\/v2\/posts\/661400\/revisions"}],"wp:featuredmedia":[{"embeddable":true,"href":"https:\/\/www.europesays.com\/it\/wp-json\/wp\/v2\/media\/661401"}],"wp:attachment":[{"href":"https:\/\/www.europesays.com\/it\/wp-json\/wp\/v2\/media?parent=661400"}],"wp:term":[{"taxonomy":"category","embeddable":true,"href":"https:\/\/www.europesays.com\/it\/wp-json\/wp\/v2\/categories?post=661400"},{"taxonomy":"post_tag","embeddable":true,"href":"https:\/\/www.europesays.com\/it\/wp-json\/wp\/v2\/tags?post=661400"}],"curies":[{"name":"wp","href":"https:\/\/api.w.org\/{rel}","templated":true}]}}