{"id":661432,"date":"2026-09-02T13:01:14","date_gmt":"2026-09-02T13:01:14","guid":{"rendered":"https:\/\/www.europesays.com\/it\/661432\/"},"modified":"2026-09-02T13:01:14","modified_gmt":"2026-09-02T13:01:14","slug":"romagnoli-allal-sadd-stavolta-e-definitivo-alla-lazio-3-milioni","status":"publish","type":"post","link":"https:\/\/www.europesays.com\/it\/661432\/","title":{"rendered":"Romagnoli all&#8217;Al-Sadd: stavolta \u00e8 definitivo, alla Lazio 3 milioni"},"content":{"rendered":"<p>                                Si \u00e8 finalmente conclusa la trattativa fra il club qatarino e i biancocelesti. Il giocatore guadagner\u00e0 circa 20 milioni complessivi fino al 2030. Possibile che il club cerchi un sostituto fra gli svincolati<\/p>\n<p class=\"paragraph\" spellcheck=\"true\">Affare concluso, di nuovo. Ma questa volta in maniera definitiva. Alessio Romagnoli lascia la<a href=\"https:\/\/www.gazzetta.it\/calcio\/fantanews\/storie\/20-08-2026\/calciomercato-serie-a-2026-27-acquisti-e-cessioni-per-orientarsi-al-fantacalcio\/\" title=\"Serie A: ecco tutte le formazioni tipo, gli acquisti e le cessioni delle 20 squadre\" target=\"_blank\" rel=\"nofollow noopener\"> Lazio<\/a>. Il difensore si trasferir\u00e0 all&#8217;Al-Sadd, club con il quale aveva trovato l&#8217;accordo gi\u00e0 a gennaio scorso, quando la trattativa salt\u00f2 per decisione di Lotito che aveva improvvisamente tolto il giocatore dal mercato. Ai biancocelesti andranno circa 3 milioni. Il calciatore ne guadagner\u00e0 invece circa 20 complessivi fino al 2030.\u00a0<\/p>\n<p>        la trattativa\u2014 \u00a0<\/p>\n<p class=\"paragraph\" spellcheck=\"true\">Romagnoli aveva deciso di lasciare la Lazio gi\u00e0 tempo fa, annunciando di fatto il proprio addio con un video inviato ai tifosi che contestavano Lotito lo scorso 2 luglio. L&#8217;affare fra la Lazio e l&#8217;Al-Sadd si era per\u00f2 congelato perch\u00e9 i qatarini volevano non soltanto dilazionare ma anche ritardare il pagamento, proponendo di saldare la prima rata a inizio 2027. Condizioni che il presidente dei biancocelesti non aveva intenzione di accettare. Ha provato quindi a inserirsi nella trattativa anche Maurizio Sarri, che con il giocatore ha un ottimo rapporto, ma Romagnoli, che era convinto che alla fine si sarebbe trovata una soluzione, ha sempre preferito il Qatar al trasferimento all&#8217;Atalanta. Nelle ultime ore di mercato (l&#8217;Al-Sadd avrebbe avuto tempo fino a gioved\u00ec 3 settembre), ha per\u00f2 risolto la situazione, come, d&#8217;altronde, aveva promesso da settimane a Romagnoli. Non \u00e8 escluso che i biancocelesti possano cercare un sostituto fra gli svincolati.<\/p>\n","protected":false},"excerpt":{"rendered":"Si \u00e8 finalmente conclusa la trattativa fra il club qatarino e i biancocelesti. Il giocatore guadagner\u00e0 circa 20&hellip;\n","protected":false},"author":3,"featured_media":661433,"comment_status":"","ping_status":"","sticky":false,"template":"","format":"standard","meta":{"footnotes":"","_share_on_mastodon":"0"},"categories":[1452],"tags":[735,13785,721,554,116761,1740,564,233333,364697,1537,90,89,5188,47918,1412,26909,30453,1739,10946,245,244,2981],"class_list":["post-661432","post","type-post","status-publish","format-standard","has-post-thumbnail","category-calcio","tag-affare","tag-biancocelesti","tag-calcio","tag-club","tag-complessivi","tag-football","tag-giocatore","tag-guadagnera","tag-guadagnera-complessivi","tag-it","tag-italia","tag-italy","tag-lazio","tag-lotito","tag-mercato","tag-romagnoli","tag-sadd","tag-soccer","tag-sostituto","tag-sport","tag-sports","tag-trattativa"],"share_on_mastodon":{"url":"https:\/\/pubeurope.com\/@it\/117201579837982502","error":""},"_links":{"self":[{"href":"https:\/\/www.europesays.com\/it\/wp-json\/wp\/v2\/posts\/661432","targetHints":{"allow":["GET"]}}],"collection":[{"href":"https:\/\/www.europesays.com\/it\/wp-json\/wp\/v2\/posts"}],"about":[{"href":"https:\/\/www.europesays.com\/it\/wp-json\/wp\/v2\/types\/post"}],"author":[{"embeddable":true,"href":"https:\/\/www.europesays.com\/it\/wp-json\/wp\/v2\/users\/3"}],"replies":[{"embeddable":true,"href":"https:\/\/www.europesays.com\/it\/wp-json\/wp\/v2\/comments?post=661432"}],"version-history":[{"count":0,"href":"https:\/\/www.europesays.com\/it\/wp-json\/wp\/v2\/posts\/661432\/revisions"}],"wp:featuredmedia":[{"embeddable":true,"href":"https:\/\/www.europesays.com\/it\/wp-json\/wp\/v2\/media\/661433"}],"wp:attachment":[{"href":"https:\/\/www.europesays.com\/it\/wp-json\/wp\/v2\/media?parent=661432"}],"wp:term":[{"taxonomy":"category","embeddable":true,"href":"https:\/\/www.europesays.com\/it\/wp-json\/wp\/v2\/categories?post=661432"},{"taxonomy":"post_tag","embeddable":true,"href":"https:\/\/www.europesays.com\/it\/wp-json\/wp\/v2\/tags?post=661432"}],"curies":[{"name":"wp","href":"https:\/\/api.w.org\/{rel}","templated":true}]}}