{"id":661444,"date":"2026-09-02T13:08:15","date_gmt":"2026-09-02T13:08:15","guid":{"rendered":"https:\/\/www.europesays.com\/it\/661444\/"},"modified":"2026-09-02T13:08:15","modified_gmt":"2026-09-02T13:08:15","slug":"lewis-hamilton-compra-la-ferrari-dei-suoi-sogni-e-la-f40-lho-sempre-voluta-era-abbandonata-in-un-garage-da-30-anni","status":"publish","type":"post","link":"https:\/\/www.europesays.com\/it\/661444\/","title":{"rendered":"Lewis Hamilton compra la Ferrari dei suoi sogni: \u00ab\u00c8 la F40, l&#8217;ho sempre voluta. Era abbandonata in un garage da 30 anni\u00bb"},"content":{"rendered":"<p>    di<br \/>\n    Vittoria Melchioni<\/p>\n<p class=\"summary-art is-line-h-12\">Il pilota della Ferrari racconta la storia dell&#8217;auto che sognava gi\u00e0 da bambino:  \u00abPer me \u00e8 un&#8217;opera d&#8217;arte\u00bb. Il modello iconico \u00e8 stato affidato ai tecnici della Rossa di Maranello e promette altre immagini sul risultato finale<\/p>\n<p class=\"chapter-paragraph\">Per<b> Lewis Hamilton <\/b>non \u00e8 soltanto una <b>Ferrari<\/b>. \u00c8 <a href=\"https:\/\/www.corriere.it\/sport\/formula-1\/26_settembre_02\/stefano-domenicali-intervista-e6ec343b-3f4e-4af4-8ab1-d45a84f80xlk.shtml\" title=\"Domenicali: \u00abGuido la F1 ma a volte per vincere devo rallentare, me lo ha insegnato Schumacher. Antonelli fa bene anche all&#039;economia italiana\u00bb\" rel=\"nofollow noopener\" target=\"_blank\">l\u2019automobile sognata<\/a> fin da bambino, <b>il modello capace di resistere al tempo<\/b>, ai successi e persino alla decisione del campione britannico di <b>separarsi dalla sua celebre collezione di supercar.\u00a0<\/b><\/p>\n<p class=\"chapter-paragraph\">Oggi quel sogno ha finalmente un posto nel suo garage:<b> una Ferrari F40 del 1991<\/b>, rimasta<b> inutilizzata e coperta di polvere per oltre trent\u2019anni<\/b>. A raccontarne la storia \u00e8 stato lo stesso pilota sui social,<b> pubblicando una serie di immagini sui suoi social.<\/b>\u00a0    &#13;<br \/>\n&#13;<br \/>\n&#13;<br \/>\n&#13;<br \/>\n&#13;<br \/>\n&#13;<br \/>\n&#13;<br \/>\n&#13;<br \/>\n&#13;<br \/>\n&#13;<br \/>\n&#13;<br \/>\n&#13;<br \/>\n&#13;<br \/>\n&#13;<br \/>\n&#13;<br \/>\n&#13;<br \/>\n&#13;<br \/>\n&#13;<br \/>\n&#13;<br \/>\n&#13;<br \/>\n&#13;<br \/>\n&#13;<br \/>\n&#13;<br \/>\n&#13;<br \/>\n&#13;<br \/>\n&#13;<br \/>\n&#13;<br \/>\n&#13;<br \/>\n&#13;<br \/>\n&#13;<br \/>\n&#13;<br \/>\n&#13;<br \/>\n&#13;<br \/>\n&#13;<br \/>\n&#13;<br \/>\n&#13;<br \/>\n&#13;<br \/>\n&#13;<br \/>\n&#13;<br \/>\n&#13;<br \/>\n&#13;<br \/>\n&#13;<br \/>\n&#13;<br \/>\n&#13;<br \/>\n&#13;<br \/>\n&#13;<br \/>\n&#13;<br \/>\n&#13;<br \/>\n&#13;<br \/>\n&#13;<br \/>\n&#13;<br \/>\n&#13;<br \/>\n&#13;\n<\/p>\n<p>    Hamilton e la sua auto dei sogni trovata in un garage<\/p>\n<p class=\"chapter-paragraph\">\u00ab<b>La mia F40<\/b>. \u00c8 l\u2019auto dei miei sogni e lo \u00e8 da quando riesco a ricordare\u00bb, ha scritto Hamilton. \u00ab<b>Da bambino desideravo possederne una<\/b>. Quando sono arrivato alla F<b>errari, l\u2019anno scorso, ho voluto che ce ne fosse una con me durante il mio primo giorno<\/b> a Maranello. Significa davvero moltissimo per me\u00bb.\u00a0<\/p>\n<p class=\"chapter-paragraph\">Quella<b> fotografata nel gennaio 2025 davanti alla casa di Enzo Ferrari <\/b>era stata scelta come simbolo dell\u2019inizio della sua avventura in rosso.<b> Ora, per\u00f2, Hamilton ne possiede una tutta sua.\u00a0<\/b><\/p>\n<p class=\"chapter-paragraph\">Non un esemplare qualsiasi, ma una sorta di capsula del tempo:<b> costruita nel 1991, acquistata allora dal primo proprietario e successivamente custodita per pi\u00f9 di tre decenni <\/b>senza quasi essere utilizzata. La vettura \u00e8 stata individuata da Azimut AHE, realt\u00e0 specializzata <b>nelle automobili storiche e da collezione.\u00a0<\/b><\/p>\n<p>    \u00abLa F40 era ricoperta di polvere, le abbiamo ridato vita\u00bb<\/p>\n<p class=\"chapter-paragraph\">Quando Hamilton l\u2019ha vista,<b> ancora ricoperta dalla polvere accumulata durante il lunghissimo periodo di inattivit\u00e0<\/b>, ha deciso di acquistarla e affidarla <b>alle cure degli specialisti di Maranello<\/b>. Tecnici e meccanici Ferrari hanno lavorato per settimane, smontando e controllando le componenti necessarie per restituire vita alla vettura senza comprometterne l\u2019autenticit\u00e0.\u00a0<\/p>\n<p class=\"chapter-paragraph\">Un\u2019operazione particolarmente delicata: <b>dopo tanti anni di fermo non basta far ripartire il motore<\/b>, ma occorre verificare ogni elemento meccanico e preservare materiali e caratteristiche originali.<b> Presentata nel 1987 per celebrare i quarant\u2019anni della casa di Maranello<\/b>, la F40 \u00e8 una delle Ferrari pi\u00f9 riconoscibili e desiderate di sempre.<b> Fu l\u2019ultima automobile stradale svelata mentre Enzo Ferrari era ancora in vita.\u00a0<\/b><\/p>\n<p class=\"chapter-paragraph\">Prodotta<b> in 1.315 esemplari, monta un motore V8 biturbo da 2,9 litri capace di erogare 478 cavalli.<\/b> Poteva raggiungere<b> i 324 chilometri orari<\/b> e scattare da zero a cento in 4,1 secondi: numeri eccezionali per la fine degli anni Ottanta.\u00a0<\/p>\n<p class=\"chapter-paragraph\">Essenziale nell\u2019abitacolo, estrema nelle prestazioni<b> e immediatamente riconoscibile per il grande alettone posteriore<\/b>, la F40 \u00e8 diventata negli anni un\u2019opera d\u2019arte su quattro ruote.<b>\u00a0<\/b><\/p>\n<p class=\"chapter-paragraph\"><b>Una definizione cara anche a Hamilton, che nel 2025, dopo avere annunciato la vendita<\/b> della propria collezione automobilistica per dedicarsi all\u2019arte, aveva indicato proprio questo modello come l\u2019unica possibile eccezione.\u00a0<\/p>\n<p class=\"chapter-paragraph\"><b>\u00abQueste auto sono opere d\u2019arte e sono incredibilmente rare\u00bb, <\/b>ha spiegato il pilota, ringraziando tutti coloro che hanno partecipato al recupero. Il lavoro non \u00e8 ancora stato mostrato nella sua interezza: <b>Hamilton ha promesso nuove immagini e altri dettagli. <\/b>Ma il finale della storia \u00e8 gi\u00e0 scritto. Dopo pi\u00f9 di trent\u2019anni trascorsi al buio, <b>la Ferrari che sognava da bambino \u00e8 pronta a tornare sulla strada.<\/b><\/p>\n<p class=\"is-mr-t-20 is-mr-b-20\"><b><br \/>\n                    <a href=\"https:\/\/corrieredibologna.corriere.it\/?intcmp=Notizielocali_nd_010623_corriere_ss_bologna\" target=\"_blank\" rel=\"nofollow noopener\">Vai a tutte le notizie di Bologna<\/a><br \/>\n            <\/b><\/p>\n<p class=\"chapter-paragraph\"><b><a href=\"https:\/\/www.corriere.it\/newsletter\/?theme=38&amp;intcmp=NL-artic_nd_050624_corriere_ss_bologna\" target=\"_blank\" rel=\"nofollow noopener\">Iscriviti alla newsletter del Corriere di Bologna<\/a><\/b><\/p>\n<p class=\"is-last-update\" datetime=\"2026-09-02T10:46:11+02:00\">2 settembre 2026<\/p>\n<p class=\"is-copyright\">\n            \u00a9 RIPRODUZIONE RISERVATA\n        <\/p>\n","protected":false},"excerpt":{"rendered":"di Vittoria Melchioni Il pilota della Ferrari racconta la storia dell&#8217;auto che sognava gi\u00e0 da bambino: \u00abPer me&hellip;\n","protected":false},"author":3,"featured_media":661445,"comment_status":"","ping_status":"","sticky":false,"template":"","format":"standard","meta":{"footnotes":"","_share_on_mastodon":"0"},"categories":[176],"tags":[1615,2765,364700,55287,694,8624,16802,5478,90205,368,1426,19319,3337,12272,1537,90,89,2312,2244,9266,2506,1309,1573,72262,3333,63364,349448,364701,988,1686,54448,364702,9654,245,244,1567,10555,71999],"class_list":["post-661444","post","type-post","status-publish","format-standard","has-post-thumbnail","category-sport","tag-arte","tag-auto","tag-auto-sogni","tag-automobile","tag-bambino","tag-capace","tag-collezione","tag-enzo","tag-enzo-ferrari","tag-ferrari","tag-finale","tag-garage","tag-hamilton","tag-immagini","tag-it","tag-italia","tag-italy","tag-lewis","tag-lewis-hamilton","tag-maranello","tag-modello","tag-motore","tag-opera","tag-opera-arte","tag-pilota","tag-polvere","tag-ricoperta","tag-ricoperta-polvere","tag-scritto","tag-social","tag-sognava","tag-sognava-bambino","tag-sogni","tag-sport","tag-sports","tag-storia","tag-tecnici","tag-trent"],"share_on_mastodon":{"url":"https:\/\/pubeurope.com\/@it\/117201607466644688","error":""},"_links":{"self":[{"href":"https:\/\/www.europesays.com\/it\/wp-json\/wp\/v2\/posts\/661444","targetHints":{"allow":["GET"]}}],"collection":[{"href":"https:\/\/www.europesays.com\/it\/wp-json\/wp\/v2\/posts"}],"about":[{"href":"https:\/\/www.europesays.com\/it\/wp-json\/wp\/v2\/types\/post"}],"author":[{"embeddable":true,"href":"https:\/\/www.europesays.com\/it\/wp-json\/wp\/v2\/users\/3"}],"replies":[{"embeddable":true,"href":"https:\/\/www.europesays.com\/it\/wp-json\/wp\/v2\/comments?post=661444"}],"version-history":[{"count":0,"href":"https:\/\/www.europesays.com\/it\/wp-json\/wp\/v2\/posts\/661444\/revisions"}],"wp:featuredmedia":[{"embeddable":true,"href":"https:\/\/www.europesays.com\/it\/wp-json\/wp\/v2\/media\/661445"}],"wp:attachment":[{"href":"https:\/\/www.europesays.com\/it\/wp-json\/wp\/v2\/media?parent=661444"}],"wp:term":[{"taxonomy":"category","embeddable":true,"href":"https:\/\/www.europesays.com\/it\/wp-json\/wp\/v2\/categories?post=661444"},{"taxonomy":"post_tag","embeddable":true,"href":"https:\/\/www.europesays.com\/it\/wp-json\/wp\/v2\/tags?post=661444"}],"curies":[{"name":"wp","href":"https:\/\/api.w.org\/{rel}","templated":true}]}}