{"id":661465,"date":"2026-09-02T13:28:20","date_gmt":"2026-09-02T13:28:20","guid":{"rendered":"https:\/\/www.europesays.com\/it\/661465\/"},"modified":"2026-09-02T13:28:20","modified_gmt":"2026-09-02T13:28:20","slug":"rovella-infortunio-esito-esami-e-tempi-di-recupero-del-centrocampista-della-lazio","status":"publish","type":"post","link":"https:\/\/www.europesays.com\/it\/661465\/","title":{"rendered":"Rovella, infortunio: esito esami e tempi di recupero del centrocampista della Lazio"},"content":{"rendered":"<p>                                Il centrocampista si \u00e8 infortunato domenica nel match contro il Genoa.\u00a0Pellegrini vicino al rientro, tempi lunghi per\u00a0Cataldi e Patric<\/p>\n<p class=\"paragraph\" spellcheck=\"true\">Esami strumentali ieri per <b>Nicol\u00f2 Rovella<\/b>, che domenica nel corso della<a href=\"https:\/\/www.gazzetta.it\/Calcio\/Serie-A\/Lazio\/30-08-2026\/live-lazio-genoa-gol-e-marcatori-serie-a.shtml?intcmp=hyperlink-articolo-gazit\" title=\"Frattesi concede il bis: altro gol e la Lazio resta in vetta. Genoa ancora ko\" target=\"_blank\" rel=\"nofollow noopener\"> partita con il Genoa<\/a> si \u00e8 bloccato per un <b>sospetto stiramento a un polpaccio<\/b>.  Gli esami hanno evidenziato la presenza di una <b>lesione minima<\/b>. Scongiurato quindi il quadro clinico peggiore, ma il centrocampista sar\u00e0 comunque costretto a <b>stare ai box per un paio di settimane<\/b>. Salter\u00e0 sicuramente il match di luned\u00ec prossimo a Udine e con ogni probabilit\u00e0 anche il successivo con il Milan che si giocher\u00e0 sabato 12 settembre. Anche se un recupero per quest\u2019ultima partita non \u00e8 da escludere a priori. Ma molto pi\u00f9 realistica \u00e8 la previsione di un <b>rientro nella trasferta a Venezia del 19 settembre<\/b>. Una partita nella quale potrebbero fare il ritorno in campo anche Adam <b>Marusic<\/b> e Fisayo <b>Dele-Bashiru<\/b>, che a Bologna, nella prima giornata di campionato, hanno entrambi rimediato uno <b>stiramento di primo grado ai flessori<\/b> della coscia. In infermeria ci sono pure <b>Cataldi<\/b> e <b>Patric<\/b>, i cui tempi di recupero restano lunghi e <b>Pellegrini<\/b> che invece \u00e8 vicino al rientro.<\/p>\n","protected":false},"excerpt":{"rendered":"Il centrocampista si \u00e8 infortunato domenica nel match contro il Genoa.\u00a0Pellegrini vicino al rientro, tempi lunghi per\u00a0Cataldi e&hellip;\n","protected":false},"author":3,"featured_media":661466,"comment_status":"","ping_status":"","sticky":false,"template":"","format":"standard","meta":{"footnotes":"","_share_on_mastodon":"0"},"categories":[1452],"tags":[721,51674,251727,3153,1112,6104,1740,6298,1537,90,89,33409,1290,3279,3674,1739,245,244,3971],"class_list":["post-661465","post","type-post","status-publish","format-standard","has-post-thumbnail","category-calcio","tag-calcio","tag-cataldi","tag-cataldi-patric","tag-centrocampista","tag-domenica","tag-esami","tag-football","tag-genoa","tag-it","tag-italia","tag-italy","tag-lesione","tag-partita","tag-recupero","tag-rientro","tag-soccer","tag-sport","tag-sports","tag-tempi"],"share_on_mastodon":{"url":"https:\/\/pubeurope.com\/@it\/117201686342142594","error":""},"_links":{"self":[{"href":"https:\/\/www.europesays.com\/it\/wp-json\/wp\/v2\/posts\/661465","targetHints":{"allow":["GET"]}}],"collection":[{"href":"https:\/\/www.europesays.com\/it\/wp-json\/wp\/v2\/posts"}],"about":[{"href":"https:\/\/www.europesays.com\/it\/wp-json\/wp\/v2\/types\/post"}],"author":[{"embeddable":true,"href":"https:\/\/www.europesays.com\/it\/wp-json\/wp\/v2\/users\/3"}],"replies":[{"embeddable":true,"href":"https:\/\/www.europesays.com\/it\/wp-json\/wp\/v2\/comments?post=661465"}],"version-history":[{"count":0,"href":"https:\/\/www.europesays.com\/it\/wp-json\/wp\/v2\/posts\/661465\/revisions"}],"wp:featuredmedia":[{"embeddable":true,"href":"https:\/\/www.europesays.com\/it\/wp-json\/wp\/v2\/media\/661466"}],"wp:attachment":[{"href":"https:\/\/www.europesays.com\/it\/wp-json\/wp\/v2\/media?parent=661465"}],"wp:term":[{"taxonomy":"category","embeddable":true,"href":"https:\/\/www.europesays.com\/it\/wp-json\/wp\/v2\/categories?post=661465"},{"taxonomy":"post_tag","embeddable":true,"href":"https:\/\/www.europesays.com\/it\/wp-json\/wp\/v2\/tags?post=661465"}],"curies":[{"name":"wp","href":"https:\/\/api.w.org\/{rel}","templated":true}]}}