{"id":661480,"date":"2026-09-02T13:37:30","date_gmt":"2026-09-02T13:37:30","guid":{"rendered":"https:\/\/www.europesays.com\/it\/661480\/"},"modified":"2026-09-02T13:37:30","modified_gmt":"2026-09-02T13:37:30","slug":"mostra-del-cinema-di-venezia-2026-oggi-la-cerimonia-di-inaugurazione-ospiti-e-programma-diretta","status":"publish","type":"post","link":"https:\/\/www.europesays.com\/it\/661480\/","title":{"rendered":"Mostra del Cinema di Venezia 2026, oggi la cerimonia di inaugurazione: ospiti e programma. DIRETTA"},"content":{"rendered":"<p>Oggi, <strong>mercoled\u00ec 2 settembre 2026<\/strong>, inizia la <strong>83\u00aa edizione della Mostra Internazionale d\u2019Arte Cinematografica della Biennale di Venezia <\/strong>(<a href=\"\\&quot;https:\/\/tg24.sky.it\/spettacolo\/cinema\/2026\/08\/28\/festival-venezia-2026\\&quot;\" data-intcmp=\"\\&quot;skytg24_liveblog_interlink_text\\&quot;\"><strong>IL PROGRAMMA<\/strong><\/a>&#8211; <a href=\"\\&quot;https:\/\/tg24.sky.it\/spettacolo\/cinema\/2026\/08\/29\/ospiti-festival-venezia-2026\\&quot;\" data-intcmp=\"\\&quot;skytg24_liveblog_interlink_text\\&quot;\"><strong>GLI OSPITI PI\u00d9 ATTESI<\/strong><\/a>). La <strong>Giuria Internazionale del Concorso<\/strong> (<a href=\"\\&quot;https:\/\/tg24.sky.it\/spettacolo\/cinema\/2026\/07\/23\/festival-cinema-venezia-2026\\&quot;\" data-intcmp=\"\\&quot;skytg24_liveblog_interlink_text\\&quot;\"><strong>TUTTI I FILM IN CONCORSO<\/strong><\/a>), che assegner\u00e0 il <strong>Leone d\u2019Oro <\/strong>a uno dei <strong>21 film <\/strong>in gara,\u00e8 presieduta dalla regista americana <strong>Maggie Gyllenhaal <\/strong>(\\&#8221;I film sono un&#8217;opportunit\u00e0 per l&#8217;empatia\\&#8221;, ha detto in <strong>conferenza stampa<\/strong>) ed \u00e8 composta anche da <strong>Kaouther Ben Hania<\/strong>, <strong>Daniel Blumberg<\/strong>, <strong>Francesco Casetti<\/strong>, <strong>Xavier Giannoli<\/strong>, <strong>Shahrbanoo Sadat<\/strong> e <strong>Johnnie To<\/strong>.\\n\\n\\n\\n<\/p>\n<p>La <strong>cerimonia di apertura<\/strong>, che \u00e8 attesa per le <strong>ore 19 <\/strong>nella<strong> Sala Grande <\/strong>del <strong>Palazzo del Cinema <\/strong>al <strong>Lido<\/strong>, e che sar\u00e0 condotta da <strong>Greta Scarano<\/strong> (<a href=\"\\&quot;https:\/\/tg24.sky.it\/spettacolo\/cinema\/2026\/09\/01\/greta-scarano-festival-venezia-nicolas-maupas\\&quot;\" data-intcmp=\"\\&quot;skytg24_liveblog_interlink_text\\&quot;\"><strong>LE FOTO DELLA MADRINA<\/strong><\/a>) e da <strong>Nicolas Maupas<\/strong>, <a href=\"\\&quot;https:\/\/tg24.sky.it\/spettacolo\/cinema\/2026\/09\/01\/festival-venezia-cerimonia-apertura-tutti-fenomeni\\&quot;\" data-intcmp=\"\\&quot;skytg24_liveblog_interlink_text\\&quot;\">con l\u2019esibizione del cantautore e attore <strong>Tutti Fenomeni<\/strong><\/a>, prevede la proiezione del <strong>film <\/strong>in<strong> Concorso<\/strong> Ink di <strong>Danny Boyle<\/strong>, con protagonisti <strong>Guy Pearce<\/strong>, <strong>Jack O\u2019 Connell <\/strong>e <strong>Claire Foy<\/strong>. Racconta la storia vera dell\u2019acquisizione del quotidiano britannico The Sun da parte del giovane magnate australiano Rupert Murdoch, avvenuta nel 1969. Il regista si concentra sull\u2019ascesa del giornale, guidata dal neo-direttore Larry Lamb, e sul gruppo di giornalisti che ha ideato un nuovo modo di fare informazione.<\/p>\n<p>\\n\\n<\/p>\n<p><a href=\"\\&quot;https:\/\/tg24.sky.it\/spettacolo\/cinema\/2026\/08\/30\/festival-venezia-laura-dern-george-clooney\\&quot;\" data-intcmp=\"\\&quot;skytg24_liveblog_interlink_text\\&quot;\">L\u2019attrice Premio Oscar <strong>Laura Dern<\/strong> terr\u00e0 la <strong>laudatio<\/strong> di <strong>George Clooney<\/strong><\/a><strong> (<\/strong><a href=\"\\&quot;https:\/\/tg24.sky.it\/spettacolo\/cinema\/2026\/09\/01\/george-clooney-amal-festival-venezia\\&quot;\" data-intcmp=\"\\&quot;skytg24_liveblog_interlink_text\\&quot;\"><strong>LE FOTO DELL&#8217;ARRIVO DI GEORGE E AMAL CLOONEY AL LIDO<\/strong><\/a><strong>) <\/strong>in occasione della consegna del <strong>Leone d\u2019Oro alla Carriera<\/strong> all\u2019attore e regista statunitense. \u201cCredo che <strong>narrare storie<\/strong> sia qualcosa di cui abbiamo bisogno. Non possiamo vivere senza. Come societ\u00e0, dobbiamo vedere il mondo dagli occhi degli altri, altrimenti non impariamo nulla\\&#8221;, ha detto in <a href=\"\\&quot;https:\/\/tg24.sky.it\/spettacolo\/cinema\/2026\/09\/02\/george-clooney-leone-d-oro-carriera-mostra-cinema-venezia\\&quot;\" target=\"\\&quot;_self\\&quot;\" data-intcmp=\"\\&quot;skytg24_liveblog_interlink_text\\&quot;\"><strong>conferenza stampa<\/strong><\/a>.<\/p>\n<p>\\n\\n<\/p>\n<p>Nella sezione <strong>Orizzonti<\/strong> il <strong>film di apertura <\/strong>sar\u00e0 La ragazza con la Leica di <strong>Alina Marazzi<\/strong>. Parigi, 14 luglio 1937. Gerda Taro trascorre insieme a Robert Capa e agli amici di sempre, con i quali \u00e8 fuggita dalla Germania nazista, l\u2019ultimo giorno prima di tornare sul fronte spagnolo. Tra passato e presente riaffiorano i momenti che hanno segnato la sua vita, compreso il desiderio, sempre pi\u00f9 forte, di usare la sua Leica come strumento di lotta e di libert\u00e0.<\/p>\n<p>\\n<\/p>\n<p>Nella sezione <strong>Giornate degli Autori<\/strong> il <strong>film di apertura<\/strong> sar\u00e0 <strong>My Notes on Mars<\/strong> di <strong>Lili Horv\u00e1t <\/strong>e con <strong>Rupert Friend<\/strong>. Margot, una brillante giovane scienziata che sta affrontando una crisi matrimoniale, scompare durante un\u2019escursione con il marito, Sam. Passa del tempo e il giorno della cerimonia in sua memoria, riappare miracolosamente. Non ricorda nulla della sua vita, tranne le ricerche su Marte che vuole in tutti i modi ritrovare e distruggere.<\/p>\n<p>&#8220;,&#8221;postId&#8221;:&#8221;1c70dbe9-81a5-435b-a0c9-33f1d88ce381&#8243;,&#8221;postLink&#8221;:{&#8220;title&#8221;:&#8221;&#8221;,&#8221;url&#8221;:&#8221;&#8221;,&#8221;imageSrc&#8221;:&#8221;&#8221;}}],&#8221;posts&#8221;:[{&#8220;timestamp&#8221;:&#8221;2026-09-02T13:30:00.593Z&#8221;,&#8221;timestampUtcIt&#8221;:&#8221;2026-09-02T15:30:00+0200&#8243;,&#8221;image&#8221;:{&#8220;imgSrc&#8221;:&#8221;https:\/\/www.europesays.com\/it\/wp-content\/uploads\/2026\/09\/cast-ink-venezia-83-GettyImages-2293160393.jpg&#8221;,&#8221;imgAlt&#8221;:&#8221;Il cast di Ink, film di Danny Boyle che apre l&#8217;83esima edizione della Mostra del Cinema di Venezia&#8221;,&#8221;imgCredits&#8221;:&#8221;\u00a9Getty&#8221;,&#8221;imgCaption&#8221;:null},&#8221;altBackground&#8221;:true,&#8221;title&#8221;:&#8221;Il cast di Ink a Venezia&#8221;,&#8221;content&#8221;:&#8221;<\/p>\n<p>Il cast di Ink \u00e8 a Venezia. Da sinistra: Guy Pearce, Claire Foy, Jack O&#8217;Connell, Tessa Ross, il regista Danny Boyle, James Graham, Tracey Seaward e Michael Ellenberg. Ink \u00e8 il film d&#8217;apertura dell&#8217;83esima edizione della Mostra del Cinema di Venezia.<\/p>\n<p>&#8220;,&#8221;postId&#8221;:&#8221;26d17f24-8eaf-4b3c-875f-6afebbf5ff45&#8243;,&#8221;postLink&#8221;:{&#8220;title&#8221;:&#8221;&#8221;,&#8221;url&#8221;:&#8221;&#8221;,&#8221;imageSrc&#8221;:&#8221;&#8221;}},{&#8220;timestamp&#8221;:&#8221;2026-09-02T13:10:40.031Z&#8221;,&#8221;timestampUtcIt&#8221;:&#8221;2026-09-02T15:10:40+0200&#8243;,&#8221;altBackground&#8221;:false,&#8221;title&#8221;:&#8221;Daniele Vicari \u00e8 il presidente della Giuria Venezia Classici&#8221;,&#8221;content&#8221;:&#8221;<\/p>\n<p>Daniele Vicari al Lido per presidere la giuria di Venezia Classici all&#8217;83a Mostra del Cinema di Venezia.<\/p>\n<p>&#8220;,&#8221;social&#8221;:{&#8220;socialType&#8221;:&#8221;instagram&#8221;,&#8221;src&#8221;:&#8221;https:\/\/www.instagram.com\/p\/DcyMt74Dc2U\/?utm_source=ig_embed&amp;utm_campaign=loading&#8221;,&#8221;cookieAllowed&#8221;:true},&#8221;postId&#8221;:&#8221;27543514-9470-4f75-807b-e2275830039b&#8221;,&#8221;postLink&#8221;:{&#8220;title&#8221;:&#8221;&#8221;,&#8221;url&#8221;:&#8221;&#8221;,&#8221;imageSrc&#8221;:&#8221;&#8221;}},{&#8220;timestamp&#8221;:&#8221;2026-09-02T12:57:33.792Z&#8221;,&#8221;timestampUtcIt&#8221;:&#8221;2026-09-02T14:57:33+0200&#8243;,&#8221;altBackground&#8221;:false,&#8221;title&#8221;:&#8221;Maggie Gyllenhaal: \\&#8221;I film sono un&#8217;opportunit\u00e0 per l&#8217;empatia\\&#8221;&#8221;,&#8221;content&#8221;:&#8221;<\/p>\n<p>Durante la conferenza stampa d&#8217;apertura dell&#8217;83a edizione della Mostra del Cinema di Venezia, la presidente della Giuria internazionale Maggie Gyllenhaal ha parlato dell&#8217;opportunit\u00e0 che il cinema ha per sviulppare empatia in un momento storico cos\u00ec complesso. Il video dal profilo X della Biennale.\u00a0<\/p>\n<p>&#8220;,&#8221;social&#8221;:{&#8220;socialType&#8221;:&#8221;twitter&#8221;,&#8221;src&#8221;:&#8221;https:\/\/twitter.com\/la_Biennale\/status\/2095131519425589518&#8243;,&#8221;cookieAllowed&#8221;:true},&#8221;postId&#8221;:&#8221;3c1915ac-79a1-48d6-b464-e60a9bf6bb92&#8243;,&#8221;postLink&#8221;:{&#8220;title&#8221;:&#8221;&#8221;,&#8221;url&#8221;:&#8221;&#8221;,&#8221;imageSrc&#8221;:&#8221;&#8221;}},{&#8220;timestamp&#8221;:&#8221;2026-09-02T12:39:42.407Z&#8221;,&#8221;timestampUtcIt&#8221;:&#8221;2026-09-02T14:39:42+0200&#8243;,&#8221;altBackground&#8221;:false,&#8221;title&#8221;:&#8221;Maggie Gyllenhaal presiede la Giuria del Concorso che assegner\u00e0 il Leone d&#8217;Oro&#8221;,&#8221;content&#8221;:&#8221;<\/p>\n<p>L&#8217;arrivo dell&#8217;attrice, regista e produttrice statunitense al Lido<\/p>\n<p>&#8220;,&#8221;social&#8221;:{&#8220;socialType&#8221;:&#8221;instagram&#8221;,&#8221;src&#8221;:&#8221;https:\/\/www.instagram.com\/p\/DcyMa9xDU3b\/?utm_source=ig_embed&amp;utm_campaign=loading&#8221;,&#8221;cookieAllowed&#8221;:true},&#8221;postId&#8221;:&#8221;87905f60-c808-4adf-b517-8dcbef98ee15&#8243;,&#8221;postLink&#8221;:{&#8220;title&#8221;:&#8221;&#8221;,&#8221;url&#8221;:&#8221;&#8221;,&#8221;imageSrc&#8221;:&#8221;&#8221;}},{&#8220;timestamp&#8221;:&#8221;2026-09-02T12:32:19.663Z&#8221;,&#8221;timestampUtcIt&#8221;:&#8221;2026-09-02T14:32:19+0200&#8243;,&#8221;altBackground&#8221;:false,&#8221;title&#8221;:&#8221;Mostra Cinema Venezia, Leone d&#8217;Oro alla Carriera a George Clooney: \\&#8221;Narrare per imparare\\&#8221;&#8221;,&#8221;content&#8221;:&#8221;<\/p>\n<p>\u201cCredo che <strong>narrare storie<\/strong> sia qualcosa di cui abbiamo bisogno. Non possiamo vivere senza. Come societ\u00e0, dobbiamo vedere il mondo dagli occhi degli altri, altrimenti non impariamo nulla\u201d. <a href=\"\\&quot;https:\/\/tg24.sky.it\/spettacolo\/cinema\/2026\/09\/02\/george-clooney-leone-d-oro-carriera-mostra-cinema-venezia\\&quot;\" data-intcmp=\"\\&quot;skytg24_liveblog_interlink_text\\&quot;\">George Clooney ha esordito cos\u00ec alla <strong>conferenza stampa<\/strong><\/a> di Venezia 83<\/p>\n<p>\\n\\n&#8221;,&#8221;postId&#8221;:&#8221;37e27742-2eba-43b7-93d5-14d92cd193ec&#8221;,&#8221;postLink&#8221;:{&#8220;title&#8221;:&#8221;&#8221;,&#8221;url&#8221;:&#8221;&#8221;,&#8221;imageSrc&#8221;:&#8221;&#8221;}},{&#8220;timestamp&#8221;:&#8221;2026-09-02T12:08:11.748Z&#8221;,&#8221;timestampUtcIt&#8221;:&#8221;2026-09-02T14:08:11+0200&#8243;,&#8221;video&#8221;:{&#8220;videoId&#8221;:&#8221;1121477&#8243;,&#8221;videoPageUrl&#8221;:&#8221;https:\/\/video.sky.it\/news\/spettacolo\/video\/venezia-83-danny-boyle-ink-1121477&#8243;},&#8221;altBackground&#8221;:true,&#8221;title&#8221;:&#8221;Venezia 83: Danny Boyle apre con Ink&#8221;,&#8221;content&#8221;:&#8221;<\/p>\n<p>\\&#8221;Ink\\&#8221; di Danny Boyle \u00e8 il film d&#8217;apertura dell&#8217;83a Mostra del Cinema di Venezia. Il film racconta di un gruppo di visionari e outsider che ebbero l\u2019idea di un nuovo modo di fare informazione. Il regista britannico \u00e8 stato intervistato da Denise Negri<\/p>\n<p>&#8220;,&#8221;postId&#8221;:&#8221;b9cc3612-158f-488a-a79e-5d7f169413ba&#8221;,&#8221;postLink&#8221;:{&#8220;title&#8221;:&#8221;&#8221;,&#8221;url&#8221;:&#8221;&#8221;,&#8221;imageSrc&#8221;:&#8221;&#8221;}},{&#8220;timestamp&#8221;:&#8221;2026-09-02T11:52:14.815Z&#8221;,&#8221;timestampUtcIt&#8221;:&#8221;2026-09-02T13:52:14+0200&#8243;,&#8221;altBackground&#8221;:false,&#8221;title&#8221;:&#8221;Clooney: \\&#8221;A novembre si vota, speriamo torni normalit\u00e0\\&#8221;&#8221;,&#8221;content&#8221;:&#8221;<\/p>\n<p>\\&#8221;Sono sempre molto ottimista, ma credo siamo in una situazione poco fortunata, per dirla con un eufemismo. Ho visto gli Usa nel &#8217;68 quando le citt\u00e0 erano in fiamme e la capitale era circondata da militari armati. Siamo in una \\&#8221;kakistocracy\\&#8221; attualmente, la situazione in cui un paese \u00e8 guidato dalle persone meno capaci, ma passeremo anche questo e a novembre si vota e poi ci sono le elezioni nel 2028 e se tutto va bene torneremo a una situazione di normalit\u00e0\\&#8221;. L&#8217;ha detto l&#8217;attore americano George Clooney parlando a una conferenza stampa alla Mostra del cinema di Venezia.<\/p>\n<p>&#8220;,&#8221;postId&#8221;:&#8221;838b2257-f616-42f8-ae97-ca1d40b0fd1f&#8221;,&#8221;postLink&#8221;:{&#8220;title&#8221;:&#8221;&#8221;,&#8221;url&#8221;:&#8221;&#8221;,&#8221;imageSrc&#8221;:&#8221;&#8221;}},{&#8220;timestamp&#8221;:&#8221;2026-09-02T11:38:25.092Z&#8221;,&#8221;timestampUtcIt&#8221;:&#8221;2026-09-02T13:38:25+0200&#8243;,&#8221;video&#8221;:{&#8220;videoId&#8221;:&#8221;1121453&#8243;,&#8221;videoPageUrl&#8221;:&#8221;https:\/\/video.sky.it\/news\/spettacolo\/video\/venezia-83-la-ragazza-con-la-leica-apre-sezione-orizzonti-1121453&#8243;},&#8221;altBackground&#8221;:true,&#8221;title&#8221;:&#8221;\\&#8221;La ragazza con la Leica\\&#8221; apre la sezione Orizzonti&#8221;,&#8221;content&#8221;:&#8221;<\/p>\n<p>La sezione Orizzonti dell&#8217;83a edizione della Mostra del cinema \u00e8 aperta da \\&#8221;La ragazza con la Leica\\&#8221;, film di Alina Marazzi ispirato all&#8217;omonimo romanzo di Helena Janeczek. L&#8217;intervista alla regista.<\/p>\n<p>&#8220;,&#8221;postId&#8221;:&#8221;2b5111b2-053a-405c-a1e0-0c8c9b1e21a8&#8243;,&#8221;postLink&#8221;:{&#8220;title&#8221;:&#8221;&#8221;,&#8221;url&#8221;:&#8221;&#8221;,&#8221;imageSrc&#8221;:&#8221;&#8221;}},{&#8220;timestamp&#8221;:&#8221;2026-09-02T11:23:23.721Z&#8221;,&#8221;timestampUtcIt&#8221;:&#8221;2026-09-02T13:23:23+0200&#8243;,&#8221;altBackground&#8221;:false,&#8221;title&#8221;:&#8221;Clooney: \\&#8221;Stato giornalismo nel mondo preoccupante\\&#8221;&#8221;,&#8221;content&#8221;:&#8221;<\/p>\n<p>\\&#8221;Lo stato del giornalismo nel mondo \u00e8 preoccupante. I ricchi del mondo hanno la propriet\u00e0 del Washington Post, di X e 5, 6 delle principali fonti di informazioni sono detenute dalle persone pi\u00f9 ricche del mondo e questo \u00e8 preoccupante. Ma c&#8217;\u00e8 ancora speranza, io e mia moglie abbiamo grande ammirazione e appoggiamo il giornalismo. Io stesso e mia moglie siamo figli di giornalisti. \u00c8 un mestiere che \u00e8 sempre stato sfidato, \u00e8 preoccupante ma \u00e8 sempre stato cos\u00ec. Credo che l&#8217;informazione trover\u00e0 per\u00f2 sempre un modo per essere libero\\&#8221;. L&#8217;ha detto \u00a0George Clooney parlando alla Mostra del cinema di Venezia, alla conferenza stampa indetta in occasione della consegna del Leone d&#8217;oro alla Carriera.<\/p>\n<p>&#8220;,&#8221;postId&#8221;:&#8221;df410701-2331-4b9c-8d89-6790fabb6bba&#8221;,&#8221;postLink&#8221;:{&#8220;title&#8221;:&#8221;&#8221;,&#8221;url&#8221;:&#8221;&#8221;,&#8221;imageSrc&#8221;:&#8221;&#8221;}},{&#8220;timestamp&#8221;:&#8221;2026-09-02T11:21:45.138Z&#8221;,&#8221;timestampUtcIt&#8221;:&#8221;2026-09-02T13:21:45+0200&#8243;,&#8221;altBackground&#8221;:false,&#8221;title&#8221;:&#8221;Clooney: \\&#8221;Con Venezia storia d&#8217;amore da 30 anni\\&#8221;&#8221;,&#8221;content&#8221;:&#8221;<\/p>\n<p>\\&#8221;La mia storia d&#8217;amore con Venezia dura da tren&#8217;anni, mi sono anche sposato qui ed \u00e8 stato il momento pi\u00f9 bello&#8230; sarei nei guai se non lo dicessi. \u00c8 una citt\u00e0 romantica e di speranza, come questo festival\\&#8221;. \u00c8 quanto affermato da George Clooney nel corso di una conferenza stampa organizzata alla Mostra del Cinema in occasione del conferimento del Leone d&#8217;Oro alla Carriera. \\&#8221;Chi viene a Venezia dice che se ne \u00e8 innamorato, e come potrebbe non essere cos\u00ec? Chi non lo dice sta male, \u00e8 uno dei posti pi\u00f9 belli del mondo\\&#8221;, ha poi aggiunto. E a chi gli chiedeva cosa fare stasera dopo la consegna del Leone d&#8217;oro alla Carriera ha risposto con la consueta ironia: \\&#8221;berr\u00f2&#8230; nei prossimi giorni usciremo a cena, questa \u00e8 una citt\u00e0 dove si prende una barca, si passa un ponte e ci si trova improvvisamente in un ristorante con 4 tavoli, con un gestore che ti accoglie. \u00c8 una citt\u00e0 di grande ottimismo\\&#8221;.<\/p>\n<p>&#8220;,&#8221;postId&#8221;:&#8221;662c1304-a8cc-4d61-a896-81a7442eb2a6&#8243;,&#8221;postLink&#8221;:{&#8220;title&#8221;:&#8221;&#8221;,&#8221;url&#8221;:&#8221;&#8221;,&#8221;imageSrc&#8221;:&#8221;&#8221;}},{&#8220;timestamp&#8221;:&#8221;2026-09-02T11:14:39.856Z&#8221;,&#8221;timestampUtcIt&#8221;:&#8221;2026-09-02T13:14:39+0200&#8243;,&#8221;altBackground&#8221;:false,&#8221;title&#8221;:&#8221;Clooney: \\&#8221;Questo premio per me \u00e8 fantastico\\&#8221;&#8221;,&#8221;content&#8221;:&#8221;<\/p>\n<p>\\&#8221;Ho avuto tanti successi ed insuccessi qui come quando ero con Cathrine Zeta Jones\\&#8221; ha detto Clooney che ha confermato di essere profondamente legato al festival. \\&#8221;Ricevere questo premio del Leone d&#8217;oro alla carriera \u00e8 una cosa fantastica per me\\&#8221;.<\/p>\n<p>&#8220;,&#8221;postId&#8221;:&#8221;92f4f320-f212-4267-9dc6-0a24c584c464&#8243;,&#8221;postLink&#8221;:{&#8220;title&#8221;:&#8221;&#8221;,&#8221;url&#8221;:&#8221;&#8221;,&#8221;imageSrc&#8221;:&#8221;&#8221;}},{&#8220;timestamp&#8221;:&#8221;2026-09-02T11:11:57.425Z&#8221;,&#8221;timestampUtcIt&#8221;:&#8221;2026-09-02T13:11:57+0200&#8243;,&#8221;altBackground&#8221;:false,&#8221;title&#8221;:&#8221;Clooney: \\&#8221;Intelligenza artificiale? Situazione complicata\\&#8221;&#8221;,&#8221;content&#8221;:&#8221;<\/p>\n<p>\\&#8221;Si potrebbero fare dei film con AI ma diventa sempre pi\u00f9 complesso e complicato, a volte ti mettono in bocca cose che non hai mai detto\\&#8221;, ha detto George Clooney in conferenza stampa al Lido di Venezia. \\&#8221;Sar\u00e0 sempre pi\u00f9 difficile capire la verit\u00e0, dove \u00e8 il fake. Difficolt\u00e0 \u00e8 anche per giornalisti che possono essere ingannati dalle indagini\\&#8221;.<\/p>\n<p>&#8220;,&#8221;postId&#8221;:&#8221;58ae32cd-c694-424e-8214-24e30cd2871c&#8221;,&#8221;postLink&#8221;:{&#8220;title&#8221;:&#8221;&#8221;,&#8221;url&#8221;:&#8221;&#8221;,&#8221;imageSrc&#8221;:&#8221;&#8221;}},{&#8220;timestamp&#8221;:&#8221;2026-09-02T11:09:07.824Z&#8221;,&#8221;timestampUtcIt&#8221;:&#8221;2026-09-02T13:09:07+0200&#8243;,&#8221;image&#8221;:{&#8220;imgSrc&#8221;:&#8221;https:\/\/www.europesays.com\/it\/wp-content\/uploads\/2026\/09\/GettyImages-2293146701.jpg&#8221;,&#8221;imgAlt&#8221;:&#8221;Laura Dern&#8221;,&#8221;imgCredits&#8221;:&#8221;\u00a9Getty&#8221;,&#8221;imgCaption&#8221;:null},&#8221;altBackground&#8221;:true,&#8221;title&#8221;:&#8221;L&#8217;arrivo di Laura Dern al Lido&#8221;,&#8221;content&#8221;:&#8221;<\/p>\n<p>Laura Dern \u00e8 arrivata al Lido di Venezia in occasione dell\u2019apertura dell\u201983\u00aa Mostra del Cinema.\\nL\u2019attrice statunitense sar\u00e0 tra le protagoniste della cerimonia inaugurale.\\nDern avr\u00e0 il compito di pronunciare la <strong>laudatio per George Clooney<\/strong>, che ricever\u00e0 il Leone d\u2019Oro alla carriera.\\nUn ritorno a Venezia per una delle interpreti pi\u00f9 apprezzate del cinema americano contemporaneo.<\/p>\n<p>&#8220;,&#8221;postId&#8221;:&#8221;f0660c68-ef86-4e22-9227-237387b7ea51&#8243;,&#8221;postLink&#8221;:{&#8220;title&#8221;:&#8221;&#8221;,&#8221;url&#8221;:&#8221;&#8221;,&#8221;imageSrc&#8221;:&#8221;&#8221;}},{&#8220;timestamp&#8221;:&#8221;2026-09-02T11:05:01.430Z&#8221;,&#8221;timestampUtcIt&#8221;:&#8221;2026-09-02T13:05:01+0200&#8243;,&#8221;altBackground&#8221;:false,&#8221;title&#8221;:&#8221;Clooney: \\&#8221;Adoro l&#8217;arte figurativa\\&#8221;&#8221;,&#8221;content&#8221;:&#8221;<\/p>\n<p>\\&#8221;Il cinema \u00e8 la settima arte ma adoro anche le arti figurative. SOno sempre stato interessato anche da giovanissimo\\&#8221; ha detto Clooney in conferenza stampa\\&#8221;<\/p>\n<p>&#8220;,&#8221;postId&#8221;:&#8221;611b6632-7ab6-49c8-b66a-e4de1d66bb72&#8243;,&#8221;postLink&#8221;:{&#8220;title&#8221;:&#8221;&#8221;,&#8221;url&#8221;:&#8221;&#8221;,&#8221;imageSrc&#8221;:&#8221;&#8221;}},{&#8220;timestamp&#8221;:&#8221;2026-09-02T11:03:13.019Z&#8221;,&#8221;timestampUtcIt&#8221;:&#8221;2026-09-02T13:03:13+0200&#8243;,&#8221;altBackground&#8221;:false,&#8221;title&#8221;:&#8221;Clooney: \\&#8221;Per cambiamento climatico ho fiducia nel futuro\\&#8221;&#8221;,&#8221;content&#8221;:&#8221;<\/p>\n<p>\\&#8221;Il riscaldamanto globale i grandi della Terra dicono che non continuer\u00e0. Questa estate a Como c&#8217;erano incendi. E&#8217; stata un&#8217;estate estremamente secca e calda\\&#8221;. Cos\u00ec George Clooney durante al conferenza stampa di Venezia.<\/p>\n<p>&#8220;,&#8221;postId&#8221;:&#8221;ac7d4a3a-ce78-4a6c-831a-0ead1ecbe216&#8243;,&#8221;postLink&#8221;:{&#8220;title&#8221;:&#8221;&#8221;,&#8221;url&#8221;:&#8221;&#8221;,&#8221;imageSrc&#8221;:&#8221;&#8221;}},{&#8220;timestamp&#8221;:&#8221;2026-09-02T10:58:27.736Z&#8221;,&#8221;timestampUtcIt&#8221;:&#8221;2026-09-02T12:58:27+0200&#8243;,&#8221;altBackground&#8221;:false,&#8221;title&#8221;:&#8221;Clooney sbarca al Lido, selfie e autografi&#8221;,&#8221;content&#8221;:&#8221;<\/p>\n<p>George Clooney e&#8217; sbarcato al Lido, approdando alla darsena del Palazzo del Casino&#8217; in vista degli incontri con la stampa. A poche ore dalla cerimonia di consegna del Leone d&#8217;Oro alla Carriera &#8211; riconoscimento che suggella il suo storico e profondo legame con la Laguna &#8211; l&#8217;attore e regista statunitense e&#8217; stato accolto dal sorridendo. Clooney si e&#8217; poi fermato a lungo con i fan scattando selfie e rridente e rilassato salutando i fotografi presenti con un \\&#8221;Buongiorno\\&#8221;, per poi rivolgersi direttamente a un fotografo chiedendogli: \\&#8221;Come stai? Every good?\\&#8221;. Completo blu e occhiali scuri per il divo hollywoodiano. Prima di allontanarsi dai flash la star di Hollywood ha scambiato qualche battuta scherzando sulle temperature lagunari: \\&#8221;Fa caldo\\&#8221;, ha chiosato sorridendo. Clooney si e&#8217; poi fermato a lungo con i fan scattando selfie e firmando autografi.\u00a0<\/p>\n<p>&#8220;,&#8221;postId&#8221;:&#8221;132f6efa-5f90-4524-af2b-51ec1224d8af&#8221;,&#8221;postLink&#8221;:{&#8220;title&#8221;:&#8221;&#8221;,&#8221;url&#8221;:&#8221;&#8221;,&#8221;imageSrc&#8221;:&#8221;&#8221;}},{&#8220;timestamp&#8221;:&#8221;2026-09-02T10:53:27.919Z&#8221;,&#8221;timestampUtcIt&#8221;:&#8221;2026-09-02T12:53:27+0200&#8243;,&#8221;image&#8221;:{&#8220;imgSrc&#8221;:&#8221;https:\/\/www.europesays.com\/it\/wp-content\/uploads\/2026\/09\/Screenshot 2026-09-02 124835.png&#8221;,&#8221;imgAlt&#8221;:&#8221;George Clooney&#8221;,&#8221;imgCredits&#8221;:null,&#8221;imgCaption&#8221;:null},&#8221;altBackground&#8221;:true,&#8221;title&#8221;:&#8221;Clooney: \\&#8221;Grande amore per Venezia, mi sono sposato qui\\&#8221;&#8221;,&#8221;content&#8221;:&#8221;<\/p>\n<p>George Clooney in conferenza stampa ha confermato il suo legame speciale con Venezia e ha ricordato che in questo luogo si \u00e8 anche sposato con Amal. \\&#8221;Sono innamorato di Venezia, stasera faremo una cena romantica io e mia moglie\\&#8221; ha detto Clooney.<\/p>\n<p>&#8220;,&#8221;postId&#8221;:&#8221;5d860479-4edd-4484-88ae-50b0311c0fec&#8221;,&#8221;postLink&#8221;:{&#8220;title&#8221;:&#8221;&#8221;,&#8221;url&#8221;:&#8221;&#8221;,&#8221;imageSrc&#8221;:&#8221;&#8221;}},{&#8220;timestamp&#8221;:&#8221;2026-09-02T10:47:26.795Z&#8221;,&#8221;timestampUtcIt&#8221;:&#8221;2026-09-02T12:47:26+0200&#8243;,&#8221;image&#8221;:{&#8220;imgSrc&#8221;:&#8221;https:\/\/www.europesays.com\/it\/wp-content\/uploads\/2026\/09\/GettyImages-2293142316.jpg&#8221;,&#8221;imgAlt&#8221;:&#8221;George Clooney&#8221;,&#8221;imgCredits&#8221;:&#8221;\u00a9Getty&#8221;,&#8221;imgCaption&#8221;:null},&#8221;altBackground&#8221;:true,&#8221;title&#8221;:&#8221;L&#8217;arrivo dell&#8217;attore George Clooney al Lido&#8221;,&#8221;content&#8221;:&#8221;<\/p>\n<p>George Clooney \u00e8 arrivato al Lido di Venezia per l\u2019apertura dell\u201983\u00aa Mostra del Cinema. \u00a0Lattore statunitense sar\u00e0 protagonista della cerimonia inaugurale di questa sera.\\nA Clooney verr\u00e0 assegnato il <strong>Leone d\u2019Oro alla carriera<\/strong>, uno dei riconoscimenti pi\u00f9 prestigiosi della Mostra. \\nUn premio che celebra una lunga carriera tra cinema d\u2019autore, grandi produzioni e impegno civile<\/p>\n<p>&#8220;,&#8221;postId&#8221;:&#8221;a1cf1f29-a41d-4b57-bb71-a2e62b086a0c&#8221;,&#8221;postLink&#8221;:{&#8220;title&#8221;:&#8221;&#8221;,&#8221;url&#8221;:&#8221;&#8221;,&#8221;imageSrc&#8221;:&#8221;&#8221;}},{&#8220;timestamp&#8221;:&#8221;2026-09-02T10:34:41.856Z&#8221;,&#8221;timestampUtcIt&#8221;:&#8221;2026-09-02T12:34:41+0200&#8243;,&#8221;altBackground&#8221;:false,&#8221;title&#8221;:&#8221; Mostra del Cinema di Venezia 2026, chi sono i membri della giuria. FOTO&#8221;,&#8221;content&#8221;:&#8221;<\/p>\n<p>La Giuria Internazionale del Concorso Venezia 83 si \u00e8 presentata al photocall ufficiale della kermesse. Il gruppo riunisce Maggie Gyllenhaal, Kaouther Ben Hania, Daniel Blumberg, Francesco Casetti, Xavier Giannoli, Shahrbanoo Sadat e Johnnie To. A presiedere la giuria\u00a0chiamata ad assegnare il Leone d\u2019Oro e gli altri premi del Concorso \u00e8 Gyllenhaal. Scopriamo chi sono tutti i giurati<\/p>\n<p>&#8220;,&#8221;postId&#8221;:&#8221;c97061bd-8990-403f-802c-81172182044a&#8221;,&#8221;postLink&#8221;:{&#8220;title&#8221;:&#8221;Mostra del Cinema di Venezia 2026, ecco i membri della giuria. FOTO&#8221;,&#8221;url&#8221;:&#8221;https:\/\/tg24.sky.it\/spettacolo\/cinema\/2026\/09\/02\/giuria-mostra-del-cinema-di-venezia-2026&#8243;,&#8221;imageSrc&#8221;:&#8221;https:\/\/tg24.sky.it\/assets\/images\/a17065f4781729437ece9470327655a3fd2dd09e\/skytg24\/it\/spettacolo\/cinema\/2026\/09\/02\/giuria-mostra-del-cinema-di-venezia-2026\/visore-juri-ve.jpg?im=Resize,width=1218&#8243;}},{&#8220;timestamp&#8221;:&#8221;2026-09-02T10:33:23.537Z&#8221;,&#8221;timestampUtcIt&#8221;:&#8221;2026-09-02T12:33:23+0200&#8243;,&#8221;altBackground&#8221;:false,&#8221;title&#8221;:&#8221;Barbera: \\&#8221;Pubblico \u00e8 cambiato, giovani pi\u00f9 vicini al cinema\\&#8221;&#8221;,&#8221;content&#8221;:&#8221;<\/p>\n<p>Il direttore artistico del Festival, A. Barbera, dice che statisticamente i giovani anche i giovanissimi sono di nuovo interessati al cinema. \\&#8221;Il pubblico \u00e8 cambiato\\&#8221;, ha aggiunto \\&#8221;l&#8217;esperienza collettiva nella sala grande i porter\u00e0 all&#8217;abitudine di tornare al cinema\\&#8221;.<\/p>\n<p>&#8220;,&#8221;postId&#8221;:&#8221;864bb430-366d-4177-b9f4-a06849b098be&#8221;,&#8221;postLink&#8221;:{&#8220;title&#8221;:&#8221;&#8221;,&#8221;url&#8221;:&#8221;&#8221;,&#8221;imageSrc&#8221;:&#8221;&#8221;}},{&#8220;timestamp&#8221;:&#8221;2026-09-02T10:26:40.105Z&#8221;,&#8221;timestampUtcIt&#8221;:&#8221;2026-09-02T12:26:40+0200&#8243;,&#8221;altBackground&#8221;:false,&#8221;title&#8221;:&#8221;Maggie Gyllenhaal: \\&#8221;Donne fanno film diversi\\&#8221;&#8221;,&#8221;content&#8221;:&#8221;<\/p>\n<p>\\&#8221;Le donne fanno film diversi rispetto agli uomini, da poco sono state riconosciute. In questa edizione abbiamo considerato che ci sono pochi film girati da donne\\&#8221;.<\/p>\n<p>&#8220;,&#8221;postId&#8221;:&#8221;557ee900-1f81-469c-9cc3-ef683268457b&#8221;,&#8221;postLink&#8221;:{&#8220;title&#8221;:&#8221;&#8221;,&#8221;url&#8221;:&#8221;&#8221;,&#8221;imageSrc&#8221;:&#8221;&#8221;}},{&#8220;timestamp&#8221;:&#8221;2026-09-02T10:24:54.922Z&#8221;,&#8221;timestampUtcIt&#8221;:&#8221;2026-09-02T12:24:54+0200&#8243;,&#8221;image&#8221;:{&#8220;imgSrc&#8221;:&#8221;https:\/\/www.europesays.com\/it\/wp-content\/uploads\/2026\/09\/Screenshot 2026-09-02 121645.png&#8221;,&#8221;imgAlt&#8221;:&#8221;Maggie Gyllenhaal&#8221;,&#8221;imgCredits&#8221;:null,&#8221;imgCaption&#8221;:null},&#8221;altBackground&#8221;:true,&#8221;title&#8221;:&#8221;Maggie Gyllenhaal: \\&#8221;Film devono entrare in empatia con questi tempi di guerra\\&#8221;&#8221;,&#8221;content&#8221;:&#8221;<\/p>\n<p>La presidente dellagiuria Maggie Gyllenhaal a una domanda durante la conferenza stampa sul festival in questo periodo in cui il mondo \u00e8 afflitto da diversi conflitti ha commentato che \u00e8 importante che \\&#8221;i film raccontino il presente, entrando in empatia con quello che sta succedendo nel mondo\\&#8221;.<\/p>\n<p>&#8220;,&#8221;postId&#8221;:&#8221;bcb47360-7ca0-4855-bd24-c73cb626cbe9&#8243;,&#8221;postLink&#8221;:{&#8220;title&#8221;:&#8221;&#8221;,&#8221;url&#8221;:&#8221;&#8221;,&#8221;imageSrc&#8221;:&#8221;&#8221;}},{&#8220;timestamp&#8221;:&#8221;2026-09-02T10:10:32.790Z&#8221;,&#8221;timestampUtcIt&#8221;:&#8221;2026-09-02T12:10:32+0200&#8243;,&#8221;altBackground&#8221;:false,&#8221;title&#8221;:&#8221;Inizia la conferenza stampa&#8221;,&#8221;content&#8221;:&#8221;<\/p>\n<p>E&#8217; iniziata la cerimonia inaugurale della Mostra del Cinema con i saluti del direttore artico A. Barbera e la presentazione della giuria della kermesse.<\/p>\n<p>&#8220;,&#8221;postId&#8221;:&#8221;f503698c-24b0-4a3b-b301-655959522a8f&#8221;,&#8221;postLink&#8221;:{&#8220;title&#8221;:&#8221;&#8221;,&#8221;url&#8221;:&#8221;&#8221;,&#8221;imageSrc&#8221;:&#8221;&#8221;}},{&#8220;timestamp&#8221;:&#8221;2026-09-02T10:07:01.299Z&#8221;,&#8221;timestampUtcIt&#8221;:&#8221;2026-09-02T12:07:01+0200&#8243;,&#8221;image&#8221;:{&#8220;imgSrc&#8221;:&#8221;https:\/\/www.europesays.com\/it\/wp-content\/uploads\/2026\/09\/GettyImages-2293134228.jpg&#8221;,&#8221;imgAlt&#8221;:&#8221;Johnnie To&#8221;,&#8221;imgCredits&#8221;:&#8221;\u00a9Getty&#8221;,&#8221;imgCaption&#8221;:null},&#8221;altBackground&#8221;:true,&#8221;title&#8221;:&#8221;Johnnie To a Venezia&#8221;,&#8221;content&#8221;:&#8221;<\/p>\n<p>Anche il regista e produttore cinematografico hongkonghese <strong>Johnnie To<\/strong> \u00e8 arrivato al Lido di Venezia.<\/p>\n<p>&#8220;,&#8221;postId&#8221;:&#8221;1c30e522-efe1-442e-9c55-302e9e9ca282&#8243;,&#8221;postLink&#8221;:{&#8220;title&#8221;:&#8221;&#8221;,&#8221;url&#8221;:&#8221;&#8221;,&#8221;imageSrc&#8221;:&#8221;&#8221;}},{&#8220;timestamp&#8221;:&#8221;2026-09-02T10:00:41.124Z&#8221;,&#8221;timestampUtcIt&#8221;:&#8221;2026-09-02T12:00:41+0200&#8243;,&#8221;image&#8221;:{&#8220;imgSrc&#8221;:&#8221;https:\/\/www.europesays.com\/it\/wp-content\/uploads\/2026\/09\/GettyImages-2293132072.jpg&#8221;,&#8221;imgAlt&#8221;:&#8221;Maggie Gyllenhaal&#8221;,&#8221;imgCredits&#8221;:&#8221;\u00a9Getty&#8221;,&#8221;imgCaption&#8221;:null},&#8221;altBackground&#8221;:true,&#8221;title&#8221;:&#8221;Maggie Gyllenhaal, l\u2019arrivo al Lido della presidente di giuria&#8221;,&#8221;content&#8221;:&#8221;<\/p>\n<p>La presidente di giuria Maggie Gyllenhaal ha fatto il suo arrivo al Lido di Venezia, lasciando l\u2019Hotel Excelsior in motoscafo alla vigilia dell\u2019apertura ufficiale dell\u201983\u00aa Mostra del Cinema. L\u2019attrice e regista statunitense guider\u00e0 la giuria internazionale chiamata ad assegnare il Leone d\u2019Oro 2026.<\/p>\n<p>&#8220;,&#8221;postId&#8221;:&#8221;69d2626f-8b3e-4d85-a161-b294de468f17&#8243;,&#8221;postLink&#8221;:{&#8220;title&#8221;:&#8221;&#8221;,&#8221;url&#8221;:&#8221;&#8221;,&#8221;imageSrc&#8221;:&#8221;&#8221;}},{&#8220;timestamp&#8221;:&#8221;2026-09-02T09:45:00.475Z&#8221;,&#8221;timestampUtcIt&#8221;:&#8221;2026-09-02T11:45:00+0200&#8243;,&#8221;altBackground&#8221;:false,&#8221;title&#8221;:&#8221;Le 11 fiction Fuori Concorso&#8221;,&#8221;content&#8221;:&#8221;<\/p>\n<p>La sezione <strong>Venice Open \u2013 Fuori Concorso \u2013 Fiction<\/strong> riunisce opere di registi come <strong>Gianni Amelio<\/strong>, <strong>Mario Martone<\/strong>, <strong>Lav Diaz<\/strong>, <strong>Korn\u00e9l Mundrucz\u00f3<\/strong> e <strong>Paul Schrader<\/strong>, con protagonisti come <strong>Alessandro Borghi<\/strong>, <strong>Toni Servillo<\/strong>, <strong>Al Pacino<\/strong>, <strong>Kiefer Sutherland<\/strong>, <strong>Ellen Burstyn<\/strong> e <strong>Pamela Anderson<\/strong>. Chiuder\u00e0 la Mostra del Cinema di Venezia il film Dio ride di <strong>Giovanni Veronesi<\/strong>, che sar\u00e0 presentato in prima mondiale il 12 settembre dopo la cerimonia di premiazione.<\/p>\n<p>&#8220;,&#8221;postId&#8221;:&#8221;bfdc59fb-23f8-450d-b82b-ec1c33bc1db4&#8243;,&#8221;postLink&#8221;:{&#8220;title&#8221;:&#8221;Mostra del Cinema di Venezia 2026, le 11 fiction fuori concorso&#8221;,&#8221;url&#8221;:&#8221;https:\/\/tg24.sky.it\/spettacolo\/cinema\/2026\/08\/31\/fiction-mostra-cinema-venezia-2026&#8243;,&#8221;imageSrc&#8221;:&#8221;https:\/\/tg24.sky.it\/assets\/images\/5e5b19b61cac3576cabb072d12e94eabfccc459a\/skytg24\/it\/spettacolo\/cinema\/2026\/08\/31\/fiction-mostra-cinema-venezia-2026\/visore-11-fiction-sito-venezia.jpg?im=Resize,width=1218&#8243;}},{&#8220;timestamp&#8221;:&#8221;2026-09-02T09:34:07.604Z&#8221;,&#8221;timestampUtcIt&#8221;:&#8221;2026-09-02T11:34:07+0200&#8243;,&#8221;altBackground&#8221;:false,&#8221;title&#8221;:&#8221;Ombrelloni e notti all&#8217;aperto, primi fan assiepati&#8221;,&#8221;content&#8221;:&#8221;<\/p>\n<p>Ancora poche ore al primo red carpet dell83esima edizione della Mostra del cinema di Venezia e gia&#8217; davanti al Palazzo del cinema sono comparsi i primi \\&#8221;accampamenti\\&#8221; di ombrelli ed ombrelloni per difendersi da caldo durante le lunghe, lunghissime ore di attesa. Piu&#8217; che ore, giorni, visto che per un gruppo di 7 amici, animati alla stessa passione, quelle postazioni in prima fila saranno presidiate per tutta la durata del festival, giorno e notte, 24 ore su 24 ore. Il tutto nella speranza di un autografo, di un selfie o anche semplicemente di vedere da vicino i propri idoli. \\&#8221;Dormiremo a turno per tenere occupati questi posti\\&#8221; spiegano due ragazze davanti al cartello con scritto \\&#8221;Gruppo di 7. Dormiamo qui a turno. Occupato 24h\/24h\\&#8221; con tanto di \\&#8221;mappa\\&#8221; disegnata con i sette posti occupati per la notte. I piu&#8217; determinati sono arrivati gia&#8217; ieri sera, un giorno prima dell&#8217;apertura ufficiale. I divi piu&#8217; amati? Clooney, certo, in arrivo gia&#8217; oggi. Ma anche star attese per sabato come i fratelli Gallagher o di star che forse magari nemmeno mai si presenteranno sul red carpet .<\/p>\n<p>&#8220;,&#8221;postId&#8221;:&#8221;4988d7ba-6d72-4257-a73a-59a860f5adcd&#8221;,&#8221;postLink&#8221;:{&#8220;title&#8221;:&#8221;&#8221;,&#8221;url&#8221;:&#8221;&#8221;,&#8221;imageSrc&#8221;:&#8221;&#8221;}},{&#8220;timestamp&#8221;:&#8221;2026-09-02T09:30:00.735Z&#8221;,&#8221;timestampUtcIt&#8221;:&#8221;2026-09-02T11:30:00+0200&#8243;,&#8221;altBackground&#8221;:false,&#8221;title&#8221;:&#8221;Gli ospiti, da George Clooney agli Oasis&#8221;,&#8221;content&#8221;:&#8221;<\/p>\n<p>Da <strong>Pen\u00e9lope Cruz<\/strong> a <strong>Robert Pattinson<\/strong> e <strong>George Clooney<\/strong>, da <strong>Russell Crowe <\/strong>a <strong>Gael Garc\u00eda Bernal<\/strong>, da <strong>Liam e Noel Gallagher <\/strong>a <strong>John Malkovich<\/strong>, finoalle sorelle <strong>Kate e Rooney Mara<\/strong>, sono molti i nomi degli <strong>ospiti<\/strong> attesi alla Mostra Internazionale del Cinema di Venezia 2026.<\/p>\n<p>&#8220;,&#8221;postId&#8221;:&#8221;e64f4dc7-8fe7-47cb-b5b1-dd942c83f1ee&#8221;,&#8221;postLink&#8221;:{&#8220;title&#8221;:&#8221;Mostra del Cinema di Venezia, da Clooney agli Oasis gli ospiti. FOTO&#8221;,&#8221;url&#8221;:&#8221;https:\/\/tg24.sky.it\/spettacolo\/cinema\/2026\/08\/29\/ospiti-festival-venezia-2026&#8243;,&#8221;imageSrc&#8221;:&#8221;https:\/\/tg24.sky.it\/assets\/images\/7c4bf200bc88379f00b85be402a8e42968a39d79\/skytg24\/it\/spettacolo\/cinema\/2026\/08\/29\/ospiti-festival-venezia-2026\/visore-venezia-ospiti-ansa.jpg?im=Resize,width=1218&#8243;}},{&#8220;timestamp&#8221;:&#8221;2026-09-02T09:27:47.512Z&#8221;,&#8221;timestampUtcIt&#8221;:&#8221;2026-09-02T11:27:47+0200&#8243;,&#8221;image&#8221;:{&#8220;imgSrc&#8221;:&#8221;https:\/\/www.europesays.com\/it\/wp-content\/uploads\/2026\/09\/GettyImages-2293125249.jpg&#8221;,&#8221;imgAlt&#8221;:&#8221;Bianca Balti&#8221;,&#8221;imgCredits&#8221;:&#8221;\u00a9Getty&#8221;,&#8221;imgCaption&#8221;:&#8221;La supermodella italiana sorridente al Lido&#8221;},&#8221;altBackground&#8221;:true,&#8221;title&#8221;:&#8221;Bianca Balti \u00e8 arrivata al Lido di Venezia&#8221;,&#8221;content&#8221;:&#8221;<\/p>\n<p>Bianca Balti Bianca \u00e8 arrivata all&#8217; Hotel Excelsior di Venezia. La sua carriera nel mondo della moda comincia nel 2005 grazie a un contratto in esclusiva per la campagna pubblicitaria internazionale di Dolce &amp; Gabbana. Partecipa poi a diverse campagne pubblicitarie, tra le quali, oltre a quelle per Dolce &amp; Gabbana, figurano quelle per Missoni, Rolex, Paul Smith, Revlon, Guess?, Donna Karan, Roberto Cavalli, Armani Jeans, Antonio Berardi, Mango, Guerlain, WarnsingDesign, Parfums Christian Dior, Pollini, Bebe, Intimissimi, e numerose per La Perla.<\/p>\n<p>&#8220;,&#8221;postId&#8221;:&#8221;f43042be-8c17-483f-a196-0d3ad83e6bdf&#8221;,&#8221;postLink&#8221;:{&#8220;title&#8221;:&#8221;&#8221;,&#8221;url&#8221;:&#8221;&#8221;,&#8221;imageSrc&#8221;:&#8221;&#8221;}},{&#8220;timestamp&#8221;:&#8221;2026-09-02T09:21:33.175Z&#8221;,&#8221;timestampUtcIt&#8221;:&#8221;2026-09-02T11:21:33+0200&#8243;,&#8221;altBackground&#8221;:false,&#8221;title&#8221;:&#8221;Mostra Venezia: &#8216;Alberto Barbera risponde&#8217; \u00e8 il libro che apre nuova collana della Biennale&#8221;,&#8221;content&#8221;:&#8221;<\/p>\n<p>La Fondazione Biennale di Venezia ha varato una nuova iniziativa editoriale. E&#8217; una collana dal titolo \u201cActs\\&#8221;, il cui primo volume \u00e8 dedicato al direttore della Mostra internazionale d&#8217;arte cinematografica, Alberto Barbera, e si intitola \\&#8221;Alberto Barbera risponde\\&#8221;. L&#8217;annuncio della pubblicazione \u00e8 stato dato da Pietrangelo Buttafuoco, presidente della Biennale, al pubblico intervenuto nella Sala Darsena del Lido in occasione della proiezione del film restaurato \\&#8221;Col cuore in gola\\&#8221; di Tinto Brass,<\/p>\n<p>\\n<\/p>\n<p>\u00a0La nuova collana nasce nel solco delle attivit\u00e0 della Biennale di Venezia e del suo Archivio Storico, oggi Centro Internazionale della Ricerca sulle Arti Contemporanee, presentato pubblicamente il 1 e 2 giugno scorsi. Proprio in quell\u2019occasione si era svolta una conversazione pubblica tra Barbera, attuale direttore artistico e pi\u00f9 longevo della Mostra, e cinque giovani studiosi ed esperti di cinema, espressione delle nuove generazioni della ricerca e della critica cinematografica.\u00a0<\/p>\n<p>&#8220;,&#8221;postId&#8221;:&#8221;c36f694c-a7db-41a7-a23b-7afa7b18c135&#8243;,&#8221;postLink&#8221;:{&#8220;title&#8221;:&#8221;&#8221;,&#8221;url&#8221;:&#8221;&#8221;,&#8221;imageSrc&#8221;:&#8221;&#8221;}},{&#8220;timestamp&#8221;:&#8221;2026-09-02T09:15:00.944Z&#8221;,&#8221;timestampUtcIt&#8221;:&#8221;2026-09-02T11:15:00+0200&#8243;,&#8221;altBackground&#8221;:false,&#8221;title&#8221;:&#8221;I look delle madrine che hanno fatto la storia del Festival del Cinema di Venezia&#8221;,&#8221;content&#8221;:&#8221;<\/p>\n<p>Non solo il <strong>cinema<\/strong>, ma anche la <strong>moda<\/strong> \u00e8 protagonista della kermesse. Ecco un flashback sui<strong> look pi\u00f9 memorabili delle madrine<\/strong> (che, dal 2025, si chiamano <strong>conduttrici<\/strong>).<\/p>\n<p>&#8220;,&#8221;postId&#8221;:&#8221;86a3b743-8aa4-414d-804f-d360f54dddc9&#8243;,&#8221;postLink&#8221;:{&#8220;title&#8221;:&#8221;Mostra del Cinema di Venezia, i look memorabili delle madrine. FOTO&#8221;,&#8221;url&#8221;:&#8221;https:\/\/tg24.sky.it\/spettacolo\/cinema\/2026\/08\/24\/look-madrine-mostra-del-cinema-venezia&#8221;,&#8221;imageSrc&#8221;:&#8221;https:\/\/tg24.sky.it\/assets\/images\/d113ff76defbe8ce412680360e898faa09cfd939\/skytg24\/it\/spettacolo\/cinema\/2026\/08\/24\/look-madrine-mostra-del-cinema-venezia\/visore-look-g.jpg?im=Resize,width=1218&#8243;}},{&#8220;timestamp&#8221;:&#8221;2026-09-02T09:00:00.315Z&#8221;,&#8221;timestampUtcIt&#8221;:&#8221;2026-09-02T11:00:00+0200&#8243;,&#8221;altBackground&#8221;:false,&#8221;title&#8221;:&#8221;Concorso, i 5 film italiani in gara&#8221;,&#8221;content&#8221;:&#8221;<\/p>\n<p>I <strong>cinque film italiani<\/strong> in <strong>Concorso<\/strong> sono Succeder\u00e0 questa notte di <strong>Nanni Moretti<\/strong>, The Echo Chamber di <strong>Andrea Pallaoro<\/strong>, Il fuoco che ti porti dentro di <strong>Edoardo De Angelis<\/strong>, L\u2019estranea di <strong>Paolo Strippoli <\/strong>e Ritorno a Buenos Aires di <strong>Marco Bechis<\/strong>.<\/p>\n<p>&#8220;,&#8221;postId&#8221;:&#8221;2282bb5f-ad3e-4618-8c5a-904e9866109a&#8221;,&#8221;postLink&#8221;:{&#8220;title&#8221;:&#8221;Mostra del Cinema di Venezia 2026, i 5 film italiani in concorso&#8221;,&#8221;url&#8221;:&#8221;https:\/\/tg24.sky.it\/spettacolo\/cinema\/2026\/08\/26\/film-italiani-festival-venezia-2026&#8243;,&#8221;imageSrc&#8221;:&#8221;https:\/\/tg24.sky.it\/assets\/images\/29554271d0b72e067c9f6e399c96fc0ba1ba4c14\/skytg24\/it\/spettacolo\/cinema\/2026\/08\/26\/film-italiani-festival-venezia-2026\/venezia.jpg?im=Resize,width=1218&#8243;}},{&#8220;timestamp&#8221;:&#8221;2026-09-02T08:45:00.561Z&#8221;,&#8221;timestampUtcIt&#8221;:&#8221;2026-09-02T10:45:00+0200&#8243;,&#8221;altBackground&#8221;:false,&#8221;title&#8221;:&#8221;Concorso, c&#8217;\u00e8 anche il documentario Naza sulla guerra in Palestina&#8221;,&#8221;content&#8221;:&#8221;<\/p>\n<p>In Concorso c&#8217;\u00e8 anche il documentario Naza di <strong>Yuval Abraham <\/strong>e <strong>Rachel Szor<\/strong>, due dei quattro registi co-autori del documentarioNo Other Landvincitore del Premio Oscar 2025.<\/p>\n<p>&#8220;,&#8221;postId&#8221;:&#8221;e62331f9-bf9e-4541-bcd2-fba430b7c89d&#8221;,&#8221;postLink&#8221;:{&#8220;title&#8221;:&#8221;Venezia 83, in concorso anche Naza, doc sulla guerra in Palestina&#8221;,&#8221;url&#8221;:&#8221;https:\/\/tg24.sky.it\/spettacolo\/cinema\/2026\/08\/24\/naza-film-palestina-festival-venezia-2026&#8243;,&#8221;imageSrc&#8221;:&#8221;https:\/\/tg24.sky.it\/assets\/images\/48df310f8c43e581d16c6ce766bee2ad56792f4d\/skytg24\/it\/spettacolo\/cinema\/2026\/07\/23\/festival-cinema-venezia-2026\/festival-del-cinema-venezia-2026.jpg?im=Resize,width=1218&#8243;}},{&#8220;timestamp&#8221;:&#8221;2026-09-02T08:43:38.310Z&#8221;,&#8221;timestampUtcIt&#8221;:&#8221;2026-09-02T10:43:38+0200&#8243;,&#8221;altBackground&#8221;:false,&#8221;title&#8221;:&#8221;Alberto Barbera: \\&#8221;Naza \u00e8 un film politicamente dirompente\\&#8221;&#8221;,&#8221;content&#8221;:&#8221;<\/p>\n<p>\\&#8221;Un film politicamente dirompente e cinematograficamente estremamente interessante. S\u00ec \u00e8 vero solo interviste, ma non \u00e8 una collezione di interviste qualsiasi, ma ottanta minuti in cui si \u00e8 costruito un film con delle invenzioni di regia e delle sottigliezze di messa in scena \u00a0sorprendenti\\&#8221;. A parlare cos\u00ec di Naza&#8217; di Yuval Abraham e Rachel Szor, due dei quattro registi coautori del documentario No Other Land vincitore dell&#8217;Oscar 2025, \u00e8 il direttore artistico di Venezia Alberto Barbera che ha messo questo documentario esplosivo in concorso all&#8217;ultimo minuto. E ancora Barbera al cocktail di benvenuto alla stampa al Casin\u00f2 : \\&#8221;Il film \u00e8 davvero dirompente con testimonianze autentiche e certificate perch\u00e9 dietro c&#8217;\u00e8 il team dei reporter di &#8216;The Gardian&#8217;. Ci hanno messo tre anni a convincere questi ufficiali dell&#8217;intelligence e dell&#8217;esercito israeliano a raccontare il lavoro che hanno fatto nel momento in cui \u00e8 cominciata l&#8217;invasione di Gaza e vi assicuro che sono testimonianze scioccanti.\u00a0<\/p>\n<p>&#8220;,&#8221;postId&#8221;:&#8221;5cb68031-d789-4cd9-bd65-0c5c2a4f42ef&#8221;,&#8221;postLink&#8221;:{&#8220;title&#8221;:&#8221;&#8221;,&#8221;url&#8221;:&#8221;&#8221;,&#8221;imageSrc&#8221;:&#8221;&#8221;}},{&#8220;timestamp&#8221;:&#8221;2026-09-02T08:38:44.204Z&#8221;,&#8221;timestampUtcIt&#8221;:&#8221;2026-09-02T10:38:44+0200&#8243;,&#8221;video&#8221;:{&#8220;videoId&#8221;:&#8221;1121437&#8243;,&#8221;videoPageUrl&#8221;:&#8221;https:\/\/video.sky.it\/news\/spettacolo\/cinema\/video\/mostra-cinema-venezia-2026-inaugurazione-1121437&#8243;},&#8221;altBackground&#8221;:true,&#8221;postId&#8221;:&#8221;862d3e0b-b68f-4897-8a65-e8b347e3d9ee&#8221;,&#8221;postLink&#8221;:{&#8220;title&#8221;:&#8221;&#8221;,&#8221;url&#8221;:&#8221;&#8221;,&#8221;imageSrc&#8221;:&#8221;&#8221;}},{&#8220;timestamp&#8221;:&#8221;2026-09-02T08:30:00.802Z&#8221;,&#8221;timestampUtcIt&#8221;:&#8221;2026-09-02T10:30:00+0200&#8243;,&#8221;altBackground&#8221;:false,&#8221;title&#8221;:&#8221;I 21 film in Concorso&#8221;,&#8221;content&#8221;:&#8221;<\/p>\n<p>Tra i <strong>21 film in Concorso <\/strong>(l&#8217;ultima new entry \u00e8 il documentario Naza sulla <strong>guerra in Palestina<\/strong>), sono <strong>cinque<\/strong> gli <strong>italiani<\/strong> in corsa per il <strong>Leone d\u2019Oro<\/strong>: Ritorno a Buenos Aires di <strong>Marco Bechis<\/strong>, Il fuoco che ti porti dentro di <strong>Edoardo De Angelis<\/strong>, The Echo Chamber di <strong>Andrea Pallaoro<\/strong>, L\u2019estranea di <strong>Paolo Strippoli <\/strong>e Succeder\u00e0 questa notte di <strong>Nanni Moretti<\/strong>, che torna in gara 45 anni dopo il Premio Speciale della Giuria ottenuto con Sogni d\u2019oro. La pellicola Ink di <strong>Danny Boyle<\/strong> aprir\u00e0 la Mostra, mentre Dio ride di <strong>Giovanni Veronesi<\/strong> chiuder\u00e0 <strong>Fuori Concorso <\/strong>la kermesse. Ancora, <strong>Maggie Gyllenhaal <\/strong>presieder\u00e0 la <strong>Giuria<\/strong>, mentre i <strong>Leoni d\u2019Oro alla Carriera<\/strong> andranno a <strong>George Clooney<\/strong> e ad <strong>Ellen Burstyn<\/strong>. Attesi anche il documentario sulla reunion degli <strong>Oasis<\/strong>, la serie Peccato con <strong>Emanuela Fanelli<\/strong> e Joie de Vivre di <strong>Luca Guadagnino <\/strong>su <strong>Bernardo Bertolucci<\/strong>.<\/p>\n<p>&#8220;,&#8221;postId&#8221;:&#8221;bc9808ca-733f-4a64-a754-b7cdc70965e5&#8243;,&#8221;postLink&#8221;:{&#8220;title&#8221;:&#8221;Mostra del Cinema di Venezia 2026, tutti i film in concorso&#8221;,&#8221;url&#8221;:&#8221;https:\/\/tg24.sky.it\/spettacolo\/cinema\/2026\/07\/23\/festival-cinema-venezia-2026&#8243;,&#8221;imageSrc&#8221;:&#8221;https:\/\/tg24.sky.it\/assets\/images\/48df310f8c43e581d16c6ce766bee2ad56792f4d\/skytg24\/it\/spettacolo\/cinema\/2026\/07\/23\/festival-cinema-venezia-2026\/festival-del-cinema-venezia-2026.jpg?im=Resize,width=1218&#8243;}},{&#8220;timestamp&#8221;:&#8221;2026-09-02T08:19:46.006Z&#8221;,&#8221;timestampUtcIt&#8221;:&#8221;2026-09-02T10:19:46+0200&#8243;,&#8221;altBackground&#8221;:false,&#8221;title&#8221;:&#8221;Venezia 83 al via: oggi la cerimonia d\u2019apertura e il Leone d\u2019Oro a George Clooney&#8221;,&#8221;content&#8221;:&#8221;<\/p>\n<p>Si alza oggi il sipario sull\u201983\u00aa Mostra Internazionale d\u2019Arte Cinematografica di Venezia. La giornata inaugurale sar\u00e0 dominata dall\u2019arrivo di George Clooney, che questa sera ricever\u00e0 il Leone d\u2019Oro alla Carriera durante la cerimonia ufficiale al Palazzo del Cinema, preceduto dalla laudatio dell\u2019attrice Laura Dern.<\/p>\n<p>\\n<\/p>\n<p>Ad aprire il concorso sar\u00e0 Ink di Danny Boyle, presentato in prima mondiale con Jack O\u2019Connell, Guy Pearce e Claire Foy. In mattinata \u00e8 prevista anche la conferenza stampa della giuria internazionale presieduta da Maggie Gyllenhaal, mentre la cerimonia d\u2019apertura sar\u00e0 trasmessa in diretta dalle 18.45 su Rai Movie e in streaming su RaiPlay, con la conduzione di Greta Scarano e Nicolas Maupas.<\/p>\n<p>&#8220;,&#8221;postId&#8221;:&#8221;49031827-aff8-4478-990f-35b936724f35&#8243;,&#8221;postLink&#8221;:{&#8220;title&#8221;:&#8221;&#8221;,&#8221;url&#8221;:&#8221;&#8221;,&#8221;imageSrc&#8221;:&#8221;&#8221;}},{&#8220;timestamp&#8221;:&#8221;2026-09-02T08:15:00.379Z&#8221;,&#8221;timestampUtcIt&#8221;:&#8221;2026-09-02T10:15:00+0200&#8243;,&#8221;video&#8221;:{&#8220;videoId&#8221;:&#8221;1121227&#8243;,&#8221;videoPageUrl&#8221;:&#8221;https:\/\/video.sky.it\/news\/spettacolo\/cinema\/video\/festival-di-venezia-2026-alberto-barbera-1121227&#8243;},&#8221;altBackground&#8221;:true,&#8221;title&#8221;:&#8221;Alberto Barbera: \\&#8221;Brad Pitt avrebbe dovuto premiare George Clooney. Aspettatevi sorprese\\&#8221;&#8221;,&#8221;content&#8221;:&#8221;<\/p>\n<p>Alla vigilia dell&#8217;apertura dell&#8217;83\u00aa edizione della Mostra Internazionale del Cinema di Venezia, il direttore<strong> Alberto Barbera <\/strong>haraccontato a Sky TG24 una Mostra che promette di correre \\&#8221;pi\u00f9 rischi del solito\\&#8221;. Dieci registi su 21 non sono mai stati prima in <strong>Concorso<\/strong>, mentre sul fronte politico il direttore ha previsto polemiche per i quattro film dedicati alla <strong>Palestina<\/strong>. E ha svelato un retroscena sulla serata inaugurale: a consegnare il Leone d&#8217;oro alla carriera a<strong> George Clooney<\/strong> avrebbe dovuto essere <strong>Brad Pitt<\/strong>, alla fine per\u00f2 costretto a rinunciare per un impegno.<\/p>\n<p>&#8220;,&#8221;postId&#8221;:&#8221;836422c9-77a4-4a9a-ae0a-4c6ffa00adba&#8221;,&#8221;postLink&#8221;:{&#8220;title&#8221;:&#8221;&#8221;,&#8221;url&#8221;:&#8221;&#8221;,&#8221;imageSrc&#8221;:&#8221;&#8221;}},{&#8220;timestamp&#8221;:&#8221;2026-09-02T08:00:00.334Z&#8221;,&#8221;timestampUtcIt&#8221;:&#8221;2026-09-02T10:00:00+0200&#8243;,&#8221;altBackground&#8221;:false,&#8221;title&#8221;:&#8221;Il programma di oggi&#8221;,&#8221;content&#8221;:&#8221;<\/p>\n<p>Prende il via oggi la <strong>83\u00aa edizione della Mostra Internazionale d&#8217;Arte Cinematografica di Venezia<\/strong>. Il Lido sar\u00e0 quasi interamente\\nmonopolizzato dall&#8217;arrivo di <strong>George Clooney<\/strong>, che in serata ricever \u00a0il\\n<strong>Leone d&#8217;Oro alla Carriera<\/strong>. Il film di apertura sar\u00e0 Ink di <strong>Danny\\nBoyle <\/strong>e con protagonisti <strong>Jack O&#8217;Connell<\/strong>, <strong>Guy Pearce<\/strong> e <strong>Claire Foy<\/strong>,che sar\u00e0 presentato in anteprima mondiale e in <strong>Concorso<\/strong>.<\/p>\n<p>\\n\\n<\/p>\n<p>In mattinata la <strong>conferenza stampa della Giuria Internazionale<\/strong>, presieduta dalla regista e attrice statunitense <strong>Maggie Gyllenhaal<\/strong>, affiancata da <strong>Daniel Blumberg<\/strong>, <strong>Francesco Casetti<\/strong>, <strong>Xavier Giannoli<\/strong>, <strong>Kaouther Ben Hania<\/strong>, <strong>Shahrbanou Sadat<\/strong> e<strong> Johnnie\\nTo<\/strong>.<\/p>\n<p>\\n\\n<\/p>\n<p>La <strong>cerimonia di apertura <\/strong>sar\u00e0 trasmessa dalle <strong>ore 18.45<\/strong>, condotta dall&#8217;attrice e regista <strong>Greta Scarano<\/strong> insieme all&#8217;attore <strong>Nicolas Maupas<\/strong>. A seguirla al Palazzo del Casin\u00f2 ci saranno, tra gli altri, il ministro della Cultura Alessandro Giuli, il presidente della Regione Veneto Alberto Stefani, e il sottosegretario al Ministero della Cultura con delega al Cinema Lucia Borgonzoni. Nel corso della cerimonia anche la \\&#8221;laudatio\\&#8221; dell&#8217;attrice statunitense <strong>Laura Dern<\/strong>.<\/p>\n<p>&#8220;,&#8221;postId&#8221;:&#8221;64aa5f4d-f654-4345-89fd-363987881053&#8243;,&#8221;postLink&#8221;:{&#8220;title&#8221;:&#8221;&#8221;,&#8221;url&#8221;:&#8221;&#8221;,&#8221;imageSrc&#8221;:&#8221;&#8221;}},{&#8220;timestamp&#8221;:&#8221;2026-09-02T07:45:00.980Z&#8221;,&#8221;timestampUtcIt&#8221;:&#8221;2026-09-02T09:45:00+0200&#8243;,&#8221;altBackground&#8221;:false,&#8221;title&#8221;:&#8221;Greta Scarano con il ventaglio pro Pal&#8221;,&#8221;content&#8221;:&#8221;<\/p>\n<p><strong>Greta Scarano<\/strong> e <strong>Nicolas Maupas<\/strong> sono approdati all\u2019Hotel Excelsior \u00a0al Lido per la 83\u00aa Mostra Internazionale del Cinema di Venezia. Oggi, alle ore 19, nella Sala Grande del Palazzo del Cinema, condurranno infatti la serata di apertura. Sabato 12 settembre saliranno nuovamente sul palco per la cerimonia di chiusura. In occasione del photocall, l&#8217;attrice ha lanciato\u00a0un messaggio di solidariet\u00e0 al popolo palestinese.<\/p>\n<p>&#8220;,&#8221;postId&#8221;:&#8221;892e6dc8-22e7-4677-9336-e18a66f18f81&#8243;,&#8221;postLink&#8221;:{&#8220;title&#8221;:&#8221;Mostra del Cinema, Greta Scarano al photocall con ventaglio pro Pal&#8221;,&#8221;url&#8221;:&#8221;https:\/\/tg24.sky.it\/spettacolo\/cinema\/2026\/09\/01\/greta-scarano-festival-venezia-nicolas-maupas&#8221;,&#8221;imageSrc&#8221;:&#8221;https:\/\/tg24.sky.it\/assets\/images\/25ef2115f8ed584fcc274354182b122ba06b8624\/skytg24\/it\/spettacolo\/cinema\/2026\/09\/01\/greta-scarano-festival-venezia-nicolas-maupas\/5-Greta-Scarano-Getty.jpg?im=Resize,width=1218&#8243;}},{&#8220;timestamp&#8221;:&#8221;2026-09-02T07:30:00.836Z&#8221;,&#8221;timestampUtcIt&#8221;:&#8221;2026-09-02T09:30:00+0200&#8243;,&#8221;altBackground&#8221;:false,&#8221;title&#8221;:&#8221;Giornate degli Autori, il film di apertura \u00e8 My Notes on Mars di Lili Horv\u00e1t&#8221;,&#8221;content&#8221;:&#8221;<\/p>\n<p>Nella sezione <strong>Giornate degli Autori<\/strong> il <strong>film di apertura<\/strong> sar\u00e0 <strong>My Notes on Mars<\/strong> di <strong>Lili Horv\u00e1t <\/strong>e con <strong>Rupert Friend<\/strong>.<\/p>\n<p>\\n\\n<\/p>\n<p>Margot, una brillante giovane scienziata con un matrimonio in crisi, scompare durante un&#8217;escursione con il marito Sam. Settimane dopo, riappare miracolosamente il giorno del suo funerale. Non ricorda nulla della sua vita, tranne la sua ricerca su Marte, che \u00e8 determinata a ritrovare e distruggere. Chiaramente, non \u00e8 pi\u00f9 la stessa persona di prima, eppure Sam accoglie il ritorno di Margot come una seconda possibilit\u00e0 per il loro amore.<\/p>\n<p>&#8220;,&#8221;postId&#8221;:&#8221;ad5e5fc2-9817-475f-a92a-889f786976ca&#8221;,&#8221;postLink&#8221;:{&#8220;title&#8221;:&#8221;&#8221;,&#8221;url&#8221;:&#8221;&#8221;,&#8221;imageSrc&#8221;:&#8221;&#8221;}},{&#8220;timestamp&#8221;:&#8221;2026-09-02T07:15:00.491Z&#8221;,&#8221;timestampUtcIt&#8221;:&#8221;2026-09-02T09:15:00+0200&#8243;,&#8221;altBackground&#8221;:false,&#8221;title&#8221;:&#8221;Orizzonti, il film di apertura \u00e8 La ragazza con la Leica di Alina Marazzi su Gerda Taro&#8221;,&#8221;content&#8221;:&#8221;<\/p>\n<p>Nella sezione <strong>Orizzonti<\/strong> il <strong>film di apertura <\/strong>sar\u00e0 La ragazza con la Leica di <strong>Alina Marazzi<\/strong>.<\/p>\n<p>\\n\\n<\/p>\n<p>Parigi, 14 luglio 1937. Gerda Taro trascorre insieme a Robert Capa e agli amici di sempre, con i quali \u00e8 fuggita dalla Germania nazista, l\u2019ultimo giorno prima di tornare sul fronte spagnolo. Tra passato e presente riaffiorano i momenti che hanno segnato la sua vita: l\u2019impegno politico a Lipsia accanto al suo primo amore, gli anni dell\u2019esilio a Parigi, il colpo di fulmine con Capa, la scoperta della fotografia e il desiderio, sempre pi\u00f9 forte, di usare la sua Leica come strumento di lotta e di libert\u00e0. Un ritratto della prima fotoreporter morta sul campo di battaglia, una donna che ha incarnato un tempo in cui tutto sembrava ancora possibile.<\/p>\n<p>&#8220;,&#8221;postId&#8221;:&#8221;12097d53-33df-4444-bb1d-0034dce7edad&#8221;,&#8221;postLink&#8221;:{&#8220;title&#8221;:&#8221;&#8221;,&#8221;url&#8221;:&#8221;&#8221;,&#8221;imageSrc&#8221;:&#8221;&#8221;}},{&#8220;timestamp&#8221;:&#8221;2026-09-02T07:00:00.978Z&#8221;,&#8221;timestampUtcIt&#8221;:&#8221;2026-09-02T09:00:00+0200&#8243;,&#8221;altBackground&#8221;:false,&#8221;title&#8221;:&#8221;L&#8217;arrivo di George e Amal Clooney al Lido&#8221;,&#8221;content&#8221;:&#8221;<\/p>\n<p>Il 1\u00ba settembre <strong>George Clooney<\/strong> e la moglie <strong>Amal<\/strong> hanno raggiunto Venezia a bordo di un elegante motoscafo. Il divo di Hollywood indossava una polo blu navy abbinata a pantaloni bianchi, mentre la moglie ha scelto un completo color verde oliva dalla finitura satinata\u00a0firmato Tom Ford by Haider Ackermann.<\/p>\n<p>&#8220;,&#8221;postId&#8221;:&#8221;df687993-fcf9-476b-86e6-92f52d4517b4&#8243;,&#8221;postLink&#8221;:{&#8220;title&#8221;:&#8221;George e Amal Clooney arrivano alla Mostra del Cinema di Venezia. FOTO&#8221;,&#8221;url&#8221;:&#8221;https:\/\/tg24.sky.it\/spettacolo\/cinema\/2026\/09\/01\/george-clooney-amal-festival-venezia&#8221;,&#8221;imageSrc&#8221;:&#8221;https:\/\/tg24.sky.it\/assets\/images\/4cb12a2ff9afb3295fc767a13f978e5f47bef15a\/skytg24\/it\/spettacolo\/cinema\/2026\/09\/01\/george-clooney-amal-festival-venezia\/visore-george.jpg?im=Resize,width=1218&#8243;}},{&#8220;timestamp&#8221;:&#8221;2026-09-02T06:45:00.086Z&#8221;,&#8221;timestampUtcIt&#8221;:&#8221;2026-09-02T08:45:00+0200&#8243;,&#8221;altBackground&#8221;:false,&#8221;title&#8221;:&#8221;Leone d&#8217;Oro alla Carriera a George Clooney, la laudatio di Laura Dern&#8221;,&#8221;content&#8221;:&#8221;<\/p>\n<p>L\u2019attrice Premio Oscar <strong>Laura Dern<\/strong> terr\u00e0 la <strong>laudatio<\/strong> di <strong>George Clooney <\/strong>in occasione della consegna del <strong>Leone d\u2019Oro alla Carriera<\/strong> all\u2019attore e regista statunitense.<\/p>\n<p>&#8220;,&#8221;postId&#8221;:&#8221;5a592650-8c9c-4b1b-a860-52f7b303f7c4&#8243;,&#8221;postLink&#8221;:{&#8220;title&#8221;:&#8221;Mostra Cinema Venezia, Laura Dern terr\u00e0 la laudatio di George Clooney&#8221;,&#8221;url&#8221;:&#8221;https:\/\/tg24.sky.it\/spettacolo\/cinema\/2026\/08\/30\/festival-venezia-laura-dern-george-clooney&#8221;,&#8221;imageSrc&#8221;:&#8221;https:\/\/tg24.sky.it\/assets\/images\/6f5d430fce30d6809f55d4f3d88c80df0cb91987\/skytg24\/it\/spettacolo\/serie-tv\/2026\/03\/31\/jeffrey-epstein-serie-tv\/laura-dern-getty.jpg?im=Resize,width=1218&#8243;}},{&#8220;timestamp&#8221;:&#8221;2026-09-02T06:30:00.868Z&#8221;,&#8221;timestampUtcIt&#8221;:&#8221;2026-09-02T08:30:00+0200&#8243;,&#8221;altBackground&#8221;:false,&#8221;title&#8221;:&#8221;Ink di Danny Boyle, il film di apertura&#8221;,&#8221;content&#8221;:&#8221;<\/p>\n<p>I <strong>protagonisti<\/strong> del <strong>film<\/strong> Ink di <strong>Danny Boyle<\/strong> sono <strong>Guy Pearce<\/strong>, <strong>Jack O\u2019 Connell <\/strong>e <strong>Claire Foy<\/strong>. La pellicola racconta la storia vera dell\u2019acquisizione del quotidiano britannico The Sun da parte del giovane magnate australiano Rupert Murdoch, avvenuta nel 1969. Il regista si concentra sull\u2019ascesa del giornale, guidata dal neo-direttore Larry Lamb, e sul gruppo di giornalisti che ha ideato un nuovo modo di fare informazione.<\/p>\n<p>&#8220;,&#8221;postId&#8221;:&#8221;d6cfefc6-0812-44cf-aa02-13be98e763cd&#8221;,&#8221;postLink&#8221;:{&#8220;title&#8221;:&#8221; Mostra del Cinema di Venezia 2026, Ink di Boyle \u00e8 il film di apertura&#8221;,&#8221;url&#8221;:&#8221;https:\/\/tg24.sky.it\/spettacolo\/cinema\/2026\/07\/16\/festival-cinema-venezia-ink-danny-boyle-film-apertura&#8221;,&#8221;imageSrc&#8221;:&#8221;https:\/\/tg24.sky.it\/assets\/images\/4c19858dc0748b1df455a82d09b61e83bf549ced\/skytg24\/it\/spettacolo\/cinema\/2026\/07\/16\/festival-cinema-venezia-ink-danny-boyle-film-apertura\/ink-boyle-.jpg?im=Resize,width=1218&#8243;}},{&#8220;timestamp&#8221;:&#8221;2026-09-02T06:15:00.689Z&#8221;,&#8221;timestampUtcIt&#8221;:&#8221;2026-09-02T08:15:00+0200&#8243;,&#8221;altBackground&#8221;:false,&#8221;title&#8221;:&#8221;La cerimonia di apertura, con la conduzione di Greta Scarano e Nicolas Maupas e l&#8217;esibizione di Tutti Fenomeni&#8221;,&#8221;content&#8221;:&#8221;<\/p>\n<p>La <strong>cerimonia di apertura<\/strong>, che \u00e8 attesa per le <strong>ore 19 <\/strong>nella<strong> Sala Grande <\/strong>del <strong>Palazzo del Cinema <\/strong>al <strong>Lido<\/strong>, e che sar\u00e0 condotta da <strong>Greta Scarano <\/strong>e da <strong>Nicolas Maupas<\/strong>, con l\u2019esibizione del cantautore e attore <strong>Tutti Fenomeni<\/strong>, prevede la proiezione del <strong>film <\/strong>in<strong> Concorso<\/strong> Ink di <strong>Danny Boyle<\/strong>.<\/p>\n<p>&#8220;,&#8221;postId&#8221;:&#8221;9bfad7cb-c27b-4219-9637-61ea73f2a2d4&#8243;,&#8221;postLink&#8221;:{&#8220;title&#8221;:&#8221;Tutti Fenomeni si esibir\u00e0 alla cerimonia di apertura di Venezia 2026&#8243;,&#8221;url&#8221;:&#8221;https:\/\/tg24.sky.it\/spettacolo\/cinema\/2026\/09\/01\/festival-venezia-cerimonia-apertura-tutti-fenomeni&#8221;,&#8221;imageSrc&#8221;:&#8221;https:\/\/tg24.sky.it\/assets\/images\/2d6328be88003c3e21880e899691449e13d82b6a\/skytg24\/it\/spettacolo\/cinema\/2026\/09\/01\/-festival-venezia-cerimonia-apertura-tutti-fenomeni\/tutti-fenomeni-festival-venezia-20026.jpg?im=Resize,width=1218&#8243;}},{&#8220;timestamp&#8221;:&#8221;2026-09-02T06:00:00.817Z&#8221;,&#8221;timestampUtcIt&#8221;:&#8221;2026-09-02T08:00:00+0200&#8243;,&#8221;altBackground&#8221;:false,&#8221;title&#8221;:&#8221;Mostra del Cinema di Venezia 2026, oggi inizia la 83\u00aa edizione&#8221;,&#8221;content&#8221;:&#8221;<\/p>\n<p>Oggi, <strong>mercoled\u00ec 2 settembre 2026<\/strong>, inizia la <strong>83\u00aa edizione della Mostra Internazionale d\u2019Arte Cinematografica della Biennale di Venezia<\/strong>. La <strong>Giuria Internazionale del Concorso<\/strong>, che assegner\u00e0 il <strong>Leone d\u2019Oro <\/strong>a uno dei <strong>21 film <\/strong>in gara, \u00e8 presieduta dalla regista americana <strong>Maggie Gyllenhaal <\/strong>ed \u00e8 composta anche da <strong>Kaouther Ben Hania<\/strong>, <strong>Daniel Blumberg<\/strong>, <strong>Francesco Casetti<\/strong>, <strong>Xavier Giannoli<\/strong>, <strong>Shahrbanoo Sadat<\/strong> e <strong>Johnnie To<\/strong>.<\/p>\n<p>&#8220;,&#8221;postId&#8221;:&#8221;56823617-86fe-439e-8c44-7c0c78e34061&#8243;,&#8221;postLink&#8221;:{&#8220;title&#8221;:&#8221;Mostra del Cinema di Venezia 2026, quando inizia e cosa sapere&#8221;,&#8221;url&#8221;:&#8221;https:\/\/tg24.sky.it\/spettacolo\/cinema\/2026\/08\/28\/festival-venezia-2026&#8243;,&#8221;imageSrc&#8221;:&#8221;https:\/\/tg24.sky.it\/assets\/images\/999a307e5c95908e4f339d3c983502716ad24109\/skytg24\/it\/spettacolo\/cinema\/2026\/08\/28\/festival-venezia-2026\/venezia-guida.jpg?im=Resize,width=1218&#8243;}}]}&#8221; query='{&#8220;configurationName&#8221;:&#8221;LIVEBLOG_CONTAINER_WIDGET&#8221;,&#8221;liveblogId&#8221;:&#8221;39876937-dc27-4ee4-898a-dfcbb00ec62a&#8221;,&#8221;tenant&#8221;:&#8221;tg24&#8243;,&#8221;limit&#8221;:800}&#8217; config='{&#8220;live&#8221;:true,&#8221;isWebView&#8221;:false,&#8221;postsPerPageMobile&#8221;:10,&#8221;postsPerPageDesktop&#8221;:10}&#8217;&gt;<\/p>\n<p>Oggi, <strong>mercoled\u00ec 2 settembre 2026<\/strong>, inizia la <strong>83\u00aa edizione della Mostra Internazionale d\u2019Arte Cinematografica della Biennale di Venezia <\/strong>(<a href=\"https:\/\/tg24.sky.it\/spettacolo\/cinema\/2026\/08\/28\/festival-venezia-2026\" data-intcmp=\"skytg24_liveblog_interlink_text\" rel=\"nofollow noopener\" target=\"_blank\"><strong>IL PROGRAMMA<\/strong><\/a>&#8211; <a href=\"https:\/\/tg24.sky.it\/spettacolo\/cinema\/2026\/08\/29\/ospiti-festival-venezia-2026\" data-intcmp=\"skytg24_liveblog_interlink_text\" rel=\"nofollow noopener\" target=\"_blank\"><strong>GLI OSPITI PI\u00d9 ATTESI<\/strong><\/a>). La <strong>Giuria Internazionale del Concorso<\/strong> (<a href=\"https:\/\/tg24.sky.it\/spettacolo\/cinema\/2026\/07\/23\/festival-cinema-venezia-2026\" data-intcmp=\"skytg24_liveblog_interlink_text\" rel=\"nofollow noopener\" target=\"_blank\"><strong>TUTTI I FILM IN CONCORSO<\/strong><\/a>), che assegner\u00e0 il <strong>Leone d\u2019Oro <\/strong>a uno dei <strong>21 film <\/strong>in gara,\u00e8 presieduta dalla regista americana <strong>Maggie Gyllenhaal <\/strong>(&#8220;I film sono un&#8217;opportunit\u00e0 per l&#8217;empatia&#8221;, ha detto in <strong>conferenza stampa<\/strong>) ed \u00e8 composta anche da <strong>Kaouther Ben Hania<\/strong>, <strong>Daniel Blumberg<\/strong>, <strong>Francesco Casetti<\/strong>, <strong>Xavier Giannoli<\/strong>, <strong>Shahrbanoo Sadat<\/strong> e <strong>Johnnie To<\/strong>.<\/p>\n<p>La <strong>cerimonia di apertura<\/strong>, che \u00e8 attesa per le <strong>ore 19 <\/strong>nella<strong> Sala Grande <\/strong>del <strong>Palazzo del Cinema <\/strong>al <strong>Lido<\/strong>, e che sar\u00e0 condotta da <strong>Greta Scarano<\/strong> (<a href=\"https:\/\/tg24.sky.it\/spettacolo\/cinema\/2026\/09\/01\/greta-scarano-festival-venezia-nicolas-maupas\" data-intcmp=\"skytg24_liveblog_interlink_text\" rel=\"nofollow noopener\" target=\"_blank\"><strong>LE FOTO DELLA MADRINA<\/strong><\/a>) e da <strong>Nicolas Maupas<\/strong>, <a href=\"https:\/\/tg24.sky.it\/spettacolo\/cinema\/2026\/09\/01\/festival-venezia-cerimonia-apertura-tutti-fenomeni\" data-intcmp=\"skytg24_liveblog_interlink_text\" rel=\"nofollow noopener\" target=\"_blank\">con l\u2019esibizione del cantautore e attore <strong>Tutti Fenomeni<\/strong><\/a>, prevede la proiezione del <strong>film <\/strong>in<strong> Concorso<\/strong> Ink di <strong>Danny Boyle<\/strong>, con protagonisti <strong>Guy Pearce<\/strong>, <strong>Jack O\u2019 Connell <\/strong>e <strong>Claire Foy<\/strong>. Racconta la storia vera dell\u2019acquisizione del quotidiano britannico The Sun da parte del giovane magnate australiano Rupert Murdoch, avvenuta nel 1969. Il regista si concentra sull\u2019ascesa del giornale, guidata dal neo-direttore Larry Lamb, e sul gruppo di giornalisti che ha ideato un nuovo modo di fare informazione.<\/p>\n<p><a href=\"https:\/\/tg24.sky.it\/spettacolo\/cinema\/2026\/08\/30\/festival-venezia-laura-dern-george-clooney\" data-intcmp=\"skytg24_liveblog_interlink_text\" rel=\"nofollow noopener\" target=\"_blank\">L\u2019attrice Premio Oscar <strong>Laura Dern<\/strong> terr\u00e0 la <strong>laudatio<\/strong> di <strong>George Clooney<\/strong><\/a><strong> (<\/strong><a href=\"https:\/\/tg24.sky.it\/spettacolo\/cinema\/2026\/09\/01\/george-clooney-amal-festival-venezia\" data-intcmp=\"skytg24_liveblog_interlink_text\" rel=\"nofollow noopener\" target=\"_blank\"><strong>LE FOTO DELL&#8217;ARRIVO DI GEORGE E AMAL CLOONEY AL LIDO<\/strong><\/a><strong>) <\/strong>in occasione della consegna del <strong>Leone d\u2019Oro alla Carriera<\/strong> all\u2019attore e regista statunitense. \u201cCredo che <strong>narrare storie<\/strong> sia qualcosa di cui abbiamo bisogno. Non possiamo vivere senza. Come societ\u00e0, dobbiamo vedere il mondo dagli occhi degli altri, altrimenti non impariamo nulla&#8221;, ha detto in <a href=\"https:\/\/tg24.sky.it\/spettacolo\/cinema\/2026\/09\/02\/george-clooney-leone-d-oro-carriera-mostra-cinema-venezia\" target=\"_self\" data-intcmp=\"skytg24_liveblog_interlink_text\" rel=\"nofollow noopener\"><strong>conferenza stampa<\/strong><\/a>.<\/p>\n<p>Nella sezione <strong>Orizzonti<\/strong> il <strong>film di apertura <\/strong>sar\u00e0 La ragazza con la Leica di <strong>Alina Marazzi<\/strong>. Parigi, 14 luglio 1937. Gerda Taro trascorre insieme a Robert Capa e agli amici di sempre, con i quali \u00e8 fuggita dalla Germania nazista, l\u2019ultimo giorno prima di tornare sul fronte spagnolo. Tra passato e presente riaffiorano i momenti che hanno segnato la sua vita, compreso il desiderio, sempre pi\u00f9 forte, di usare la sua Leica come strumento di lotta e di libert\u00e0.<\/p>\n<p>Nella sezione <strong>Giornate degli Autori<\/strong> il <strong>film di apertura<\/strong> sar\u00e0 <strong>My Notes on Mars<\/strong> di <strong>Lili Horv\u00e1t <\/strong>e con <strong>Rupert Friend<\/strong>. Margot, una brillante giovane scienziata che sta affrontando una crisi matrimoniale, scompare durante un\u2019escursione con il marito, Sam. Passa del tempo e il giorno della cerimonia in sua memoria, riappare miracolosamente. Non ricorda nulla della sua vita, tranne le ricerche su Marte che vuole in tutti i modi ritrovare e distruggere.<\/p>\n<p>Leggi di pi\u00f9 <\/p>\n<p>2 minuti fa<\/p>\n<p>Il cast di Ink a Venezia<\/p>\n<p>Il cast di Ink \u00e8 a Venezia. Da sinistra: Guy Pearce, Claire Foy, Jack O&#8217;Connell, Tessa Ross, il regista Danny Boyle, James Graham, Tracey Seaward e Michael Ellenberg. Ink \u00e8 il film d&#8217;apertura dell&#8217;83esima edizione della Mostra del Cinema di Venezia.<\/p>\n<p><img decoding=\"async\" src=\"https:\/\/www.europesays.com\/it\/wp-content\/uploads\/2026\/09\/cast-ink-venezia-83-GettyImages-2293160393.jpg\" alt=\"Il cast di Ink, film di Danny Boyle che apre l'83esima edizione della Mostra del Cinema di Venezia\" loading=\"lazy\"\/><\/p>\n<p class=\"lvbg-post-image__credits-v2\">\u00a9Getty<\/p>\n<p>21 minuti fa<\/p>\n<p>Daniele Vicari \u00e8 il presidente della Giuria Venezia Classici<\/p>\n<p>Daniele Vicari al Lido per presidere la giuria di Venezia Classici all&#8217;83a Mostra del Cinema di Venezia.<\/p>\n<p>34 minuti fa<\/p>\n<p>Maggie Gyllenhaal: &#8220;I film sono un&#8217;opportunit\u00e0 per l&#8217;empatia&#8221;<\/p>\n<p>Durante la conferenza stampa d&#8217;apertura dell&#8217;83a edizione della Mostra del Cinema di Venezia, la presidente della Giuria internazionale Maggie Gyllenhaal ha parlato dell&#8217;opportunit\u00e0 che il cinema ha per sviulppare empatia in un momento storico cos\u00ec complesso. Il video dal profilo X della Biennale.\u00a0<\/p>\n<p>52 minuti fa<\/p>\n<p>Maggie Gyllenhaal presiede la Giuria del Concorso che assegner\u00e0 il Leone d&#8217;Oro<\/p>\n<p>L&#8217;arrivo dell&#8217;attrice, regista e produttrice statunitense al Lido<\/p>\n<p>59 minuti fa<\/p>\n<p>Mostra Cinema Venezia, Leone d&#8217;Oro alla Carriera a George Clooney: &#8220;Narrare per imparare&#8221;<\/p>\n<p>14:08<\/p>\n<p>Venezia 83: Danny Boyle apre con Ink<\/p>\n<p>&#8220;Ink&#8221; di Danny Boyle \u00e8 il film d&#8217;apertura dell&#8217;83a Mostra del Cinema di Venezia. Il film racconta di un gruppo di visionari e outsider che ebbero l\u2019idea di un nuovo modo di fare informazione. Il regista britannico \u00e8 stato intervistato da Denise Negri<\/p>\n<p>13:52<\/p>\n<p>Clooney: &#8220;A novembre si vota, speriamo torni normalit\u00e0&#8221;<\/p>\n<p>&#8220;Sono sempre molto ottimista, ma credo siamo in una situazione poco fortunata, per dirla con un eufemismo. Ho visto gli Usa nel &#8217;68 quando le citt\u00e0 erano in fiamme e la capitale era circondata da militari armati. Siamo in una &#8220;kakistocracy&#8221; attualmente, la situazione in cui un paese \u00e8 guidato dalle persone meno capaci, ma passeremo anche questo e a novembre si vota e poi ci sono le elezioni nel 2028 e se tutto va bene torneremo a una situazione di normalit\u00e0&#8221;. L&#8217;ha detto l&#8217;attore americano George Clooney parlando a una conferenza stampa alla Mostra del cinema di Venezia.<\/p>\n<p>Leggi di pi\u00f9 <\/p>\n<p>13:38<\/p>\n<p>&#8220;La ragazza con la Leica&#8221; apre la sezione Orizzonti<\/p>\n<p>La sezione Orizzonti dell&#8217;83a edizione della Mostra del cinema \u00e8 aperta da &#8220;La ragazza con la Leica&#8221;, film di Alina Marazzi ispirato all&#8217;omonimo romanzo di Helena Janeczek. L&#8217;intervista alla regista.<\/p>\n<p>13:23<\/p>\n<p>Clooney: &#8220;Stato giornalismo nel mondo preoccupante&#8221;<\/p>\n<p>&#8220;Lo stato del giornalismo nel mondo \u00e8 preoccupante. I ricchi del mondo hanno la propriet\u00e0 del Washington Post, di X e 5, 6 delle principali fonti di informazioni sono detenute dalle persone pi\u00f9 ricche del mondo e questo \u00e8 preoccupante. Ma c&#8217;\u00e8 ancora speranza, io e mia moglie abbiamo grande ammirazione e appoggiamo il giornalismo. Io stesso e mia moglie siamo figli di giornalisti. \u00c8 un mestiere che \u00e8 sempre stato sfidato, \u00e8 preoccupante ma \u00e8 sempre stato cos\u00ec. Credo che l&#8217;informazione trover\u00e0 per\u00f2 sempre un modo per essere libero&#8221;. L&#8217;ha detto \u00a0George Clooney parlando alla Mostra del cinema di Venezia, alla conferenza stampa indetta in occasione della consegna del Leone d&#8217;oro alla Carriera.<\/p>\n<p>Leggi di pi\u00f9 <\/p>\n<p>13:21<\/p>\n<p>Clooney: &#8220;Con Venezia storia d&#8217;amore da 30 anni&#8221;<\/p>\n<p>&#8220;La mia storia d&#8217;amore con Venezia dura da tren&#8217;anni, mi sono anche sposato qui ed \u00e8 stato il momento pi\u00f9 bello&#8230; sarei nei guai se non lo dicessi. \u00c8 una citt\u00e0 romantica e di speranza, come questo festival&#8221;. \u00c8 quanto affermato da George Clooney nel corso di una conferenza stampa organizzata alla Mostra del Cinema in occasione del conferimento del Leone d&#8217;Oro alla Carriera. &#8220;Chi viene a Venezia dice che se ne \u00e8 innamorato, e come potrebbe non essere cos\u00ec? Chi non lo dice sta male, \u00e8 uno dei posti pi\u00f9 belli del mondo&#8221;, ha poi aggiunto. E a chi gli chiedeva cosa fare stasera dopo la consegna del Leone d&#8217;oro alla Carriera ha risposto con la consueta ironia: &#8220;berr\u00f2&#8230; nei prossimi giorni usciremo a cena, questa \u00e8 una citt\u00e0 dove si prende una barca, si passa un ponte e ci si trova improvvisamente in un ristorante con 4 tavoli, con un gestore che ti accoglie. \u00c8 una citt\u00e0 di grande ottimismo&#8221;.<\/p>\n<p>Leggi di pi\u00f9 <\/p>\n<p>13:14<\/p>\n<p>Clooney: &#8220;Questo premio per me \u00e8 fantastico&#8221;<\/p>\n<p>&#8220;Ho avuto tanti successi ed insuccessi qui come quando ero con Cathrine Zeta Jones&#8221; ha detto Clooney che ha confermato di essere profondamente legato al festival. &#8220;Ricevere questo premio del Leone d&#8217;oro alla carriera \u00e8 una cosa fantastica per me&#8221;.<\/p>\n<p>13:11<\/p>\n<p>Clooney: &#8220;Intelligenza artificiale? Situazione complicata&#8221;<\/p>\n<p>&#8220;Si potrebbero fare dei film con AI ma diventa sempre pi\u00f9 complesso e complicato, a volte ti mettono in bocca cose che non hai mai detto&#8221;, ha detto George Clooney in conferenza stampa al Lido di Venezia. &#8220;Sar\u00e0 sempre pi\u00f9 difficile capire la verit\u00e0, dove \u00e8 il fake. Difficolt\u00e0 \u00e8 anche per giornalisti che possono essere ingannati dalle indagini&#8221;.<\/p>\n<p>13:09<\/p>\n<p>L&#8217;arrivo di Laura Dern al Lido<\/p>\n<p>Laura Dern \u00e8 arrivata al Lido di Venezia in occasione dell\u2019apertura dell\u201983\u00aa Mostra del Cinema.<br \/>\nL\u2019attrice statunitense sar\u00e0 tra le protagoniste della cerimonia inaugurale.<br \/>\nDern avr\u00e0 il compito di pronunciare la <strong>laudatio per George Clooney<\/strong>, che ricever\u00e0 il Leone d\u2019Oro alla carriera.<br \/>\nUn ritorno a Venezia per una delle interpreti pi\u00f9 apprezzate del cinema americano contemporaneo.<\/p>\n<p><img decoding=\"async\" src=\"https:\/\/www.europesays.com\/it\/wp-content\/uploads\/2026\/09\/GettyImages-2293146701.jpg\" alt=\"Laura Dern\" loading=\"lazy\"\/><\/p>\n<p class=\"lvbg-post-image__credits-v2\">\u00a9Getty<\/p>\n<p>13:05<\/p>\n<p>Clooney: &#8220;Adoro l&#8217;arte figurativa&#8221;<\/p>\n<p>&#8220;Il cinema \u00e8 la settima arte ma adoro anche le arti figurative. SOno sempre stato interessato anche da giovanissimo&#8221; ha detto Clooney in conferenza stampa&#8221;<\/p>\n<p>13:03<\/p>\n<p>Clooney: &#8220;Per cambiamento climatico ho fiducia nel futuro&#8221;<\/p>\n<p>&#8220;Il riscaldamanto globale i grandi della Terra dicono che non continuer\u00e0. Questa estate a Como c&#8217;erano incendi. E&#8217; stata un&#8217;estate estremamente secca e calda&#8221;. Cos\u00ec George Clooney durante al conferenza stampa di Venezia.<\/p>\n<p>12:58<\/p>\n<p>Clooney sbarca al Lido, selfie e autografi<\/p>\n<p>George Clooney e&#8217; sbarcato al Lido, approdando alla darsena del Palazzo del Casino&#8217; in vista degli incontri con la stampa. A poche ore dalla cerimonia di consegna del Leone d&#8217;Oro alla Carriera &#8211; riconoscimento che suggella il suo storico e profondo legame con la Laguna &#8211; l&#8217;attore e regista statunitense e&#8217; stato accolto dal sorridendo. Clooney si e&#8217; poi fermato a lungo con i fan scattando selfie e rridente e rilassato salutando i fotografi presenti con un &#8220;Buongiorno&#8221;, per poi rivolgersi direttamente a un fotografo chiedendogli: &#8220;Come stai? Every good?&#8221;. Completo blu e occhiali scuri per il divo hollywoodiano. Prima di allontanarsi dai flash la star di Hollywood ha scambiato qualche battuta scherzando sulle temperature lagunari: &#8220;Fa caldo&#8221;, ha chiosato sorridendo. Clooney si e&#8217; poi fermato a lungo con i fan scattando selfie e firmando autografi.\u00a0<\/p>\n<p>Leggi di pi\u00f9 <\/p>\n<p>12:53<\/p>\n<p>Clooney: &#8220;Grande amore per Venezia, mi sono sposato qui&#8221;<\/p>\n<p>George Clooney in conferenza stampa ha confermato il suo legame speciale con Venezia e ha ricordato che in questo luogo si \u00e8 anche sposato con Amal. &#8220;Sono innamorato di Venezia, stasera faremo una cena romantica io e mia moglie&#8221; ha detto Clooney.<\/p>\n<p><img decoding=\"async\" src=\"https:\/\/www.europesays.com\/it\/wp-content\/uploads\/2026\/09\/Screenshot 2026-09-02 124835.png\" alt=\"George Clooney\" loading=\"lazy\"\/><\/p>\n<p>12:47<\/p>\n<p>L&#8217;arrivo dell&#8217;attore George Clooney al Lido<\/p>\n<p>George Clooney \u00e8 arrivato al Lido di Venezia per l\u2019apertura dell\u201983\u00aa Mostra del Cinema. \u00a0Lattore statunitense sar\u00e0 protagonista della cerimonia inaugurale di questa sera.<br \/>\nA Clooney verr\u00e0 assegnato il <strong>Leone d\u2019Oro alla carriera<\/strong>, uno dei riconoscimenti pi\u00f9 prestigiosi della Mostra.<br \/>\nUn premio che celebra una lunga carriera tra cinema d\u2019autore, grandi produzioni e impegno civile<\/p>\n<p><img decoding=\"async\" src=\"https:\/\/www.europesays.com\/it\/wp-content\/uploads\/2026\/09\/GettyImages-2293142316.jpg\" alt=\"George Clooney\" loading=\"lazy\"\/><\/p>\n<p class=\"lvbg-post-image__credits-v2\">\u00a9Getty<\/p>\n<p>12:34<\/p>\n<p> Mostra del Cinema di Venezia 2026, chi sono i membri della giuria. FOTO<\/p>\n<p>La Giuria Internazionale del Concorso Venezia 83 si \u00e8 presentata al photocall ufficiale della kermesse. Il gruppo riunisce Maggie Gyllenhaal, Kaouther Ben Hania, Daniel Blumberg, Francesco Casetti, Xavier Giannoli, Shahrbanoo Sadat e Johnnie To. A presiedere la giuria\u00a0chiamata ad assegnare il Leone d\u2019Oro e gli altri premi del Concorso \u00e8 Gyllenhaal. Scopriamo chi sono tutti i giurati<\/p>\n<p><a href=\"https:\/\/tg24.sky.it\/spettacolo\/cinema\/2026\/09\/02\/giuria-mostra-del-cinema-di-venezia-2026\" title=\"Mostra del Cinema di Venezia 2026, ecco i membri della giuria. FOTO\" class=\"lvbg-post-link\" data-intcmp=\"skytg24_liveblog_liveblog-preview_null\" data-analytics-element=\"liveblog-preview\" rel=\"nofollow noopener\" target=\"_blank\"><img alt=\"Mostra del Cinema di Venezia 2026, ecco i membri della giuria. FOTO\" style=\"opacity:0;transition:opacity 0.3s\" class=\"lvbg-post-link__image\"\/>Mostra del Cinema di Venezia 2026, ecco i membri della giuria. FOTOVai al contenuto <\/a><\/p>\n<p>12:33<\/p>\n<p>Barbera: &#8220;Pubblico \u00e8 cambiato, giovani pi\u00f9 vicini al cinema&#8221;<\/p>\n<p>Il direttore artistico del Festival, A. Barbera, dice che statisticamente i giovani anche i giovanissimi sono di nuovo interessati al cinema. &#8220;Il pubblico \u00e8 cambiato&#8221;, ha aggiunto &#8220;l&#8217;esperienza collettiva nella sala grande i porter\u00e0 all&#8217;abitudine di tornare al cinema&#8221;.<\/p>\n<p>12:26<\/p>\n<p>Maggie Gyllenhaal: &#8220;Donne fanno film diversi&#8221;<\/p>\n<p>&#8220;Le donne fanno film diversi rispetto agli uomini, da poco sono state riconosciute. In questa edizione abbiamo considerato che ci sono pochi film girati da donne&#8221;.<\/p>\n<p>12:24<\/p>\n<p>Maggie Gyllenhaal: &#8220;Film devono entrare in empatia con questi tempi di guerra&#8221;<\/p>\n<p>La presidente dellagiuria Maggie Gyllenhaal a una domanda durante la conferenza stampa sul festival in questo periodo in cui il mondo \u00e8 afflitto da diversi conflitti ha commentato che \u00e8 importante che &#8220;i film raccontino il presente, entrando in empatia con quello che sta succedendo nel mondo&#8221;.<\/p>\n<p><img decoding=\"async\" src=\"https:\/\/www.europesays.com\/it\/wp-content\/uploads\/2026\/09\/Screenshot 2026-09-02 121645.png\" alt=\"Maggie Gyllenhaal\" loading=\"lazy\"\/><\/p>\n<p>12:10<\/p>\n<p>Inizia la conferenza stampa<\/p>\n<p>E&#8217; iniziata la cerimonia inaugurale della Mostra del Cinema con i saluti del direttore artico A. Barbera e la presentazione della giuria della kermesse.<\/p>\n<p>12:07<\/p>\n<p>Johnnie To a Venezia<\/p>\n<p>Anche il regista e produttore cinematografico hongkonghese <strong>Johnnie To<\/strong> \u00e8 arrivato al Lido di Venezia.<\/p>\n<p><img decoding=\"async\" src=\"https:\/\/www.europesays.com\/it\/wp-content\/uploads\/2026\/09\/GettyImages-2293134228.jpg\" alt=\"Johnnie To\" loading=\"lazy\"\/><\/p>\n<p class=\"lvbg-post-image__credits-v2\">\u00a9Getty<\/p>\n<p>12:00<\/p>\n<p>Maggie Gyllenhaal, l\u2019arrivo al Lido della presidente di giuria<\/p>\n<p>La presidente di giuria Maggie Gyllenhaal ha fatto il suo arrivo al Lido di Venezia, lasciando l\u2019Hotel Excelsior in motoscafo alla vigilia dell\u2019apertura ufficiale dell\u201983\u00aa Mostra del Cinema. L\u2019attrice e regista statunitense guider\u00e0 la giuria internazionale chiamata ad assegnare il Leone d\u2019Oro 2026.<\/p>\n<p><img decoding=\"async\" src=\"https:\/\/www.europesays.com\/it\/wp-content\/uploads\/2026\/09\/GettyImages-2293132072.jpg\" alt=\"Maggie Gyllenhaal\" loading=\"lazy\"\/><\/p>\n<p class=\"lvbg-post-image__credits-v2\">\u00a9Getty<\/p>\n<p>11:45<\/p>\n<p>Le 11 fiction Fuori Concorso<\/p>\n<p>La sezione <strong>Venice Open \u2013 Fuori Concorso \u2013 Fiction<\/strong> riunisce opere di registi come <strong>Gianni Amelio<\/strong>, <strong>Mario Martone<\/strong>, <strong>Lav Diaz<\/strong>, <strong>Korn\u00e9l Mundrucz\u00f3<\/strong> e <strong>Paul Schrader<\/strong>, con protagonisti come <strong>Alessandro Borghi<\/strong>, <strong>Toni Servillo<\/strong>, <strong>Al Pacino<\/strong>, <strong>Kiefer Sutherland<\/strong>, <strong>Ellen Burstyn<\/strong> e <strong>Pamela Anderson<\/strong>. Chiuder\u00e0 la Mostra del Cinema di Venezia il film Dio ride di <strong>Giovanni Veronesi<\/strong>, che sar\u00e0 presentato in prima mondiale il 12 settembre dopo la cerimonia di premiazione.<\/p>\n<p><a href=\"https:\/\/tg24.sky.it\/spettacolo\/cinema\/2026\/08\/31\/fiction-mostra-cinema-venezia-2026\" title=\"Mostra del Cinema di Venezia 2026, le 11 fiction fuori concorso\" class=\"lvbg-post-link\" data-intcmp=\"skytg24_liveblog_liveblog-preview_null\" data-analytics-element=\"liveblog-preview\" rel=\"nofollow noopener\" target=\"_blank\"><img alt=\"Mostra del Cinema di Venezia 2026, le 11 fiction fuori concorso\" style=\"opacity:0;transition:opacity 0.3s\" class=\"lvbg-post-link__image\"\/>Mostra del Cinema di Venezia 2026, le 11 fiction fuori concorsoVai al contenuto <\/a><\/p>\n<p>11:34<\/p>\n<p>Ombrelloni e notti all&#8217;aperto, primi fan assiepati<\/p>\n<p>Ancora poche ore al primo red carpet dell83esima edizione della Mostra del cinema di Venezia e gia&#8217; davanti al Palazzo del cinema sono comparsi i primi &#8220;accampamenti&#8221; di ombrelli ed ombrelloni per difendersi da caldo durante le lunghe, lunghissime ore di attesa. Piu&#8217; che ore, giorni, visto che per un gruppo di 7 amici, animati alla stessa passione, quelle postazioni in prima fila saranno presidiate per tutta la durata del festival, giorno e notte, 24 ore su 24 ore. Il tutto nella speranza di un autografo, di un selfie o anche semplicemente di vedere da vicino i propri idoli. &#8220;Dormiremo a turno per tenere occupati questi posti&#8221; spiegano due ragazze davanti al cartello con scritto &#8220;Gruppo di 7. Dormiamo qui a turno. Occupato 24h\/24h&#8221; con tanto di &#8220;mappa&#8221; disegnata con i sette posti occupati per la notte. I piu&#8217; determinati sono arrivati gia&#8217; ieri sera, un giorno prima dell&#8217;apertura ufficiale. I divi piu&#8217; amati? Clooney, certo, in arrivo gia&#8217; oggi. Ma anche star attese per sabato come i fratelli Gallagher o di star che forse magari nemmeno mai si presenteranno sul red carpet .<\/p>\n<p>Leggi di pi\u00f9 <\/p>\n<p>11:30<\/p>\n<p>Gli ospiti, da George Clooney agli Oasis<\/p>\n<p>Da <strong>Pen\u00e9lope Cruz<\/strong> a <strong>Robert Pattinson<\/strong> e <strong>George Clooney<\/strong>, da <strong>Russell Crowe <\/strong>a <strong>Gael Garc\u00eda Bernal<\/strong>, da <strong>Liam e Noel Gallagher <\/strong>a <strong>John Malkovich<\/strong>, finoalle sorelle <strong>Kate e Rooney Mara<\/strong>, sono molti i nomi degli <strong>ospiti<\/strong> attesi alla Mostra Internazionale del Cinema di Venezia 2026.<\/p>\n<p><a href=\"https:\/\/tg24.sky.it\/spettacolo\/cinema\/2026\/08\/29\/ospiti-festival-venezia-2026\" title=\"Mostra del Cinema di Venezia, da Clooney agli Oasis gli ospiti. FOTO\" class=\"lvbg-post-link\" data-intcmp=\"skytg24_liveblog_liveblog-preview_null\" data-analytics-element=\"liveblog-preview\" rel=\"nofollow noopener\" target=\"_blank\"><img alt=\"Mostra del Cinema di Venezia, da Clooney agli Oasis gli ospiti. FOTO\" style=\"opacity:0;transition:opacity 0.3s\" class=\"lvbg-post-link__image\"\/>Mostra del Cinema di Venezia, da Clooney agli Oasis gli ospiti. FOTOVai al contenuto <\/a><\/p>\n<p>11:27<\/p>\n<p>Bianca Balti \u00e8 arrivata al Lido di Venezia<\/p>\n<p>Bianca Balti Bianca \u00e8 arrivata all&#8217; Hotel Excelsior di Venezia. La sua carriera nel mondo della moda comincia nel 2005 grazie a un contratto in esclusiva per la campagna pubblicitaria internazionale di Dolce &amp; Gabbana. Partecipa poi a diverse campagne pubblicitarie, tra le quali, oltre a quelle per Dolce &amp; Gabbana, figurano quelle per Missoni, Rolex, Paul Smith, Revlon, Guess?, Donna Karan, Roberto Cavalli, Armani Jeans, Antonio Berardi, Mango, Guerlain, WarnsingDesign, Parfums Christian Dior, Pollini, Bebe, Intimissimi, e numerose per La Perla.<\/p>\n<p><img decoding=\"async\" src=\"https:\/\/www.europesays.com\/it\/wp-content\/uploads\/2026\/09\/GettyImages-2293125249.jpg\" alt=\"Bianca Balti\" title=\"La supermodella italiana sorridente al Lido\" loading=\"lazy\"\/><\/p>\n<p class=\"lvbg-post-image__credits-v2\">\u00a9Getty<\/p>\n<p class=\"lvbg-post-image__caption-v2\">La supermodella italiana sorridente al Lido<\/p>\n<p>11:21<\/p>\n<p>Mostra Venezia: &#8216;Alberto Barbera risponde&#8217; \u00e8 il libro che apre nuova collana della Biennale<\/p>\n<p>La Fondazione Biennale di Venezia ha varato una nuova iniziativa editoriale. E&#8217; una collana dal titolo \u201cActs&#8221;, il cui primo volume \u00e8 dedicato al direttore della Mostra internazionale d&#8217;arte cinematografica, Alberto Barbera, e si intitola &#8220;Alberto Barbera risponde&#8221;. L&#8217;annuncio della pubblicazione \u00e8 stato dato da Pietrangelo Buttafuoco, presidente della Biennale, al pubblico intervenuto nella Sala Darsena del Lido in occasione della proiezione del film restaurato &#8220;Col cuore in gola&#8221; di Tinto Brass,<\/p>\n<p>\u00a0La nuova collana nasce nel solco delle attivit\u00e0 della Biennale di Venezia e del suo Archivio Storico, oggi Centro Internazionale della Ricerca sulle Arti Contemporanee, presentato pubblicamente il 1 e 2 giugno scorsi. Proprio in quell\u2019occasione si era svolta una conversazione pubblica tra Barbera, attuale direttore artistico e pi\u00f9 longevo della Mostra, e cinque giovani studiosi ed esperti di cinema, espressione delle nuove generazioni della ricerca e della critica cinematografica.\u00a0<\/p>\n<p>Leggi di pi\u00f9 <\/p>\n<p>11:15<\/p>\n<p>I look delle madrine che hanno fatto la storia del Festival del Cinema di Venezia<\/p>\n<p>Non solo il <strong>cinema<\/strong>, ma anche la <strong>moda<\/strong> \u00e8 protagonista della kermesse. Ecco un flashback sui<strong> look pi\u00f9 memorabili delle madrine<\/strong> (che, dal 2025, si chiamano <strong>conduttrici<\/strong>).<\/p>\n<p><a href=\"https:\/\/tg24.sky.it\/spettacolo\/cinema\/2026\/08\/24\/look-madrine-mostra-del-cinema-venezia\" title=\"Mostra del Cinema di Venezia, i look memorabili delle madrine. FOTO\" class=\"lvbg-post-link\" data-intcmp=\"skytg24_liveblog_liveblog-preview_null\" data-analytics-element=\"liveblog-preview\" rel=\"nofollow noopener\" target=\"_blank\"><img alt=\"Mostra del Cinema di Venezia, i look memorabili delle madrine. FOTO\" style=\"opacity:0;transition:opacity 0.3s\" class=\"lvbg-post-link__image\"\/>Mostra del Cinema di Venezia, i look memorabili delle madrine. FOTOVai al contenuto <\/a><\/p>\n<p>11:00<\/p>\n<p>Concorso, i 5 film italiani in gara<\/p>\n<p>I <strong>cinque film italiani<\/strong> in <strong>Concorso<\/strong> sono Succeder\u00e0 questa notte di <strong>Nanni Moretti<\/strong>, The Echo Chamber di <strong>Andrea Pallaoro<\/strong>, Il fuoco che ti porti dentro di <strong>Edoardo De Angelis<\/strong>, L\u2019estranea di <strong>Paolo Strippoli <\/strong>e Ritorno a Buenos Aires di <strong>Marco Bechis<\/strong>.<\/p>\n<p><a href=\"https:\/\/tg24.sky.it\/spettacolo\/cinema\/2026\/08\/26\/film-italiani-festival-venezia-2026\" title=\"Mostra del Cinema di Venezia 2026, i 5 film italiani in concorso\" class=\"lvbg-post-link\" data-intcmp=\"skytg24_liveblog_liveblog-preview_null\" data-analytics-element=\"liveblog-preview\" rel=\"nofollow noopener\" target=\"_blank\"><img alt=\"Mostra del Cinema di Venezia 2026, i 5 film italiani in concorso\" style=\"opacity:0;transition:opacity 0.3s\" class=\"lvbg-post-link__image\"\/>Mostra del Cinema di Venezia 2026, i 5 film italiani in concorsoVai al contenuto <\/a><\/p>\n<p>10:45<\/p>\n<p>Concorso, c&#8217;\u00e8 anche il documentario Naza sulla guerra in Palestina<\/p>\n<p>In Concorso c&#8217;\u00e8 anche il documentario Naza di <strong>Yuval Abraham <\/strong>e <strong>Rachel Szor<\/strong>, due dei quattro registi co-autori del documentarioNo Other Landvincitore del Premio Oscar 2025.<\/p>\n<p><a href=\"https:\/\/tg24.sky.it\/spettacolo\/cinema\/2026\/08\/24\/naza-film-palestina-festival-venezia-2026\" title=\"Venezia 83, in concorso anche Naza, doc sulla guerra in Palestina\" class=\"lvbg-post-link\" data-intcmp=\"skytg24_liveblog_liveblog-preview_null\" data-analytics-element=\"liveblog-preview\" rel=\"nofollow noopener\" target=\"_blank\"><img alt=\"Venezia 83, in concorso anche Naza, doc sulla guerra in Palestina\" style=\"opacity:0;transition:opacity 0.3s\" class=\"lvbg-post-link__image\"\/>Venezia 83, in concorso anche Naza, doc sulla guerra in PalestinaVai al contenuto <\/a><\/p>\n<p>10:43<\/p>\n<p>Alberto Barbera: &#8220;Naza \u00e8 un film politicamente dirompente&#8221;<\/p>\n<p>&#8220;Un film politicamente dirompente e cinematograficamente estremamente interessante. S\u00ec \u00e8 vero solo interviste, ma non \u00e8 una collezione di interviste qualsiasi, ma ottanta minuti in cui si \u00e8 costruito un film con delle invenzioni di regia e delle sottigliezze di messa in scena \u00a0sorprendenti&#8221;. A parlare cos\u00ec di Naza&#8217; di Yuval Abraham e Rachel Szor, due dei quattro registi coautori del documentario No Other Land vincitore dell&#8217;Oscar 2025, \u00e8 il direttore artistico di Venezia Alberto Barbera che ha messo questo documentario esplosivo in concorso all&#8217;ultimo minuto. E ancora Barbera al cocktail di benvenuto alla stampa al Casin\u00f2 : &#8220;Il film \u00e8 davvero dirompente con testimonianze autentiche e certificate perch\u00e9 dietro c&#8217;\u00e8 il team dei reporter di &#8216;The Gardian&#8217;. Ci hanno messo tre anni a convincere questi ufficiali dell&#8217;intelligence e dell&#8217;esercito israeliano a raccontare il lavoro che hanno fatto nel momento in cui \u00e8 cominciata l&#8217;invasione di Gaza e vi assicuro che sono testimonianze scioccanti.\u00a0<\/p>\n<p>Leggi di pi\u00f9 <\/p>\n<p>10:30<\/p>\n<p>I 21 film in Concorso<\/p>\n<p>Tra i <strong>21 film in Concorso <\/strong>(l&#8217;ultima new entry \u00e8 il documentario Naza sulla <strong>guerra in Palestina<\/strong>), sono <strong>cinque<\/strong> gli <strong>italiani<\/strong> in corsa per il <strong>Leone d\u2019Oro<\/strong>: Ritorno a Buenos Aires di <strong>Marco Bechis<\/strong>, Il fuoco che ti porti dentro di <strong>Edoardo De Angelis<\/strong>, The Echo Chamber di <strong>Andrea Pallaoro<\/strong>, L\u2019estranea di <strong>Paolo Strippoli <\/strong>e Succeder\u00e0 questa notte di <strong>Nanni Moretti<\/strong>, che torna in gara 45 anni dopo il Premio Speciale della Giuria ottenuto con Sogni d\u2019oro. La pellicola Ink di <strong>Danny Boyle<\/strong> aprir\u00e0 la Mostra, mentre Dio ride di <strong>Giovanni Veronesi<\/strong> chiuder\u00e0 <strong>Fuori Concorso <\/strong>la kermesse. Ancora, <strong>Maggie Gyllenhaal <\/strong>presieder\u00e0 la <strong>Giuria<\/strong>, mentre i <strong>Leoni d\u2019Oro alla Carriera<\/strong> andranno a <strong>George Clooney<\/strong> e ad <strong>Ellen Burstyn<\/strong>. Attesi anche il documentario sulla reunion degli <strong>Oasis<\/strong>, la serie Peccato con <strong>Emanuela Fanelli<\/strong> e Joie de Vivre di <strong>Luca Guadagnino <\/strong>su <strong>Bernardo Bertolucci<\/strong>.<\/p>\n<p><a href=\"https:\/\/tg24.sky.it\/spettacolo\/cinema\/2026\/07\/23\/festival-cinema-venezia-2026\" title=\"Mostra del Cinema di Venezia 2026, tutti i film in concorso\" class=\"lvbg-post-link\" data-intcmp=\"skytg24_liveblog_liveblog-preview_null\" data-analytics-element=\"liveblog-preview\" rel=\"nofollow noopener\" target=\"_blank\"><img alt=\"Mostra del Cinema di Venezia 2026, tutti i film in concorso\" style=\"opacity:0;transition:opacity 0.3s\" class=\"lvbg-post-link__image\"\/>Mostra del Cinema di Venezia 2026, tutti i film in concorsoVai al contenuto <\/a><\/p>\n<p>10:19<\/p>\n<p>Venezia 83 al via: oggi la cerimonia d\u2019apertura e il Leone d\u2019Oro a George Clooney<\/p>\n<p>Si alza oggi il sipario sull\u201983\u00aa Mostra Internazionale d\u2019Arte Cinematografica di Venezia. La giornata inaugurale sar\u00e0 dominata dall\u2019arrivo di George Clooney, che questa sera ricever\u00e0 il Leone d\u2019Oro alla Carriera durante la cerimonia ufficiale al Palazzo del Cinema, preceduto dalla laudatio dell\u2019attrice Laura Dern.<\/p>\n<p>Ad aprire il concorso sar\u00e0 Ink di Danny Boyle, presentato in prima mondiale con Jack O\u2019Connell, Guy Pearce e Claire Foy. In mattinata \u00e8 prevista anche la conferenza stampa della giuria internazionale presieduta da Maggie Gyllenhaal, mentre la cerimonia d\u2019apertura sar\u00e0 trasmessa in diretta dalle 18.45 su Rai Movie e in streaming su RaiPlay, con la conduzione di Greta Scarano e Nicolas Maupas.<\/p>\n<p>Leggi di pi\u00f9 <\/p>\n<p>10:15<\/p>\n<p>Alberto Barbera: &#8220;Brad Pitt avrebbe dovuto premiare George Clooney. Aspettatevi sorprese&#8221;<\/p>\n<p>Alla vigilia dell&#8217;apertura dell&#8217;83\u00aa edizione della Mostra Internazionale del Cinema di Venezia, il direttore<strong> Alberto Barbera <\/strong>haraccontato a Sky TG24 una Mostra che promette di correre &#8220;pi\u00f9 rischi del solito&#8221;. Dieci registi su 21 non sono mai stati prima in <strong>Concorso<\/strong>, mentre sul fronte politico il direttore ha previsto polemiche per i quattro film dedicati alla <strong>Palestina<\/strong>. E ha svelato un retroscena sulla serata inaugurale: a consegnare il Leone d&#8217;oro alla carriera a<strong> George Clooney<\/strong> avrebbe dovuto essere <strong>Brad Pitt<\/strong>, alla fine per\u00f2 costretto a rinunciare per un impegno.<\/p>\n<p>10:00<\/p>\n<p>Il programma di oggi<\/p>\n<p>Prende il via oggi la <strong>83\u00aa edizione della Mostra Internazionale d&#8217;Arte Cinematografica di Venezia<\/strong>. Il Lido sar\u00e0 quasi interamente<br \/>\nmonopolizzato dall&#8217;arrivo di <strong>George Clooney<\/strong>, che in serata ricever \u00a0il<br \/>\n<strong>Leone d&#8217;Oro alla Carriera<\/strong>. Il film di apertura sar\u00e0 Ink di <strong>Danny<br \/>\nBoyle <\/strong>e con protagonisti <strong>Jack O&#8217;Connell<\/strong>, <strong>Guy Pearce<\/strong> e <strong>Claire Foy<\/strong>,che sar\u00e0 presentato in anteprima mondiale e in <strong>Concorso<\/strong>.<\/p>\n<p>In mattinata la <strong>conferenza stampa della Giuria Internazionale<\/strong>, presieduta dalla regista e attrice statunitense <strong>Maggie Gyllenhaal<\/strong>, affiancata da <strong>Daniel Blumberg<\/strong>, <strong>Francesco Casetti<\/strong>, <strong>Xavier Giannoli<\/strong>, <strong>Kaouther Ben Hania<\/strong>, <strong>Shahrbanou Sadat<\/strong> e<strong> Johnnie<br \/>\nTo<\/strong>.<\/p>\n<p>La <strong>cerimonia di apertura <\/strong>sar\u00e0 trasmessa dalle <strong>ore 18.45<\/strong>, condotta dall&#8217;attrice e regista <strong>Greta Scarano<\/strong> insieme all&#8217;attore <strong>Nicolas Maupas<\/strong>. A seguirla al Palazzo del Casin\u00f2 ci saranno, tra gli altri, il ministro della Cultura Alessandro Giuli, il presidente della Regione Veneto Alberto Stefani, e il sottosegretario al Ministero della Cultura con delega al Cinema Lucia Borgonzoni. Nel corso della cerimonia anche la &#8220;laudatio&#8221; dell&#8217;attrice statunitense <strong>Laura Dern<\/strong>.<\/p>\n<p>Leggi di pi\u00f9 <\/p>\n<p>09:45<\/p>\n<p>Greta Scarano con il ventaglio pro Pal<\/p>\n<p><strong>Greta Scarano<\/strong> e <strong>Nicolas Maupas<\/strong> sono approdati all\u2019Hotel Excelsior \u00a0al Lido per la 83\u00aa Mostra Internazionale del Cinema di Venezia. Oggi, alle ore 19, nella Sala Grande del Palazzo del Cinema, condurranno infatti la serata di apertura. Sabato 12 settembre saliranno nuovamente sul palco per la cerimonia di chiusura. In occasione del photocall, l&#8217;attrice ha lanciato\u00a0un messaggio di solidariet\u00e0 al popolo palestinese.<\/p>\n<p><a href=\"https:\/\/tg24.sky.it\/spettacolo\/cinema\/2026\/09\/01\/greta-scarano-festival-venezia-nicolas-maupas\" title=\"Mostra del Cinema, Greta Scarano al photocall con ventaglio pro Pal\" class=\"lvbg-post-link\" data-intcmp=\"skytg24_liveblog_liveblog-preview_null\" data-analytics-element=\"liveblog-preview\" rel=\"nofollow noopener\" target=\"_blank\"><img alt=\"Mostra del Cinema, Greta Scarano al photocall con ventaglio pro Pal\" style=\"opacity:0;transition:opacity 0.3s\" class=\"lvbg-post-link__image\"\/>Mostra del Cinema, Greta Scarano al photocall con ventaglio pro PalVai al contenuto <\/a><\/p>\n<p>09:30<\/p>\n<p>Giornate degli Autori, il film di apertura \u00e8 My Notes on Mars di Lili Horv\u00e1t<\/p>\n<p>Nella sezione <strong>Giornate degli Autori<\/strong> il <strong>film di apertura<\/strong> sar\u00e0 <strong>My Notes on Mars<\/strong> di <strong>Lili Horv\u00e1t <\/strong>e con <strong>Rupert Friend<\/strong>.<\/p>\n<p>Margot, una brillante giovane scienziata con un matrimonio in crisi, scompare durante un&#8217;escursione con il marito Sam. Settimane dopo, riappare miracolosamente il giorno del suo funerale. Non ricorda nulla della sua vita, tranne la sua ricerca su Marte, che \u00e8 determinata a ritrovare e distruggere. Chiaramente, non \u00e8 pi\u00f9 la stessa persona di prima, eppure Sam accoglie il ritorno di Margot come una seconda possibilit\u00e0 per il loro amore.<\/p>\n<p>Leggi di pi\u00f9 <\/p>\n<p>09:15<\/p>\n<p>Orizzonti, il film di apertura \u00e8 La ragazza con la Leica di Alina Marazzi su Gerda Taro<\/p>\n<p>Nella sezione <strong>Orizzonti<\/strong> il <strong>film di apertura <\/strong>sar\u00e0 La ragazza con la Leica di <strong>Alina Marazzi<\/strong>.<\/p>\n<p>Parigi, 14 luglio 1937. Gerda Taro trascorre insieme a Robert Capa e agli amici di sempre, con i quali \u00e8 fuggita dalla Germania nazista, l\u2019ultimo giorno prima di tornare sul fronte spagnolo. Tra passato e presente riaffiorano i momenti che hanno segnato la sua vita: l\u2019impegno politico a Lipsia accanto al suo primo amore, gli anni dell\u2019esilio a Parigi, il colpo di fulmine con Capa, la scoperta della fotografia e il desiderio, sempre pi\u00f9 forte, di usare la sua Leica come strumento di lotta e di libert\u00e0. Un ritratto della prima fotoreporter morta sul campo di battaglia, una donna che ha incarnato un tempo in cui tutto sembrava ancora possibile.<\/p>\n<p>Leggi di pi\u00f9 <\/p>\n<p>09:00<\/p>\n<p>L&#8217;arrivo di George e Amal Clooney al Lido<\/p>\n<p>Il 1\u00ba settembre <strong>George Clooney<\/strong> e la moglie <strong>Amal<\/strong> hanno raggiunto Venezia a bordo di un elegante motoscafo. Il divo di Hollywood indossava una polo blu navy abbinata a pantaloni bianchi, mentre la moglie ha scelto un completo color verde oliva dalla finitura satinata\u00a0firmato Tom Ford by Haider Ackermann.<\/p>\n<p><a href=\"https:\/\/tg24.sky.it\/spettacolo\/cinema\/2026\/09\/01\/george-clooney-amal-festival-venezia\" title=\"George e Amal Clooney arrivano alla Mostra del Cinema di Venezia. FOTO\" class=\"lvbg-post-link\" data-intcmp=\"skytg24_liveblog_liveblog-preview_null\" data-analytics-element=\"liveblog-preview\" rel=\"nofollow noopener\" target=\"_blank\"><img alt=\"George e Amal Clooney arrivano alla Mostra del Cinema di Venezia. FOTO\" style=\"opacity:0;transition:opacity 0.3s\" class=\"lvbg-post-link__image\"\/>George e Amal Clooney arrivano alla Mostra del Cinema di Venezia. FOTOVai al contenuto <\/a><\/p>\n<p>08:45<\/p>\n<p>Leone d&#8217;Oro alla Carriera a George Clooney, la laudatio di Laura Dern<\/p>\n<p>L\u2019attrice Premio Oscar <strong>Laura Dern<\/strong> terr\u00e0 la <strong>laudatio<\/strong> di <strong>George Clooney <\/strong>in occasione della consegna del <strong>Leone d\u2019Oro alla Carriera<\/strong> all\u2019attore e regista statunitense.<\/p>\n<p><a href=\"https:\/\/tg24.sky.it\/spettacolo\/cinema\/2026\/08\/30\/festival-venezia-laura-dern-george-clooney\" title=\"Mostra Cinema Venezia, Laura Dern terr\u00e0 la laudatio di George Clooney\" class=\"lvbg-post-link\" data-intcmp=\"skytg24_liveblog_liveblog-preview_null\" data-analytics-element=\"liveblog-preview\" rel=\"nofollow noopener\" target=\"_blank\"><img alt=\"Mostra Cinema Venezia, Laura Dern terr\u00e0 la laudatio di George Clooney\" style=\"opacity:0;transition:opacity 0.3s\" class=\"lvbg-post-link__image\"\/>Mostra Cinema Venezia, Laura Dern terr\u00e0 la laudatio di George ClooneyVai al contenuto <\/a><\/p>\n<p>08:30<\/p>\n<p>Ink di Danny Boyle, il film di apertura<\/p>\n<p>I <strong>protagonisti<\/strong> del <strong>film<\/strong> Ink di <strong>Danny Boyle<\/strong> sono <strong>Guy Pearce<\/strong>, <strong>Jack O\u2019 Connell <\/strong>e <strong>Claire Foy<\/strong>. La pellicola racconta la storia vera dell\u2019acquisizione del quotidiano britannico The Sun da parte del giovane magnate australiano Rupert Murdoch, avvenuta nel 1969. Il regista si concentra sull\u2019ascesa del giornale, guidata dal neo-direttore Larry Lamb, e sul gruppo di giornalisti che ha ideato un nuovo modo di fare informazione.<\/p>\n<p><a href=\"https:\/\/tg24.sky.it\/spettacolo\/cinema\/2026\/07\/16\/festival-cinema-venezia-ink-danny-boyle-film-apertura\" title=\" Mostra del Cinema di Venezia 2026, Ink di Boyle \u00e8 il film di apertura\" class=\"lvbg-post-link\" data-intcmp=\"skytg24_liveblog_liveblog-preview_null\" data-analytics-element=\"liveblog-preview\" rel=\"nofollow noopener\" target=\"_blank\"><img alt=\" Mostra del Cinema di Venezia 2026, Ink di Boyle \u00e8 il film di apertura\" style=\"opacity:0;transition:opacity 0.3s\" class=\"lvbg-post-link__image\"\/> Mostra del Cinema di Venezia 2026, Ink di Boyle \u00e8 il film di aperturaVai al contenuto <\/a><\/p>\n<p>08:15<\/p>\n<p>La cerimonia di apertura, con la conduzione di Greta Scarano e Nicolas Maupas e l&#8217;esibizione di Tutti Fenomeni<\/p>\n<p>La <strong>cerimonia di apertura<\/strong>, che \u00e8 attesa per le <strong>ore 19 <\/strong>nella<strong> Sala Grande <\/strong>del <strong>Palazzo del Cinema <\/strong>al <strong>Lido<\/strong>, e che sar\u00e0 condotta da <strong>Greta Scarano <\/strong>e da <strong>Nicolas Maupas<\/strong>, con l\u2019esibizione del cantautore e attore <strong>Tutti Fenomeni<\/strong>, prevede la proiezione del <strong>film <\/strong>in<strong> Concorso<\/strong> Ink di <strong>Danny Boyle<\/strong>.<\/p>\n<p><a href=\"https:\/\/tg24.sky.it\/spettacolo\/cinema\/2026\/09\/01\/festival-venezia-cerimonia-apertura-tutti-fenomeni\" title=\"Tutti Fenomeni si esibir\u00e0 alla cerimonia di apertura di Venezia 2026\" class=\"lvbg-post-link\" data-intcmp=\"skytg24_liveblog_liveblog-preview_null\" data-analytics-element=\"liveblog-preview\" rel=\"nofollow noopener\" target=\"_blank\"><img alt=\"Tutti Fenomeni si esibir\u00e0 alla cerimonia di apertura di Venezia 2026\" style=\"opacity:0;transition:opacity 0.3s\" class=\"lvbg-post-link__image\"\/>Tutti Fenomeni si esibir\u00e0 alla cerimonia di apertura di Venezia 2026Vai al contenuto <\/a><\/p>\n<p>08:00<\/p>\n<p>Mostra del Cinema di Venezia 2026, oggi inizia la 83\u00aa edizione<\/p>\n<p>Oggi, <strong>mercoled\u00ec 2 settembre 2026<\/strong>, inizia la <strong>83\u00aa edizione della Mostra Internazionale d\u2019Arte Cinematografica della Biennale di Venezia<\/strong>. La <strong>Giuria Internazionale del Concorso<\/strong>, che assegner\u00e0 il <strong>Leone d\u2019Oro <\/strong>a uno dei <strong>21 film <\/strong>in gara, \u00e8 presieduta dalla regista americana <strong>Maggie Gyllenhaal <\/strong>ed \u00e8 composta anche da <strong>Kaouther Ben Hania<\/strong>, <strong>Daniel Blumberg<\/strong>, <strong>Francesco Casetti<\/strong>, <strong>Xavier Giannoli<\/strong>, <strong>Shahrbanoo Sadat<\/strong> e <strong>Johnnie To<\/strong>.<\/p>\n<p><a href=\"https:\/\/tg24.sky.it\/spettacolo\/cinema\/2026\/08\/28\/festival-venezia-2026\" title=\"Mostra del Cinema di Venezia 2026, quando inizia e cosa sapere\" class=\"lvbg-post-link\" data-intcmp=\"skytg24_liveblog_liveblog-preview_null\" data-analytics-element=\"liveblog-preview\" rel=\"nofollow noopener\" target=\"_blank\"><img alt=\"Mostra del Cinema di Venezia 2026, quando inizia e cosa sapere\" style=\"opacity:0;transition:opacity 0.3s\" class=\"lvbg-post-link__image\"\/>Mostra del Cinema di Venezia 2026, quando inizia e cosa sapereVai al contenuto <\/a><br \/>\n      <script async src=\"https:\/\/platform.twitter.com\/widgets.js\" charset=\"utf-8\"><\/script><script async src=\"\/\/www.instagram.com\/embed.js\"><\/script><\/p>\n","protected":false},"excerpt":{"rendered":"Oggi, mercoled\u00ec 2 settembre 2026, inizia la 83\u00aa edizione della Mostra Internazionale d\u2019Arte Cinematografica della Biennale di Venezia&hellip;\n","protected":false},"author":3,"featured_media":661481,"comment_status":"","ping_status":"","sticky":false,"template":"","format":"standard","meta":{"footnotes":"","_share_on_mastodon":"0"},"categories":[174],"tags":[637,28119,203,53874,454,204,1537,90,89],"class_list":["post-661480","post","type-post","status-publish","format-standard","has-post-thumbnail","category-intrattenimento","tag-attori","tag-attrici","tag-entertainment","tag-festival-di-venezia","tag-film","tag-intrattenimento","tag-it","tag-italia","tag-italy"],"share_on_mastodon":{"url":"https:\/\/pubeurope.com\/@it\/117201722861077324","error":""},"_links":{"self":[{"href":"https:\/\/www.europesays.com\/it\/wp-json\/wp\/v2\/posts\/661480","targetHints":{"allow":["GET"]}}],"collection":[{"href":"https:\/\/www.europesays.com\/it\/wp-json\/wp\/v2\/posts"}],"about":[{"href":"https:\/\/www.europesays.com\/it\/wp-json\/wp\/v2\/types\/post"}],"author":[{"embeddable":true,"href":"https:\/\/www.europesays.com\/it\/wp-json\/wp\/v2\/users\/3"}],"replies":[{"embeddable":true,"href":"https:\/\/www.europesays.com\/it\/wp-json\/wp\/v2\/comments?post=661480"}],"version-history":[{"count":0,"href":"https:\/\/www.europesays.com\/it\/wp-json\/wp\/v2\/posts\/661480\/revisions"}],"wp:featuredmedia":[{"embeddable":true,"href":"https:\/\/www.europesays.com\/it\/wp-json\/wp\/v2\/media\/661481"}],"wp:attachment":[{"href":"https:\/\/www.europesays.com\/it\/wp-json\/wp\/v2\/media?parent=661480"}],"wp:term":[{"taxonomy":"category","embeddable":true,"href":"https:\/\/www.europesays.com\/it\/wp-json\/wp\/v2\/categories?post=661480"},{"taxonomy":"post_tag","embeddable":true,"href":"https:\/\/www.europesays.com\/it\/wp-json\/wp\/v2\/tags?post=661480"}],"curies":[{"name":"wp","href":"https:\/\/api.w.org\/{rel}","templated":true}]}}