{"id":661488,"date":"2026-09-02T13:41:16","date_gmt":"2026-09-02T13:41:16","guid":{"rendered":"https:\/\/www.europesays.com\/it\/661488\/"},"modified":"2026-09-02T13:41:16","modified_gmt":"2026-09-02T13:41:16","slug":"violenza-a-torino-su-una-13enne-la-procura-ricorre-contro-scarcerazione","status":"publish","type":"post","link":"https:\/\/www.europesays.com\/it\/661488\/","title":{"rendered":"Violenza a Torino su una 13enne, la Procura ricorre contro scarcerazione"},"content":{"rendered":"<p>La procura di Torino impugner\u00e0 al tribunale del Riesame il provvedimento con il quale il gip ha disposto l&#8217;obbligo di firma, senza neppure convalidare il fermo, del 42enne arrestato lo scorso sabato dalla polizia per aver molestato una tredicenne che era entrata nel suo negozio. Una notizia appresa in ambienti giudiziari e che arriva dopo che il gip aveva riconosciuto l&#8217;esistenza dei gravi indizi di colpevolezza, ma non aveva convalidato il fermo per la mancanza del pericolo di fuga. Quanto alle esigenze cautelari, a parere del giudice, potevano essere garantite dalla misura restrittiva dell&#8217;obbligo di firma. La decisione aveva subito acceso le reazioni politiche, con il ministro della Giustizia Carlo Nordio che ha mandato gli ispettori nel capoluogo piemontese.<\/p>\n<p>\t\t \tSalvini: &#8220;Castrazione chimica \u00e8 soluzione&#8221;<\/p>\n<p>Sul tema \u00e8 intervenuto anche il segretario della Lega Matteo Salvini, che ha dichiarato: &#8220;Se uno violenta una bambina di 13 anni deve prendere dei farmaci che impediscano di rimettere per il resto dei suoi giorni le mani addosso su dei bambini. Non mi accontento del carcere ed \u00e8 surreale che il giudice abbia detto &#8216;l&#8217;ho trovato pentito&#8217;, ma la castrazione chimica che \u00e8 gi\u00e0 in vigore in diversi Paesi civili occidentali \u00e8 la soluzione&#8221;.\u00a0<\/p>\n<p>Caiazza: &#8220;Qui si parla di misura cautelare&#8221;<\/p>\n<p>&#8220;Qui si discute della misura cautelare, il giudice non sta condannando o liberando l&#8217;indagato. Piuttosto bisogna seguire il processo. Ma, se uno legge l&#8217;ordinanza, non c&#8217;\u00e8 nessuno stupro. C&#8217;\u00e8 un atto di violenza sessuale, cos\u00ec qualificato dalla legge, che \u00e8 un palpeggiamento fugace, che io non sminuisco minimamente&#8221;, dice Gian Domenico Caiazza, gi\u00e0 presidente dell&#8217;Unione delle Camere Penali Italiane, che ha commentato la non convalida del fermo del 42enne bengalese indagato per la violenza sessuale su una 13enne a Torino. &#8220;Quando ho letto la notizia, mi sono chiesto come sia possibile che un giudice possa prendere un provvedimento simile. E ovviamente non \u00e8 possibile. Quindi \u00e8 una cosa che \u00e8 completamente diversa da uno stupro. Non \u00e8 che se la legge usa un&#8217;unica locuzione, violenza sessuale, dobbiamo dire che \u00e8 stupro anche la famosa pacca sul sedere. Questo \u00e8 uno dei casi classici fatti &#8220;di minima gravit\u00e0&#8221;, pur essendo invece contestate le aggravanti della minore et\u00e0 della ragazza. \u00c8 chiaro che il giudice nella fase cautelare non sta dando la pena, deve semplicemente stabilire se metterlo o meno in carcere in questa fase. Capisco che il pm chieda la misura in carcere, perch\u00e9 c&#8217;era quel precedente di 40 minuti prima. Si pu\u00f2 discutere, ma partendo da una premessa: qui non c&#8217;\u00e8 uno stupro di una minorenne. La rappresentazione del fatto \u00e8 alterata. Riconduciamo le cose al loro preciso valore. Il giudice ha valorizzato il fatto, lo descrive molto bene. La ragazza conosce l&#8217;uomo, perch\u00e9 va a fare spesso la spesa l\u00ec. C&#8217;\u00e8 un rapporto di cordialit\u00e0, lui le regala le cose, lei chiacchiera con lui, povera ragazza. A un certo punto lui le dice &#8220;abbracciami&#8221;, lei l&#8217;abbraccia. Le ripete &#8220;abbracciami un&#8217;altra volta&#8221;, e si abbracciano un&#8217;altra volta. Al secondo abbraccio le mette le mani sul seno e dice: &#8220;Bello&#8221;. Ontologicamente, il fatto \u00e8 questo qui. In pi\u00f9, l&#8217;uomo ha dato il suo contributo, il giudice lo valorizza. Gli si potevano dare i domiciliari e non l&#8217;obbligo di firma. Qui la discussione \u00e8 liberissima, ma non \u00e8 che \u00e8 accaduta una mostruosit\u00e0 inspiegabile&#8221;, ha dichiarato.<\/p>\n<p>\t\t\t<a class=\"c-inline-card j-inline-card c-inline-card--with-image\" href=\"https:\/\/tg24.sky.it\/cronaca\/2026\/09\/01\/violenza-sessuale-torino-scarcerazione\" rel=\"follow nofollow noopener\" data-intcmp=\"skytg24_articolo_approfondimenti_inline\" target=\"_blank\"><\/p>\n<p>\t\t\t         <img decoding=\"async\" crossorigin=\"anonymous\" alt=\"\"  loading=\"lazy\"  src=\"https:\/\/www.europesays.com\/it\/wp-content\/uploads\/2026\/09\/528E2107C0682E9FBE7EB366E871FB20.JPG\"\/><\/p>\n<p>\n\t\t\t         Leggi anche<br \/>\n\t\t\t         Violenta 13enne, il gip lo scarcera. Nordio invia ispettori\n\t\t\t      <\/p>\n<p>\t\t\t<\/a><\/p>\n<p>\t\t \tI controlli sull&#8217;attivit\u00e0<\/p>\n<p>Intanto la scritta &#8220;Pedofilo infame, in mano al popolo&#8221; \u00e8 comparsa sulle serrande abbassate del minimarket di Torino dove sabato si sarebbero consumate le due violenze sessuali da parte del 42enne, prima ai danni di una donna e poi della tredicenne. La chiusura del negozio, per\u00f2, non \u00e8 una conseguenza di un provvedimento della polizia. Da alcuni giorni sono infatti in corso accertamenti tecnici e amministrativi sulla gestione dell&#8217;attivit\u00e0. Durante i controlli sono emerse alcune irregolarit\u00e0, tra cui il mancato pagamento delle bollette dell&#8217;energia elettrica, con il distacco della corrente e lo spegnimento dei frigoriferi. Le serrande sono state quindi abbassate con gli accertamenti della polizia che sono destinati a proseguire.\u00a0<br \/>Dall&#8217;esito dei controlli, a quanto si apprende, verr\u00e0 deciso se adottare un provvedimento di chiusura, misura che al momento non \u00e8 stata disposta.\u00a0<\/p>\n<p>\t\t\t<a class=\"c-inline-card j-inline-card c-inline-card--with-image\" href=\"https:\/\/tg24.sky.it\/cronaca\/video\/2026\/09\/02\/torino-violenza-13enne-scarcerato-1121440\" rel=\"follow nofollow noopener\" data-intcmp=\"skytg24_articolo_approfondimenti_inline\" target=\"_blank\"><\/p>\n<p>\t\t\t         <img decoding=\"async\" crossorigin=\"anonymous\" alt=\"\"  loading=\"lazy\"  src=\"https:\/\/www.europesays.com\/it\/wp-content\/uploads\/2026\/09\/1121440_1788340142240_thumb_494.0000001_1788341035845.jpg\"\/><\/p>\n<p>\n\t\t\t         Vedi anche<br \/>\n\t\t\t         Abusi su 13enne, ispettori a Torino dopo scarcerazione\n\t\t\t      <\/p>\n<p>\t\t\t<\/a><\/p>\n","protected":false},"excerpt":{"rendered":"La procura di Torino impugner\u00e0 al tribunale del Riesame il provvedimento con il quale il gip ha disposto&hellip;\n","protected":false},"author":3,"featured_media":661489,"comment_status":"","ping_status":"","sticky":false,"template":"","format":"standard","meta":{"footnotes":"","_share_on_mastodon":"0"},"categories":[79],"tags":[72548,14,93,94,369,1537,90,89,7,15,1641,11,84,91,12,85,92,9355],"class_list":["post-661488","post","type-post","status-publish","format-standard","has-post-thumbnail","category-italia","tag-abusi-su-minori","tag-cronaca","tag-cronaca-italiana","tag-cronacaitaliana","tag-digitall","tag-it","tag-italia","tag-italy","tag-news","tag-notizie","tag-torino","tag-ultime-notizie","tag-ultime-notizie-e-news-di-oggi","tag-ultime-notizie-italia","tag-ultimenotizie","tag-ultimenotizieenewsdioggi","tag-ultimenotizieitalia","tag-violenza-sessuale"],"share_on_mastodon":{"url":"https:\/\/pubeurope.com\/@it\/117201738549366464","error":""},"_links":{"self":[{"href":"https:\/\/www.europesays.com\/it\/wp-json\/wp\/v2\/posts\/661488","targetHints":{"allow":["GET"]}}],"collection":[{"href":"https:\/\/www.europesays.com\/it\/wp-json\/wp\/v2\/posts"}],"about":[{"href":"https:\/\/www.europesays.com\/it\/wp-json\/wp\/v2\/types\/post"}],"author":[{"embeddable":true,"href":"https:\/\/www.europesays.com\/it\/wp-json\/wp\/v2\/users\/3"}],"replies":[{"embeddable":true,"href":"https:\/\/www.europesays.com\/it\/wp-json\/wp\/v2\/comments?post=661488"}],"version-history":[{"count":0,"href":"https:\/\/www.europesays.com\/it\/wp-json\/wp\/v2\/posts\/661488\/revisions"}],"wp:featuredmedia":[{"embeddable":true,"href":"https:\/\/www.europesays.com\/it\/wp-json\/wp\/v2\/media\/661489"}],"wp:attachment":[{"href":"https:\/\/www.europesays.com\/it\/wp-json\/wp\/v2\/media?parent=661488"}],"wp:term":[{"taxonomy":"category","embeddable":true,"href":"https:\/\/www.europesays.com\/it\/wp-json\/wp\/v2\/categories?post=661488"},{"taxonomy":"post_tag","embeddable":true,"href":"https:\/\/www.europesays.com\/it\/wp-json\/wp\/v2\/tags?post=661488"}],"curies":[{"name":"wp","href":"https:\/\/api.w.org\/{rel}","templated":true}]}}